{"id":6838,"date":"2017-06-01T00:52:13","date_gmt":"2017-06-01T03:52:13","guid":{"rendered":"http:\/\/www.caule.com.br\/?p=1482"},"modified":"2023-04-04T15:56:19","modified_gmt":"2023-04-04T15:56:19","slug":"alergia-a-cosmeticos-2","status":"publish","type":"post","link":"https:\/\/blog.caule.com.br\/blog-2\/2017\/alergia-a-cosmeticos-2\/","title":{"rendered":"Alergia \u00e0 cosm\u00e9ticos &#8211; Evite usando cosm\u00e9ticos naturais"},"content":{"rendered":"<p>H\u00e1 cerca de um ano comecei um estudo sobre <strong>alergia \u00e0 cosm\u00e9ticos convencionais<\/strong> x cosm\u00e9ticos naturais, org\u00e2nicos e veganos.<\/p>\n<p><strong>Post atualizado em 30\/08\/2021 &#8211; Escrito pela Agente de Beleza Integral, revendedora Caule, Alinne Mirelle N. de Menezes.<\/strong><\/p>\n<p>Em minhas primeiras leituras fui <strong>impactada por informa\u00e7\u00f5es assustadoras<\/strong> sobre os cosm\u00e9ticos convencionais, incluindo a alergia \u00e0 cosm\u00e9ticos.<\/p>\n<p>Descobrir que eu e minha fam\u00edlia est\u00e1vamos submetidos diariamente a uma <strong>contamina\u00e7\u00e3o involunt\u00e1ria de subst\u00e2ncias sint\u00e9ticas.<\/strong> foi chocante para mim.<\/p>\n<p>Ao mesmo tempo em que foi animador saber que tamb\u00e9m t\u00ednhamos, a partir dali, <strong>alternativas saud\u00e1veis<\/strong> ao nosso alcance.<\/p>\n<p>Inspirada pela Janine Schmitz, idealizadora da Caule, tenho me <strong>dedicado \u00e0 causa, \u00e0 experimenta\u00e7\u00e3o, \u00e0 divulga\u00e7\u00e3o<\/strong> e continuado com os estudos.<\/p>\n<p>Em nossas <strong>\u201ctrocas de ideias\u201d<\/strong>, surgem pautas incr\u00edveis, que me trazem muito conhecimento.<\/p>\n<p>A de hoje \u00e9 <strong>sobre alergia<\/strong>. Apesar de at\u00e9 me sentir familiarizada com o assunto, sinceramente, ainda me surpreendi muito com o que pesquisei sobre esse tema. S\u00e3o <strong>informa\u00e7\u00f5es bem relevantes.<\/strong><\/p>\n<p><strong>Olha o v\u00eddeo que a Janine fez sobre alergias \u00e0 cosm\u00e9ticos:<\/strong><\/p>\n<div class=\"jetpack-video-wrapper\"><iframe loading=\"lazy\" title=\"Alergia a cosm\u00e9ticos e produtos de limpeza e detox ayurveda\" width=\"800\" height=\"450\" src=\"https:\/\/www.youtube.com\/embed\/x3q-6H4Ucbk?feature=oembed\" frameborder=\"0\" allow=\"accelerometer; autoplay; clipboard-write; encrypted-media; gyroscope; picture-in-picture; web-share\" allowfullscreen><\/iframe><\/div>\n<h2>Alergias \u00e0 cosm\u00e9ticos aumentam<\/h2>\n<p>Atualmente \u00e9 t\u00e3o comum encontrar <strong>pessoas al\u00e9rgicas<\/strong> que o assunto at\u00e9 parece estar banalizado, como modismo. Mas n\u00e3o \u00e9. \u00c9 s\u00e9rio!<\/p>\n<p>Principalmente porque os grandes vil\u00f5es da nossa sa\u00fade n\u00e3o t\u00eam sido meramente os alimentos, como voc\u00ea deve estar pensando.<\/p>\n<p>A <strong>alergia \u00e0 cosm\u00e9ticos \u00e9 uma quest\u00e3o muito relevante<\/strong>, s\u00f3 que n\u00e3o est\u00e1 t\u00e3o em foco.<\/p>\n<p>A Associa\u00e7\u00e3o Brasileira de Alergia e Imunologia (Asbai), em um relat\u00f3rio divulgado em mar\u00e7o de 2017, faz um alerta sobre <strong>os cosm\u00e9ticos como sendo OS MAIORES CAUSADORES DE ALERGIAS.<\/strong><\/p>\n<p><strong>Esmaltes, l\u00e1pis de olho, batom, tinta para cabelo<\/strong> s\u00e3o os mais destacados por conter metais pesados.<\/p>\n<p>Encontre <strong>maquiagem natural saud\u00e1vel<\/strong> e segura aqui: <a href=\"https:\/\/caule.com.br\/categoria-higiene-e-beleza\/categoria-rosto\/categoria-maquiagem-natural\" target=\"_blank\" rel=\"noopener\">Maquiagem Vegana<\/a><\/p>\n<p>Foi o aumento da <strong>busca pela beleza<\/strong>, especialmente <strong>por n\u00f3s mulheres<\/strong>, que levou ao incremento de produtos <strong>cosm\u00e9ticos segmentados<\/strong>, com produtos inclusive para a pele e cabelo infantil.<\/p>\n<p>Com isso, a quantidade de produtos cresce, aumentando tamb\u00e9m o contato com diferentes <strong>ingredientes sintetizados <\/strong>nas formula\u00e7\u00f5es.<\/p>\n<p>Hoje, mais de <strong>13 mil mat\u00e9rias-primas<\/strong> s\u00e3o utilizadas sob mais de <strong>30 mil diferentes denomina\u00e7\u00f5es<\/strong> comerciais. Como n\u00e3o seria grande o \u00edndice de alergia aos cosm\u00e9ticos?<\/p>\n<h2>Sentindo na pele<\/h2>\n<p>Sendo <strong>a pele o maior \u00f3rg\u00e3o do corpo humano<\/strong>, \u00e9 tamb\u00e9m aquele que <strong>est\u00e1 mais exposto a agentes<\/strong> que podem <strong>provocar alergias.<\/strong><\/p>\n<p>Isso porque <strong>os poros s\u00e3o como canudos: absorvem tudo<\/strong> que \u00e9 passado sobre o corpo.<\/p>\n<p>Essa \u00e9, inclusive, uma raz\u00e3o para que estudos apontem que mais <strong>toxinas e venenos est\u00e3o entrando no nosso organismo<\/strong> por meio dos cosm\u00e9ticos do que por alimentos.<\/p>\n<p>Outras pesquisas importantes apontam ainda que:<\/p>\n<ul>\n<li>cosm\u00e9ticos acumulam quase <strong>2,5 kg de qu\u00edmicos t\u00f3xicos<\/strong>\u00a0<strong>por ano<\/strong> no nosso corpo;<\/li>\n<li>alguns <strong>ingredientes sint\u00e9ticos<\/strong> est\u00e3o correlacionados \u00e0 <strong>obesidade infantil e adulta<\/strong>;<\/li>\n<li>doen\u00e7as como <strong>c\u00e2ncer de mama e o envelhecimento da pele<\/strong> est\u00e3o correlacionadas tamb\u00e9m aos <strong>parabenos<\/strong>;<\/li>\n<li>cabeleireiros e barbeiros t\u00eam <strong>5x mais chances<\/strong> de desenvolver <strong>c\u00e2ncer de bexiga<\/strong> ap\u00f3s 10 anos de profiss\u00e3o;<\/li>\n<li>produtos de higiene e beleza convencionais chegam a ser <strong>99% sint\u00e9ticos<\/strong>;<\/li>\n<li>em m\u00e9dia, as <strong>mulheres<\/strong> utilizam <strong>12 tipos<\/strong> de cosm\u00e9ticos e produtos de higiene por dia; os <strong>homens<\/strong>, utilizam aproximadamente <strong>6 tipos<\/strong>.<\/li>\n<\/ul>\n<p><a href=\"https:\/\/www.caule.com.br\/categoria-higiene-e-beleza\" target=\"_blank\" rel=\"noopener\"><img decoding=\"async\" class=\"alignnone wp-image-8009 size-full\" src=\"http:\/\/caule.com.br\/blog-2\/wp-content\/uploads\/2017\/06\/clique-e-compre.jpg\" alt=\"Clique aqui e compre produtos de higiene e beleza naturais, Loja Caule.\" width=\"1200\" height=\"200\" srcset=\"https:\/\/blog.caule.com.br\/blog-2\/wp-content\/uploads\/2017\/06\/clique-e-compre.jpg 1200w, https:\/\/blog.caule.com.br\/blog-2\/wp-content\/uploads\/2017\/06\/clique-e-compre-300x50.jpg 300w, https:\/\/blog.caule.com.br\/blog-2\/wp-content\/uploads\/2017\/06\/clique-e-compre-1024x171.jpg 1024w, https:\/\/blog.caule.com.br\/blog-2\/wp-content\/uploads\/2017\/06\/clique-e-compre-768x128.jpg 768w\" sizes=\"(max-width: 1200px) 100vw, 1200px\" \/><\/a><\/p>\n<p>.<\/p>\n<h2>Rea\u00e7\u00f5es al\u00e9rgicas<\/h2>\n<p>Todo esse coquetel de qu\u00edmicos nocivos traz rea\u00e7\u00f5es al\u00e9rgicas. As mais comuns causadas por alergia \u00e0 cosm\u00e9ticos s\u00e3o:<\/p>\n<p><strong>1- Dermatite de Contato Irritativa:<\/strong> \u00e9 a mais comum e se caracteriza por coceira, queima\u00e7\u00e3o e sensa\u00e7\u00e3o de &#8220;picadas&#8221;, surgindo logo ap\u00f3s a aplica\u00e7\u00e3o do produto;<\/p>\n<p><strong>2- Dermatite de Contato por hipersensibilidade<\/strong>: resulta da sensibiliza\u00e7\u00e3o al\u00e9rgica e n\u00e3o depende de a\u00e7\u00e3o irritante ou t\u00f3xica do produto sobre a pele.<\/p>\n<p><strong>Confere esse v\u00eddeo sobre dermatite de contato:<\/strong><\/p>\n<div class=\"jetpack-video-wrapper\"><iframe loading=\"lazy\" title=\"Dermatite de contato - causas e como cuidar\" width=\"800\" height=\"450\" src=\"https:\/\/www.youtube.com\/embed\/2b9jN1zhf-c?feature=oembed\" frameborder=\"0\" allow=\"accelerometer; autoplay; clipboard-write; encrypted-media; gyroscope; picture-in-picture; web-share\" allowfullscreen><\/iframe><\/div>\n<p>.<\/p>\n<p>A Asbai (Associa\u00e7\u00e3o Brasileira de Alergia e Imunologia) ressalta que a alergia n\u00e3o aparece na primeira vez em que \u00e9 usado o produto, mas sim com o passar do tempo em raz\u00e3o desses <strong>ingredientes<\/strong> serem <strong>biocumulativos<\/strong> no organismo da gente.<\/p>\n<p>Os principais sintomas s\u00e3o: <strong>vermelhid\u00e3o na pele, incha\u00e7o, forma\u00e7\u00e3o de bolhas, coceira.<\/strong><\/p>\n<p><img decoding=\"async\" class=\"alignnone\" src=\"https:\/\/static.tuasaude.com\/media\/article\/4j\/uc\/alergia-a-cachorro_15059_l.jpg\" alt=\"Formas de alergia a cosm\u00e9ticos\" width=\"640\" height=\"427\" \/><\/p>\n<p>Qualquer rea\u00e7\u00e3o al\u00e9rgica merece aten\u00e7\u00e3o. Se n\u00e3o houver cuidado, <strong>a alergia pode evoluir para algo mais grave,<\/strong> infeccionando a les\u00e3o e necessitando de um tratamento mais s\u00e9rio.<\/p>\n<p>E quem j\u00e1 \u00e9 al\u00e9rgico a um produto, cuidado! A chance de ser <strong>al\u00e9rgico<\/strong> a outros \u00e9 maior, pois a maioria deles t\u00eam em suas f\u00f3rmulas alguns componentes comuns, como os <strong>conservantes.<\/strong><\/p>\n<p>Atente aos sinais da tua pele e mucosas, pode ser um <strong>alerta de alergia aos cosm\u00e9ticos.<\/strong><\/p>\n<h2>Os vil\u00f5es que causam alergia aos cosm\u00e9ticos<\/h2>\n<p>Um dos grandes problemas dos cosm\u00e9ticos convencionais est\u00e1 relacionado aos <strong>conservantes<\/strong> utilizados em suas formula\u00e7\u00f5es.<\/p>\n<p>A fun\u00e7\u00e3o deles \u00e9 inibir a prolifera\u00e7\u00e3o microbiana, por\u00e9m <strong>n\u00e3o existem conservantes artificiais (sint\u00e9ticos)<\/strong> que fa\u00e7am de forma <strong>eficiente sem causar danos<\/strong> ao nosso organismo.<\/p>\n<p>Os <strong>conservantes mais irritativos<\/strong> e que desencadeiam processos al\u00e9rgicos s\u00e3o:<\/p>\n<ul>\n<li>os parabenos;<\/li>\n<li>\u00e1cido benzoico e seus derivados;<\/li>\n<li>formalde\u00eddo;<\/li>\n<li>clorometilisotiazolona\/metilisotiazolona;<\/li>\n<li>clorexedina;<\/li>\n<li>cloreto de benzalc\u00f4nio;<\/li>\n<li>propilenoglicol;<\/li>\n<li>tioglicolato de gliceril.<\/li>\n<\/ul>\n<p>Al\u00e9m desses, confere aqui em nosso guia outras subst\u00e2ncias nocivas presentes em muitos produtos convencionais:<\/p>\n<p><strong>Clique aqui agora para se aprofundar mais nesse conte\u00fado baixando nosso e-book gratuito <a href=\"https:\/\/materiais.caule.com.br\/guia-de-cosmeticos\" target=\"_blank\" rel=\"noopener noreferrer\">Guia de Consumo de Cosm\u00e9ticos Saud\u00e1veis para Pessoas e o Planeta.\u00a0<\/a><\/strong><\/p>\n<h2>Polui\u00e7\u00e3o perfumada<\/h2>\n<p>J\u00e1 sabe quais s\u00e3o os grandes vil\u00f5es da cosmetologia? As <strong>fragr\u00e2ncias.<\/strong><\/p>\n<p>Elas que est\u00e3o presentes em <strong>shampoos, condicionadores, sabonetes, hidratantes, perfumes&#8230;<\/strong><\/p>\n<p>As fragr\u00e2ncias formam um grupo de mais de <strong>3.000 subst\u00e2ncias<\/strong> que s\u00e3o usadas numa ampla variedade de produtos, incluindo os chamados \u201csem perfume\u201d, com o intuito de <strong>disfar\u00e7ar odores indesejados<\/strong> de alguns componentes da formula\u00e7\u00e3o.<\/p>\n<p>Os <strong>esmaltes de unhas<\/strong> tamb\u00e9m figuram entre os maiores alerg\u00eanicos devido a resina <strong>tonsilamina\/formalde\u00eddo.<\/strong><\/p>\n<p>Essa resina causa eczemas principalmente <strong>nas p\u00e1lpebras e regi\u00e3o do pesco\u00e7o<\/strong>, mas raramente afetando a regi\u00e3o ao redor das unhas.<\/p>\n<p>Em estudo realizado, a positividade de rea\u00e7\u00e3o al\u00e9rgica \u00e0 tonsilamina chegou a <strong>70,7%.<\/strong><\/p>\n<p>Ent\u00e3o observe, deu <strong>coceira\/vermelhid\u00e3o na \u00e1rea do pesco\u00e7o e\/ou p\u00e1lpebras<\/strong> pode ser caso de alergia a cosm\u00e9ticos, especialmente ao esmalte.<\/p>\n<h2>As crian\u00e7as s\u00e3o mais vulner\u00e1veis<\/h2>\n<p>As crian\u00e7as tamb\u00e9m s\u00e3o <strong>v\u00edtimas da ind\u00fastria<\/strong> cosm\u00e9tica. Os beb\u00eas t\u00eam a pele muito sens\u00edvel.<\/p>\n<p>Portanto, ficam suscet\u00edveis a muitos venenos que est\u00e3o camuflados em forma de <strong>fragr\u00e2ncias \u201cagrad\u00e1veis\u201d,<\/strong> como tamb\u00e9m os corantes e outras <strong>subst\u00e2ncias alerg\u00eanicas.<\/strong><\/p>\n<p>Uma publica\u00e7\u00e3o americana intitulada \u201cBaby Care Products\u201d afirma que <strong>crian\u00e7as e beb\u00eas s\u00e3o mais vulner\u00e1veis<\/strong> a produtos qu\u00edmicos <strong>sint\u00e9ticos.<\/strong><\/p>\n<p>Est\u00e3o presentes, principalmente, em: <strong>shampoos, sabonetes, lo\u00e7\u00f5es, pomadas e len\u00e7os umedecidos.<\/strong><\/p>\n<p>O ideal seria usar apenas <strong>cosm\u00e9ticos naturais e org\u00e2nicos<\/strong> devido aos muitos <strong>benef\u00edcios funcionais e ambientais.<\/strong><\/p>\n<p><a href=\"https:\/\/caule.com.br\/busca?search=beb%C3%AA\" target=\"_blank\" rel=\"noopener\"><img decoding=\"async\" class=\"alignnone wp-image-8010 size-full\" src=\"http:\/\/caule.com.br\/blog-2\/wp-content\/uploads\/2017\/06\/clique-e-compre-bebe.jpg\" alt=\"Clique e compre cosm\u00e9ticos naturais para beb\u00eas agora, Loja Caule.\" width=\"1200\" height=\"200\" srcset=\"https:\/\/blog.caule.com.br\/blog-2\/wp-content\/uploads\/2017\/06\/clique-e-compre-bebe.jpg 1200w, https:\/\/blog.caule.com.br\/blog-2\/wp-content\/uploads\/2017\/06\/clique-e-compre-bebe-300x50.jpg 300w, https:\/\/blog.caule.com.br\/blog-2\/wp-content\/uploads\/2017\/06\/clique-e-compre-bebe-1024x171.jpg 1024w, https:\/\/blog.caule.com.br\/blog-2\/wp-content\/uploads\/2017\/06\/clique-e-compre-bebe-768x128.jpg 768w\" sizes=\"(max-width: 1200px) 100vw, 1200px\" \/><\/a><\/p>\n<h2>Cosm\u00e9ticos do bem<\/h2>\n<p>Na contram\u00e3o de tudo isso est\u00e3o os <strong>cosm\u00e9ticos naturais ou biocosm\u00e9sticos. <\/strong><\/p>\n<p>Eles possuem, geralmente, em sua composi\u00e7\u00e3o mais de <strong>90% de ingredientes naturais<\/strong>, podendo ser org\u00e2nicos e veganos.<\/p>\n<p>Diferentemente das subst\u00e2ncias qu\u00edmicas sint\u00e9ticas, <strong>os ingredientes naturais s\u00e3o biodegrad\u00e1veis e hipoalerg\u00eanicos.<\/strong><\/p>\n<p>Ou seja, mesmo havendo possibilidade de causar alguma rea\u00e7\u00e3o adversa, a probabilidade disso acontecer <strong>\u00e9 bem menor ou menos agressiva.<\/strong><\/p>\n<p>Al\u00e9m disso, h\u00e1 grande probabilidade de <strong>ingredientes sint\u00e9ticos causarem alergias ou disfun\u00e7\u00f5es hormonais.<\/strong><\/p>\n<p>Mas a grande diferen\u00e7a entre os cosm\u00e9ticos naturais e os cosm\u00e9ticos convencionais, \u00e9 melhor entendida quando <strong>comparamos suas mol\u00e9culas.<\/strong><\/p>\n<p>Enquanto as <strong>mol\u00e9culas naturais<\/strong> foram criadas na natureza, <strong>t\u00eam milh\u00f5es de anos<\/strong>, s\u00e3o um bem comum, s\u00e3o facilmente identificadas e <strong>digeridas no corpo e no ambiente.<\/strong><\/p>\n<p>As <strong>mol\u00e9culas artificiais<\/strong> foram criadas pelo ser humano h\u00e1 <strong>menos de cem anos<\/strong>. Geralmente possuem um \u00fanico dono (patente).<\/p>\n<p>No corpo e na natureza <strong>n\u00e3o s\u00e3o digeridas ou biodegrad\u00e1veis<\/strong>, n\u00e3o s\u00e3o identificadas ou s\u00e3o confundidas com elementos naturais causando a <strong>desregula\u00e7\u00e3o do sistema end\u00f3crino<\/strong>, geralmente poluem e <strong>s\u00e3o alerg\u00eanicas.<\/strong><\/p>\n<h2>Alerta<\/h2>\n<p>Um estudo da Universidade do Vale de Itaja\u00ed (Univali \u2013SC) aponta que cerca de <strong>20% da popula\u00e7\u00e3o<\/strong> apresenta alguma <strong>dermatite<\/strong>, sendo as <strong>mulheres as principais v\u00edtimas<\/strong>.<\/p>\n<p>O <strong>rosto \u00e9 a regi\u00e3o mais atingida.<\/strong> \u00c9 bem poss\u00edvel, ainda, a ocorr\u00eancia de rea\u00e7\u00f5es cruzadas.<\/p>\n<p><strong>Veja este post que fizemos sobre:<\/strong><\/p>\n<ul>\n<li class=\"elementor-post__title\"><strong><a href=\"https:\/\/blog.caule.com.br\/blog-2\/2020\/dermatite-de-contato-como-tratar\/\">Dermatite de contato \u2013 como tratar com produtos naturais?<\/a><\/strong><\/li>\n<\/ul>\n<p>A pesquisa destaca que os profissionais de <strong>beleza, esteticistas, m\u00e9dicos, profissionais de enfermagem, dentistas, pod\u00f3logos e cabelereiros<\/strong> est\u00e3o mais propensos \u00e0s rea\u00e7\u00f5es adversas.<\/p>\n<p>Devido estarem em <strong>contato di\u00e1rio<\/strong> com produtos potencialmente alerg\u00eanicos, tornando-os sens\u00edveis.<\/p>\n<p>Se voc\u00ea est\u00e1 nesse grupo de profissionais fique atenta, pode ter alergia aos cosm\u00e9ticos e n\u00e3o estar <strong>tratando a causa da quest\u00e3o.<\/strong><\/p>\n<p>A Sociedade Brasileira de Dermatologia, quando existe a suspeita de se tratar de uma dermatite al\u00e9rgica, indica a realiza\u00e7\u00e3o do <strong>teste de contato.<\/strong><\/p>\n<p>\u00c9 um m\u00e9todo no qual o m\u00e9dico aplica no dorso do paciente os <strong>agentes<\/strong> mais prov\u00e1veis de terem causado a rea\u00e7\u00e3o.<\/p>\n<p>O teste \u00e9 aplicado num dia e retirado ap\u00f3s dois dias. \u00a0O resultado final poder\u00e1 ser definido ap\u00f3s um a dois dias da retirada dos mesmos, o que implica tr\u00eas visitas ao consult\u00f3rio m\u00e9dico.<\/p>\n<h2>Alergia durante a gravidez<\/h2>\n<p>Sabia que a <strong>alergia na pele na gravidez<\/strong> pode acontecer devido \u00e0s <strong>altera\u00e7\u00f5es hormonais<\/strong> e do sistema imune que ocorrem naturalmente durante este per\u00edodo?<\/p>\n<p>Isso pode deixar a gr\u00e1vida mais <strong>sens\u00edvel e suscet\u00edvel<\/strong> ao surgimento de uma alergia.<\/p>\n<p>A recomenda\u00e7\u00e3o \u00e9 tentar acalmar a pele com cremes ou lo\u00e7\u00f5es com <strong>camomila, lavanda ou babosa.<\/strong> Naturais, \u00e9 claro!<\/p>\n<p>Confere a nossa sele\u00e7\u00e3o de <a href=\"https:\/\/caule.com.br\/categoria-higiene-e-beleza\/categoria-corpo\/categoria-hidratante-corporal-natural\" target=\"_blank\" rel=\"noopener\">HIDRATANTE CORPORAL NATURAL.<\/a><\/p>\n<figure id=\"attachment_3860\" aria-describedby=\"caption-attachment-3860\" style=\"width: 300px\" class=\"wp-caption aligncenter\"><a href=\"https:\/\/caule.com.br\/produto-locao-corporal-natural-e-vegana-hidratante-multi-vegetal-mvg04\" target=\"_blank\" rel=\"noopener\"><img decoding=\"async\" class=\"wp-image-3860 size-medium\" src=\"http:\/\/caule.com.br\/blog-2\/wp-content\/uploads\/2020\/08\/locao-multi-300x300.png\" alt=\"\" width=\"300\" height=\"300\" srcset=\"https:\/\/blog.caule.com.br\/blog-2\/wp-content\/uploads\/2020\/08\/locao-multi-300x300.png 300w, https:\/\/blog.caule.com.br\/blog-2\/wp-content\/uploads\/2020\/08\/locao-multi-100x100.png 100w, https:\/\/blog.caule.com.br\/blog-2\/wp-content\/uploads\/2020\/08\/locao-multi-150x150.png 150w, https:\/\/blog.caule.com.br\/blog-2\/wp-content\/uploads\/2020\/08\/locao-multi.png 400w\" sizes=\"(max-width: 300px) 100vw, 300px\" \/><\/a><figcaption id=\"caption-attachment-3860\" class=\"wp-caption-text\">\u00d3timo para hidratar e regenerar a pele na gesta\u00e7\u00e3o.<\/figcaption><\/figure>\n<p><strong>Evite a alergia<\/strong> a cosm\u00e9ticos convencionais e subst\u00e2ncias sint\u00e9ticas durante sua gesta\u00e7\u00e3o <strong>utilizando cosm\u00e9ticos naturais e saud\u00e1veis.<\/strong> Voc\u00ea e seu beb\u00ea merecem esse cuidado.<\/p>\n<h3>Alergia n\u00e3o tem cura, mas \u00e9 poss\u00edvel preveni-la<\/h3>\n<p>Confere as dicas:<\/p>\n<ul>\n<li>Usar cosm\u00e9ticos naturais\/org\u00e2nicos;<\/li>\n<li>Evitar produtos com subst\u00e2ncias alerg\u00eanicas conhecidas como conservantes, corantes, fragr\u00e2ncias etc;<\/li>\n<li>Guardar os cosm\u00e9ticos em lugar fresco e protegidos do sol;<\/li>\n<li>N\u00e3o usar produtos ap\u00f3s o prazo de validade;<\/li>\n<li>N\u00e3o usar perfumes quando for \u00e0 praia ou quando se expor ao sol.<\/li>\n<\/ul>\n<p>Mais que um cuidado, preferir cosm\u00e9ticos naturais aos convencionais <strong>\u00e9 um prazer!<\/strong><\/p>\n<p>Sinta a sua pele e cabelo<strong> se regenerando de forma saud\u00e1vel.<\/strong><\/p>\n<p>Desfrute de <strong>cheiros verdadeiros<\/strong> e da <strong>efici\u00eancia<\/strong> que s\u00f3 a <strong>sabedoria da natureza<\/strong> pode proporcionar.<\/p>\n<p>Vem se cuidar com a gente!<\/p>\n<p><strong>Se quiser aproveitar e ganhar uma renda extra:<\/strong><\/p>\n<p><a href=\"https:\/\/caule.com.br\/revender\" target=\"_blank\" rel=\"noopener\"><img decoding=\"async\" class=\"alignnone wp-image-8012 size-full\" src=\"http:\/\/caule.com.br\/blog-2\/wp-content\/uploads\/2017\/06\/clique-e-revenda.jpg\" alt=\"\" width=\"1200\" height=\"200\" srcset=\"https:\/\/blog.caule.com.br\/blog-2\/wp-content\/uploads\/2017\/06\/clique-e-revenda.jpg 1200w, https:\/\/blog.caule.com.br\/blog-2\/wp-content\/uploads\/2017\/06\/clique-e-revenda-300x50.jpg 300w, https:\/\/blog.caule.com.br\/blog-2\/wp-content\/uploads\/2017\/06\/clique-e-revenda-1024x171.jpg 1024w, https:\/\/blog.caule.com.br\/blog-2\/wp-content\/uploads\/2017\/06\/clique-e-revenda-768x128.jpg 768w\" sizes=\"(max-width: 1200px) 100vw, 1200px\" \/><\/a><\/p>\n","protected":false},"excerpt":{"rendered":"<p>H\u00e1 cerca de um ano comecei um estudo sobre alergia \u00e0 cosm\u00e9ticos convencionais x cosm\u00e9ticos naturais, org\u00e2nicos e veganos. Post<\/p>\n","protected":false},"author":2,"featured_media":1487,"comment_status":"closed","ping_status":"closed","sticky":false,"template":"","format":"standard","meta":{"colormag_page_container_layout":"default_layout","colormag_page_sidebar_layout":"default_layout","_jetpack_memberships_contains_paid_content":false,"footnotes":""},"categories":[29,31,37,76,39,65],"tags":[187,1644,483,484,485,1643,1645,1646,134,159,45,1650,23,1649,487,488,1648,1647,1642,1641,490,492,1640],"class_list":["post-6838","post","type-post","status-publish","format-standard","has-post-thumbnail","hentry","category-causa-caule","category-cosmeticos-naturais","category-estilo-de-vida-ecologico","category-males-dos-cosmeticos-convencionais","category-resenha-de-produtos","category-saude-e-beleza-integral","tag-alergia","tag-alergia-a-cosmetico","tag-alergia-a-esmalte","tag-alergia-a-perfume","tag-coceira","tag-coceira-na-pele","tag-como-evitar-a-dermatite","tag-como-tratar-a-dermatite","tag-cosmeticos","tag-cosmeticos-convencionais","tag-cosmeticos-naturais","tag-cosmeticos-nocivos","tag-cosmeticos-organicos","tag-cosmeticos-toxicos","tag-dermatite","tag-dermatite-de-contato","tag-males-das-fragrencias","tag-males-dos-parabenos","tag-o-que-causa-dermatite","tag-o-que-e-dermatite","tag-reacao-alergica","tag-tinta-de-cabelo","tag-tratar-dermatite"],"yoast_head":"<!-- This site is optimized with the Yoast SEO plugin v27.5 - https:\/\/yoast.com\/product\/yoast-seo-wordpress\/ -->\n<title>Alergia \u00e0 cosm\u00e9ticos - Evite usando cosm\u00e9ticos naturais - Blog<\/title>\n<meta name=\"description\" content=\"Saiba como prevenir alergia \u00e0 cosm\u00e9ticos e conhe\u00e7a + sobre cosm\u00e9ticos naturais e saud\u00e1veis. Que tratam, hidratam, nutrem e n\u00e3o intoxicam!\" \/>\n<meta name=\"robots\" content=\"index, follow, max-snippet:-1, max-image-preview:large, max-video-preview:-1\" \/>\n<link rel=\"canonical\" href=\"https:\/\/blog.caule.com.br\/blog-2\/2017\/alergia-a-cosmeticos-2\/\" \/>\n<meta property=\"og:locale\" content=\"pt_BR\" \/>\n<meta property=\"og:type\" content=\"article\" \/>\n<meta property=\"og:title\" content=\"Alergia \u00e0 cosm\u00e9ticos - Evite usando cosm\u00e9ticos naturais - Blog\" \/>\n<meta property=\"og:description\" content=\"Saiba como prevenir alergia \u00e0 cosm\u00e9ticos e conhe\u00e7a + sobre cosm\u00e9ticos naturais e saud\u00e1veis. Que tratam, hidratam, nutrem e n\u00e3o intoxicam!\" \/>\n<meta property=\"og:url\" content=\"https:\/\/blog.caule.com.br\/blog-2\/2017\/alergia-a-cosmeticos-2\/\" \/>\n<meta property=\"og:site_name\" content=\"Blog\" \/>\n<meta property=\"article:publisher\" content=\"https:\/\/www.facebook.com\/CauleDistribuidora\" \/>\n<meta property=\"article:published_time\" content=\"2017-06-01T03:52:13+00:00\" \/>\n<meta property=\"article:modified_time\" content=\"2023-04-04T15:56:19+00:00\" \/>\n<meta property=\"og:image\" content=\"https:\/\/blog.caule.com.br\/blog-2\/wp-content\/uploads\/2017\/06\/alergia-na-pele-1.jpg\" \/>\n\t<meta property=\"og:image:width\" content=\"1000\" \/>\n\t<meta property=\"og:image:height\" content=\"667\" \/>\n\t<meta property=\"og:image:type\" content=\"image\/jpeg\" \/>\n<meta name=\"author\" content=\"Janine Schmitz\" \/>\n<meta name=\"twitter:card\" content=\"summary_large_image\" \/>\n<meta name=\"twitter:label1\" content=\"Escrito por\" \/>\n\t<meta name=\"twitter:data1\" content=\"Janine Schmitz\" \/>\n\t<meta name=\"twitter:label2\" content=\"Est. tempo de leitura\" \/>\n\t<meta name=\"twitter:data2\" content=\"10 minutos\" \/>\n<script type=\"application\/ld+json\" class=\"yoast-schema-graph\">{\"@context\":\"https:\\\/\\\/schema.org\",\"@graph\":[{\"@type\":\"Article\",\"@id\":\"https:\\\/\\\/blog.caule.com.br\\\/blog-2\\\/2017\\\/alergia-a-cosmeticos-2\\\/#article\",\"isPartOf\":{\"@id\":\"https:\\\/\\\/blog.caule.com.br\\\/blog-2\\\/2017\\\/alergia-a-cosmeticos-2\\\/\"},\"author\":{\"name\":\"Janine Schmitz\",\"@id\":\"https:\\\/\\\/blog.caule.com.br\\\/blog-2\\\/#\\\/schema\\\/person\\\/8da0d35def75a41f0bfc5549c0bef059\"},\"headline\":\"Alergia \u00e0 cosm\u00e9ticos &#8211; Evite usando cosm\u00e9ticos naturais\",\"datePublished\":\"2017-06-01T03:52:13+00:00\",\"dateModified\":\"2023-04-04T15:56:19+00:00\",\"mainEntityOfPage\":{\"@id\":\"https:\\\/\\\/blog.caule.com.br\\\/blog-2\\\/2017\\\/alergia-a-cosmeticos-2\\\/\"},\"wordCount\":1877,\"publisher\":{\"@id\":\"https:\\\/\\\/blog.caule.com.br\\\/blog-2\\\/#organization\"},\"image\":{\"@id\":\"https:\\\/\\\/blog.caule.com.br\\\/blog-2\\\/2017\\\/alergia-a-cosmeticos-2\\\/#primaryimage\"},\"thumbnailUrl\":\"https:\\\/\\\/blog.caule.com.br\\\/blog-2\\\/wp-content\\\/uploads\\\/2017\\\/06\\\/alergia-na-pele-1.jpg\",\"keywords\":[\"alergia\",\"alergia a cosmetico\",\"alergia a esmalte\",\"alergia \u00e0 perfume\",\"coceira\",\"coceira na pele\",\"como evitar a dermatite\",\"como tratar a dermatite\",\"cosm\u00e9ticos\",\"cosm\u00e9ticos convencionais\",\"cosm\u00e9ticos naturais\",\"cosm\u00e9ticos nocivos\",\"cosm\u00e9ticos org\u00e2nicos\",\"cosm\u00e9ticos t\u00f3xicos\",\"dermatite\",\"dermatite de contato\",\"males das fragr\u00eancias\",\"males dos parabenos\",\"o que causa dermatite\",\"o que \u00e9 dermatite\",\"rea\u00e7\u00e3o al\u00e9rgica\",\"tinta de cabelo\",\"tratar dermatite\"],\"articleSection\":[\"Causa Caule\",\"Cosm\u00e9ticos Naturais\",\"Estilo de Vida Ecol\u00f3gico\",\"Males dos Cosm\u00e9ticos Convencionais\",\"Resenha de Produtos\",\"Sa\u00fade e Beleza Integral\"],\"inLanguage\":\"pt-BR\"},{\"@type\":\"WebPage\",\"@id\":\"https:\\\/\\\/blog.caule.com.br\\\/blog-2\\\/2017\\\/alergia-a-cosmeticos-2\\\/\",\"url\":\"https:\\\/\\\/blog.caule.com.br\\\/blog-2\\\/2017\\\/alergia-a-cosmeticos-2\\\/\",\"name\":\"Alergia \u00e0 cosm\u00e9ticos - Evite usando cosm\u00e9ticos naturais - Blog\",\"isPartOf\":{\"@id\":\"https:\\\/\\\/blog.caule.com.br\\\/blog-2\\\/#website\"},\"primaryImageOfPage\":{\"@id\":\"https:\\\/\\\/blog.caule.com.br\\\/blog-2\\\/2017\\\/alergia-a-cosmeticos-2\\\/#primaryimage\"},\"image\":{\"@id\":\"https:\\\/\\\/blog.caule.com.br\\\/blog-2\\\/2017\\\/alergia-a-cosmeticos-2\\\/#primaryimage\"},\"thumbnailUrl\":\"https:\\\/\\\/blog.caule.com.br\\\/blog-2\\\/wp-content\\\/uploads\\\/2017\\\/06\\\/alergia-na-pele-1.jpg\",\"datePublished\":\"2017-06-01T03:52:13+00:00\",\"dateModified\":\"2023-04-04T15:56:19+00:00\",\"description\":\"Saiba como prevenir alergia \u00e0 cosm\u00e9ticos e conhe\u00e7a + sobre cosm\u00e9ticos naturais e saud\u00e1veis. Que tratam, hidratam, nutrem e n\u00e3o intoxicam!\",\"breadcrumb\":{\"@id\":\"https:\\\/\\\/blog.caule.com.br\\\/blog-2\\\/2017\\\/alergia-a-cosmeticos-2\\\/#breadcrumb\"},\"inLanguage\":\"pt-BR\",\"potentialAction\":[{\"@type\":\"ReadAction\",\"target\":[\"https:\\\/\\\/blog.caule.com.br\\\/blog-2\\\/2017\\\/alergia-a-cosmeticos-2\\\/\"]}]},{\"@type\":\"ImageObject\",\"inLanguage\":\"pt-BR\",\"@id\":\"https:\\\/\\\/blog.caule.com.br\\\/blog-2\\\/2017\\\/alergia-a-cosmeticos-2\\\/#primaryimage\",\"url\":\"https:\\\/\\\/blog.caule.com.br\\\/blog-2\\\/wp-content\\\/uploads\\\/2017\\\/06\\\/alergia-na-pele-1.jpg\",\"contentUrl\":\"https:\\\/\\\/blog.caule.com.br\\\/blog-2\\\/wp-content\\\/uploads\\\/2017\\\/06\\\/alergia-na-pele-1.jpg\",\"width\":1000,\"height\":667,\"caption\":\"Alergia a cosm\u00e9ticos\"},{\"@type\":\"BreadcrumbList\",\"@id\":\"https:\\\/\\\/blog.caule.com.br\\\/blog-2\\\/2017\\\/alergia-a-cosmeticos-2\\\/#breadcrumb\",\"itemListElement\":[{\"@type\":\"ListItem\",\"position\":1,\"name\":\"Home\",\"item\":\"https:\\\/\\\/blog.caule.com.br\\\/blog-2\\\/\"},{\"@type\":\"ListItem\",\"position\":2,\"name\":\"Alergia \u00e0 cosm\u00e9ticos &#8211; Evite usando cosm\u00e9ticos naturais\"}]},{\"@type\":\"WebSite\",\"@id\":\"https:\\\/\\\/blog.caule.com.br\\\/blog-2\\\/#website\",\"url\":\"https:\\\/\\\/blog.caule.com.br\\\/blog-2\\\/\",\"name\":\"Blog\",\"description\":\"Caule eco.l\u00f3gicos\",\"publisher\":{\"@id\":\"https:\\\/\\\/blog.caule.com.br\\\/blog-2\\\/#organization\"},\"potentialAction\":[{\"@type\":\"SearchAction\",\"target\":{\"@type\":\"EntryPoint\",\"urlTemplate\":\"https:\\\/\\\/blog.caule.com.br\\\/blog-2\\\/?s={search_term_string}\"},\"query-input\":{\"@type\":\"PropertyValueSpecification\",\"valueRequired\":true,\"valueName\":\"search_term_string\"}}],\"inLanguage\":\"pt-BR\"},{\"@type\":\"Organization\",\"@id\":\"https:\\\/\\\/blog.caule.com.br\\\/blog-2\\\/#organization\",\"name\":\"Caule eco.l\u00f3gicos\",\"url\":\"https:\\\/\\\/blog.caule.com.br\\\/blog-2\\\/\",\"logo\":{\"@type\":\"ImageObject\",\"inLanguage\":\"pt-BR\",\"@id\":\"https:\\\/\\\/blog.caule.com.br\\\/blog-2\\\/#\\\/schema\\\/logo\\\/image\\\/\",\"url\":\"https:\\\/\\\/blog.caule.com.br\\\/blog-2\\\/wp-content\\\/uploads\\\/2015\\\/07\\\/caule_horizontal_w90.png\",\"contentUrl\":\"https:\\\/\\\/blog.caule.com.br\\\/blog-2\\\/wp-content\\\/uploads\\\/2015\\\/07\\\/caule_horizontal_w90.png\",\"width\":213,\"height\":90,\"caption\":\"Caule eco.l\u00f3gicos\"},\"image\":{\"@id\":\"https:\\\/\\\/blog.caule.com.br\\\/blog-2\\\/#\\\/schema\\\/logo\\\/image\\\/\"},\"sameAs\":[\"https:\\\/\\\/www.facebook.com\\\/CauleDistribuidora\",\"https:\\\/\\\/www.instagram.com\\\/caule.eco.logicos\\\/\",\"https:\\\/\\\/br.pinterest.com\\\/cauleecologicos\\\/\",\"https:\\\/\\\/www.youtube.com\\\/cauleecologicos\"]},{\"@type\":\"Person\",\"@id\":\"https:\\\/\\\/blog.caule.com.br\\\/blog-2\\\/#\\\/schema\\\/person\\\/8da0d35def75a41f0bfc5549c0bef059\",\"name\":\"Janine Schmitz\",\"image\":{\"@type\":\"ImageObject\",\"inLanguage\":\"pt-BR\",\"@id\":\"https:\\\/\\\/secure.gravatar.com\\\/avatar\\\/b9c54b94c1bbbe36daed6c9b6c5db43cef19697831bab8a68d461c78586cfe7c?s=96&d=mm&r=g\",\"url\":\"https:\\\/\\\/secure.gravatar.com\\\/avatar\\\/b9c54b94c1bbbe36daed6c9b6c5db43cef19697831bab8a68d461c78586cfe7c?s=96&d=mm&r=g\",\"contentUrl\":\"https:\\\/\\\/secure.gravatar.com\\\/avatar\\\/b9c54b94c1bbbe36daed6c9b6c5db43cef19697831bab8a68d461c78586cfe7c?s=96&d=mm&r=g\",\"caption\":\"Janine Schmitz\"},\"url\":\"https:\\\/\\\/blog.caule.com.br\\\/blog-2\\\/author\\\/janineschmitz\\\/\"}]}<\/script>\n<!-- \/ Yoast SEO plugin. -->","yoast_head_json":{"title":"Alergia \u00e0 cosm\u00e9ticos - Evite usando cosm\u00e9ticos naturais - Blog","description":"Saiba como prevenir alergia \u00e0 cosm\u00e9ticos e conhe\u00e7a + sobre cosm\u00e9ticos naturais e saud\u00e1veis. Que tratam, hidratam, nutrem e n\u00e3o intoxicam!","robots":{"index":"index","follow":"follow","max-snippet":"max-snippet:-1","max-image-preview":"max-image-preview:large","max-video-preview":"max-video-preview:-1"},"canonical":"https:\/\/blog.caule.com.br\/blog-2\/2017\/alergia-a-cosmeticos-2\/","og_locale":"pt_BR","og_type":"article","og_title":"Alergia \u00e0 cosm\u00e9ticos - Evite usando cosm\u00e9ticos naturais - Blog","og_description":"Saiba como prevenir alergia \u00e0 cosm\u00e9ticos e conhe\u00e7a + sobre cosm\u00e9ticos naturais e saud\u00e1veis. Que tratam, hidratam, nutrem e n\u00e3o intoxicam!","og_url":"https:\/\/blog.caule.com.br\/blog-2\/2017\/alergia-a-cosmeticos-2\/","og_site_name":"Blog","article_publisher":"https:\/\/www.facebook.com\/CauleDistribuidora","article_published_time":"2017-06-01T03:52:13+00:00","article_modified_time":"2023-04-04T15:56:19+00:00","og_image":[{"width":1000,"height":667,"url":"https:\/\/blog.caule.com.br\/blog-2\/wp-content\/uploads\/2017\/06\/alergia-na-pele-1.jpg","type":"image\/jpeg"}],"author":"Janine Schmitz","twitter_card":"summary_large_image","twitter_misc":{"Escrito por":"Janine Schmitz","Est. tempo de leitura":"10 minutos"},"schema":{"@context":"https:\/\/schema.org","@graph":[{"@type":"Article","@id":"https:\/\/blog.caule.com.br\/blog-2\/2017\/alergia-a-cosmeticos-2\/#article","isPartOf":{"@id":"https:\/\/blog.caule.com.br\/blog-2\/2017\/alergia-a-cosmeticos-2\/"},"author":{"name":"Janine Schmitz","@id":"https:\/\/blog.caule.com.br\/blog-2\/#\/schema\/person\/8da0d35def75a41f0bfc5549c0bef059"},"headline":"Alergia \u00e0 cosm\u00e9ticos &#8211; Evite usando cosm\u00e9ticos naturais","datePublished":"2017-06-01T03:52:13+00:00","dateModified":"2023-04-04T15:56:19+00:00","mainEntityOfPage":{"@id":"https:\/\/blog.caule.com.br\/blog-2\/2017\/alergia-a-cosmeticos-2\/"},"wordCount":1877,"publisher":{"@id":"https:\/\/blog.caule.com.br\/blog-2\/#organization"},"image":{"@id":"https:\/\/blog.caule.com.br\/blog-2\/2017\/alergia-a-cosmeticos-2\/#primaryimage"},"thumbnailUrl":"https:\/\/blog.caule.com.br\/blog-2\/wp-content\/uploads\/2017\/06\/alergia-na-pele-1.jpg","keywords":["alergia","alergia a cosmetico","alergia a esmalte","alergia \u00e0 perfume","coceira","coceira na pele","como evitar a dermatite","como tratar a dermatite","cosm\u00e9ticos","cosm\u00e9ticos convencionais","cosm\u00e9ticos naturais","cosm\u00e9ticos nocivos","cosm\u00e9ticos org\u00e2nicos","cosm\u00e9ticos t\u00f3xicos","dermatite","dermatite de contato","males das fragr\u00eancias","males dos parabenos","o que causa dermatite","o que \u00e9 dermatite","rea\u00e7\u00e3o al\u00e9rgica","tinta de cabelo","tratar dermatite"],"articleSection":["Causa Caule","Cosm\u00e9ticos Naturais","Estilo de Vida Ecol\u00f3gico","Males dos Cosm\u00e9ticos Convencionais","Resenha de Produtos","Sa\u00fade e Beleza Integral"],"inLanguage":"pt-BR"},{"@type":"WebPage","@id":"https:\/\/blog.caule.com.br\/blog-2\/2017\/alergia-a-cosmeticos-2\/","url":"https:\/\/blog.caule.com.br\/blog-2\/2017\/alergia-a-cosmeticos-2\/","name":"Alergia \u00e0 cosm\u00e9ticos - Evite usando cosm\u00e9ticos naturais - Blog","isPartOf":{"@id":"https:\/\/blog.caule.com.br\/blog-2\/#website"},"primaryImageOfPage":{"@id":"https:\/\/blog.caule.com.br\/blog-2\/2017\/alergia-a-cosmeticos-2\/#primaryimage"},"image":{"@id":"https:\/\/blog.caule.com.br\/blog-2\/2017\/alergia-a-cosmeticos-2\/#primaryimage"},"thumbnailUrl":"https:\/\/blog.caule.com.br\/blog-2\/wp-content\/uploads\/2017\/06\/alergia-na-pele-1.jpg","datePublished":"2017-06-01T03:52:13+00:00","dateModified":"2023-04-04T15:56:19+00:00","description":"Saiba como prevenir alergia \u00e0 cosm\u00e9ticos e conhe\u00e7a + sobre cosm\u00e9ticos naturais e saud\u00e1veis. Que tratam, hidratam, nutrem e n\u00e3o intoxicam!","breadcrumb":{"@id":"https:\/\/blog.caule.com.br\/blog-2\/2017\/alergia-a-cosmeticos-2\/#breadcrumb"},"inLanguage":"pt-BR","potentialAction":[{"@type":"ReadAction","target":["https:\/\/blog.caule.com.br\/blog-2\/2017\/alergia-a-cosmeticos-2\/"]}]},{"@type":"ImageObject","inLanguage":"pt-BR","@id":"https:\/\/blog.caule.com.br\/blog-2\/2017\/alergia-a-cosmeticos-2\/#primaryimage","url":"https:\/\/blog.caule.com.br\/blog-2\/wp-content\/uploads\/2017\/06\/alergia-na-pele-1.jpg","contentUrl":"https:\/\/blog.caule.com.br\/blog-2\/wp-content\/uploads\/2017\/06\/alergia-na-pele-1.jpg","width":1000,"height":667,"caption":"Alergia a cosm\u00e9ticos"},{"@type":"BreadcrumbList","@id":"https:\/\/blog.caule.com.br\/blog-2\/2017\/alergia-a-cosmeticos-2\/#breadcrumb","itemListElement":[{"@type":"ListItem","position":1,"name":"Home","item":"https:\/\/blog.caule.com.br\/blog-2\/"},{"@type":"ListItem","position":2,"name":"Alergia \u00e0 cosm\u00e9ticos &#8211; Evite usando cosm\u00e9ticos naturais"}]},{"@type":"WebSite","@id":"https:\/\/blog.caule.com.br\/blog-2\/#website","url":"https:\/\/blog.caule.com.br\/blog-2\/","name":"Blog","description":"Caule eco.l\u00f3gicos","publisher":{"@id":"https:\/\/blog.caule.com.br\/blog-2\/#organization"},"potentialAction":[{"@type":"SearchAction","target":{"@type":"EntryPoint","urlTemplate":"https:\/\/blog.caule.com.br\/blog-2\/?s={search_term_string}"},"query-input":{"@type":"PropertyValueSpecification","valueRequired":true,"valueName":"search_term_string"}}],"inLanguage":"pt-BR"},{"@type":"Organization","@id":"https:\/\/blog.caule.com.br\/blog-2\/#organization","name":"Caule eco.l\u00f3gicos","url":"https:\/\/blog.caule.com.br\/blog-2\/","logo":{"@type":"ImageObject","inLanguage":"pt-BR","@id":"https:\/\/blog.caule.com.br\/blog-2\/#\/schema\/logo\/image\/","url":"https:\/\/blog.caule.com.br\/blog-2\/wp-content\/uploads\/2015\/07\/caule_horizontal_w90.png","contentUrl":"https:\/\/blog.caule.com.br\/blog-2\/wp-content\/uploads\/2015\/07\/caule_horizontal_w90.png","width":213,"height":90,"caption":"Caule eco.l\u00f3gicos"},"image":{"@id":"https:\/\/blog.caule.com.br\/blog-2\/#\/schema\/logo\/image\/"},"sameAs":["https:\/\/www.facebook.com\/CauleDistribuidora","https:\/\/www.instagram.com\/caule.eco.logicos\/","https:\/\/br.pinterest.com\/cauleecologicos\/","https:\/\/www.youtube.com\/cauleecologicos"]},{"@type":"Person","@id":"https:\/\/blog.caule.com.br\/blog-2\/#\/schema\/person\/8da0d35def75a41f0bfc5549c0bef059","name":"Janine Schmitz","image":{"@type":"ImageObject","inLanguage":"pt-BR","@id":"https:\/\/secure.gravatar.com\/avatar\/b9c54b94c1bbbe36daed6c9b6c5db43cef19697831bab8a68d461c78586cfe7c?s=96&d=mm&r=g","url":"https:\/\/secure.gravatar.com\/avatar\/b9c54b94c1bbbe36daed6c9b6c5db43cef19697831bab8a68d461c78586cfe7c?s=96&d=mm&r=g","contentUrl":"https:\/\/secure.gravatar.com\/avatar\/b9c54b94c1bbbe36daed6c9b6c5db43cef19697831bab8a68d461c78586cfe7c?s=96&d=mm&r=g","caption":"Janine Schmitz"},"url":"https:\/\/blog.caule.com.br\/blog-2\/author\/janineschmitz\/"}]}},"jetpack_featured_media_url":"https:\/\/blog.caule.com.br\/blog-2\/wp-content\/uploads\/2017\/06\/alergia-na-pele-1.jpg","jetpack_sharing_enabled":true,"_links":{"self":[{"href":"https:\/\/blog.caule.com.br\/blog-2\/wp-json\/wp\/v2\/posts\/6838","targetHints":{"allow":["GET"]}}],"collection":[{"href":"https:\/\/blog.caule.com.br\/blog-2\/wp-json\/wp\/v2\/posts"}],"about":[{"href":"https:\/\/blog.caule.com.br\/blog-2\/wp-json\/wp\/v2\/types\/post"}],"author":[{"embeddable":true,"href":"https:\/\/blog.caule.com.br\/blog-2\/wp-json\/wp\/v2\/users\/2"}],"replies":[{"embeddable":true,"href":"https:\/\/blog.caule.com.br\/blog-2\/wp-json\/wp\/v2\/comments?post=6838"}],"version-history":[{"count":24,"href":"https:\/\/blog.caule.com.br\/blog-2\/wp-json\/wp\/v2\/posts\/6838\/revisions"}],"predecessor-version":[{"id":9590,"href":"https:\/\/blog.caule.com.br\/blog-2\/wp-json\/wp\/v2\/posts\/6838\/revisions\/9590"}],"wp:featuredmedia":[{"embeddable":true,"href":"https:\/\/blog.caule.com.br\/blog-2\/wp-json\/wp\/v2\/media\/1487"}],"wp:attachment":[{"href":"https:\/\/blog.caule.com.br\/blog-2\/wp-json\/wp\/v2\/media?parent=6838"}],"wp:term":[{"taxonomy":"category","embeddable":true,"href":"https:\/\/blog.caule.com.br\/blog-2\/wp-json\/wp\/v2\/categories?post=6838"},{"taxonomy":"post_tag","embeddable":true,"href":"https:\/\/blog.caule.com.br\/blog-2\/wp-json\/wp\/v2\/tags?post=6838"}],"curies":[{"name":"wp","href":"https:\/\/api.w.org\/{rel}","templated":true}]}}