{"id":4096,"date":"2020-11-01T11:40:36","date_gmt":"2020-11-01T14:40:36","guid":{"rendered":"https:\/\/www.caule.com.br\/blog-2\/?p=4096"},"modified":"2026-04-06T19:41:42","modified_gmt":"2026-04-06T19:41:42","slug":"compressas-com-aromaterapia","status":"publish","type":"post","link":"https:\/\/blog.caule.com.br\/blog-2\/2020\/compressas-com-aromaterapia\/","title":{"rendered":"Compressa com aromaterapia"},"content":{"rendered":"<p>Compressa com aromaterapia, ou seja, com \u00f3leos essenciais \u00e9 uma forma simples de associar duas terapias naturais para ter resultados ainda melhores com o mesmo tempo investido.<\/p>\n<p><strong>Atualizado em:<\/strong> 05\/04\/2023<\/p>\n<p>E quem n\u00e3o quer economizar tempo?! Ainda mais quando estamos sentindo dor ou desconforto, no m\u00ednimo!<\/p>\n<p><img decoding=\"async\" class=\"alignleft wp-image-4101 size-medium\" src=\"https:\/\/blog.caule.com.br\/blog-2\/wp-content\/uploads\/2020\/11\/Compressa-e-aromaterapia-scaled-1-300x219.jpg\" alt=\"compressa com \u00f3leos essenciais\" width=\"300\" height=\"219\" srcset=\"https:\/\/blog.caule.com.br\/blog-2\/wp-content\/uploads\/2020\/11\/Compressa-e-aromaterapia-scaled-1-300x219.jpg 300w, https:\/\/blog.caule.com.br\/blog-2\/wp-content\/uploads\/2020\/11\/Compressa-e-aromaterapia-scaled-1-1024x749.jpg 1024w, https:\/\/blog.caule.com.br\/blog-2\/wp-content\/uploads\/2020\/11\/Compressa-e-aromaterapia-scaled-1-768x562.jpg 768w, https:\/\/blog.caule.com.br\/blog-2\/wp-content\/uploads\/2020\/11\/Compressa-e-aromaterapia-scaled-1-1536x1124.jpg 1536w, https:\/\/blog.caule.com.br\/blog-2\/wp-content\/uploads\/2020\/11\/Compressa-e-aromaterapia-scaled-1-2048x1498.jpg 2048w, https:\/\/blog.caule.com.br\/blog-2\/wp-content\/uploads\/2020\/11\/Compressa-e-aromaterapia-scaled-1-600x439.jpg 600w, https:\/\/blog.caule.com.br\/blog-2\/wp-content\/uploads\/2020\/11\/Compressa-e-aromaterapia-scaled-1.jpg 1920w\" sizes=\"(max-width: 300px) 100vw, 300px\" \/><\/p>\n<p>As compressas fazem parte da termoterapia que usa a temperatura de quente \u00e0 gelada para tratar v\u00e1rias quest\u00f5es de sa\u00fade.<\/p>\n<p>Sabe quando vemos aqueles filmes de \u00e9poca em que compressas de \u00e1gua na testa de algu\u00e9m que arde em febre s\u00e3o trocadas constantemente?<\/p>\n<p>Ali est\u00e1 um belo exemplo da utilidade milenar da termoterapia. Ao usar a Bolsa T\u00e9rmica tamb\u00e9m usamos a termoterapia.<\/p>\n<p>No caso a Bolsa T\u00e9rmica pode ser usada quente ou gelada.<\/p>\n<h2>Como se faz uma compressa?<\/h2>\n<p>Compressa se faz com \u00e1gua, aqui a nossa sugest\u00e3o \u00e9 associar com a aromaterapia.<\/p>\n<p>Ent\u00e3o, escolha um pano muito absorvente para fazer as compressas, pode ser uma toalha ou uma fralda.<\/p>\n<p>Prepare a temperatura da \u00e1gua de gelada (com gelo) at\u00e9 quente fervendo a \u00e1gua com 1 gota de \u00f3leo essencial para cada 100ml de \u00e1gua. Quanto maior a regi\u00e3o a ser tratada mais \u00e1gua vai precisar.<\/p>\n<p>Mergulhe o pano na \u00e1gua preparada na temperatura conforme o caso com o \u00f3leo essencial indicado. Abaixo 6 receitas de compressas.<\/p>\n<p>Teste a temperatura da \u00e1gua com cuidado, no caso da \u00e1gua quente. Tire o excesso de \u00e1gua apertando ou torcendo e aplique na regi\u00e3o que quer tratar.<\/p>\n<p>Mantenha no local de 10 \u00e0 15 minutos. Se for compressa fria \u00e0 gelada \u00e0 medida que ela esquenta pode molhar de novo na \u00e1gua.<\/p>\n<p>Nesse sentido, se for compressa quente pode mant\u00ea-la aquecida colocando uma manta por cima e at\u00e9 uma Bolsa T\u00e9rmica.<\/p>\n<p>Dependendo do caso a aplica\u00e7\u00e3o pode ser pontual ou se repetir at\u00e9 duas vezes por dia.<\/p>\n<h2>Quando usar compressa de \u00e1gua quente ou fria?<\/h2>\n<p>A temperatura fria ou at\u00e9 gelada diminui o fluxo de sangue da regi\u00e3o, com isso ajuda a desinchar e tem efeito analg\u00e9sico, ou seja, diminui a dor.<\/p>\n<p>Esse efeito se inicia ap\u00f3s 5 minutos de uso. J\u00e1 o calor promove a dilata\u00e7\u00e3o dos vasos sangu\u00edneos e diminui a tens\u00e3o muscular, resultando em relaxamento.<\/p>\n<p>Ou seja, \u00e9 como se a gente pudesse aplicar as esta\u00e7\u00f5es concentradamente em \u00e1reas do nosso corpo.<\/p>\n<p>A compressa quente \u00e9 um pouco de ver\u00e3o no baixo ventre na hora da c\u00f3lica menstrual ou no trap\u00e9zio depois de um dia estressante.<\/p>\n<p>E aplicar um pouco de inverno na cabe\u00e7a quando a cabe\u00e7a est\u00e1 muito quente.<\/p>\n<h2>Quando usar compressa quente?<\/h2>\n<p>Quando a gente precisa relaxar a regi\u00e3o:<\/p>\n<ul>\n<li>C\u00e3ibras musculares;<\/li>\n<li>C\u00f3licas menstruais ou estomacais, dores de ouvido;<\/li>\n<li>Dores de ouvido;<\/li>\n<li>Contraturas articulares;<\/li>\n<li>Bruxismo.<\/li>\n<\/ul>\n<h2>Em que momento usar compressa fria?<\/h2>\n<ul>\n<li>Dores de cabe\u00e7a;<\/li>\n<li>Queimaduras;<\/li>\n<li>Picadas de inseto;<\/li>\n<li>Logo ap\u00f3s quedas, pancadas ou les\u00f5es, sendo a aplica\u00e7\u00e3o recomendada nas primeiras quarenta e oito horas.<\/li>\n<\/ul>\n<p>Dessa forma, reduz dores e impede o ac\u00famulo de l\u00edquidos ou que o local lesionado fique inchado.<\/p>\n<h2>Receitas de compressas com \u00f3leos essenciais<\/h2>\n<ul>\n<li><strong>1.<\/strong> <strong>Compressa para acne<\/strong><br \/>\nCompressa morna na \u00e1rea afetada<br \/>\n<a href=\"https:\/\/www.caule.com.br\/p-oleo-essencial-de-melaleuca-tea-tree-organico-herbia\/\" target=\"_blank\" rel=\"noopener noreferrer\">\u00d3leo Essencial de Tea tree (melaleuca)<\/a> e <a href=\"https:\/\/caule.com.br\/produto-oleo-essencial-de-lavanda-40-42-100-puro-herbia-her74\" target=\"_blank\" rel=\"noopener noreferrer\">\u00d3leo Essencial de Lavanda Francesa<\/a><br \/>\nPode aproveitar e esfoliar o rosto depois com os Cristais de Quartzo j\u00e1 que pelo efeito emoliente os cravos estar\u00e3o mais acess\u00edveis e poder\u00e3o ser removidos com a esfolia\u00e7\u00e3o.<\/li>\n<li><strong>2.<\/strong> <strong>Compressa para olheiras, c\u00edlios e sobrancelhas fortes<\/strong><br \/>\nCompressa gelada na \u00e1rea dos olhos e sobrancelhas<br \/>\n<a href=\"https:\/\/caule.com.br\/produto-oleo-essencial-de-alecrim-herbia-10ml-caule-her20\" target=\"_blank\" rel=\"noopener noreferrer\">\u00d3leo Essencial de Alecrim<\/a><br \/>\nMas como assim fortalece os c\u00edlios e as sobrancelhas? Sim, lembra que o Alecrim ajuda na queda de cabelo, ent\u00e3o ajuda a fortalecer os pelos tamb\u00e9m, ent\u00e3o olha que maravilha poder tratar ao mesmo tempo os tr\u00eas: olheiras, c\u00edlios e sobrancelhas.<\/li>\n<li><strong>3.<\/strong> <strong>Compressa para manchas<\/strong><br \/>\nCompressa fria nas \u00e1reas afetadas<br \/>\n<a href=\"https:\/\/www.caule.com.br\/p-oleo-essencial-de-hortela-pimenta-herbia-10ml\/\" target=\"_blank\" rel=\"noopener noreferrer\">\u00d3leo Essencial de Hortel\u00e3 pimenta<\/a><\/li>\n<li><strong>4.<\/strong> <strong>Compressa para dor de cabe\u00e7a<\/strong><br \/>\nComo a dor de cabe\u00e7a pode ter diversas causas temos duas op\u00e7\u00f5es de compressa para testar e ver qual alivia no teu caso.<\/li>\n<\/ul>\n<p>Compressa fria na testa e t\u00eamporas<br \/>\n<a href=\"https:\/\/www.caule.com.br\/p-oleo-essencial-de-hortela-pimenta-herbia-10ml\/\" target=\"_blank\" rel=\"noopener noreferrer\">\u00d3leo Essencial de Hortel\u00e3 pimenta<\/a><\/p>\n<p>Compressa morna na testa e t\u00eamporas<br \/>\n<a href=\"https:\/\/caule.com.br\/produto-oleo-essencial-de-lavanda-40-42-100-puro-herbia-her74\" target=\"_blank\" rel=\"noopener noreferrer\">\u00d3leo Essencial de Lavanda Francesa<\/a><\/p>\n<ul>\n<li><strong>5. Compressa para c\u00f3lica menstrual<\/strong><br \/>\nCompressa quente no baixo ventre<br \/>\n<a href=\"https:\/\/www.caule.com.br\/produto-oleo-essencial-de-geranio-aromaterapia-caule-5ml-cau70\" target=\"_blank\" rel=\"noopener\">\u00d3leo Essencial de Ger\u00e2nio<\/a><\/li>\n<li><strong>6. Compressa para bruxismo<\/strong><br \/>\nCompressa quente<br \/>\n<a href=\"https:\/\/caule.com.br\/produto-oleo-essencial-de-lavanda-40-42-100-puro-herbia-her74\" target=\"_blank\" rel=\"noopener noreferrer\">\u00d3leo Essencial de Lavanda Francesa<\/a><\/li>\n<\/ul>\n<h2>Compressas com aromaterapia &#8211; Solu\u00e7\u00e3o natural pr\u00e1tica, barata e saud\u00e1vel<\/h2>\n<p>Enfim, gostou de aprender mais sobre essas terapias que est\u00e3o \u00e0 nossa disposi\u00e7\u00e3o no planeta desde sempre e que est\u00e3o sendo sistematizada faz muito tempo?<\/p>\n<p>Ent\u00e3o nas pr\u00f3ximas vezes que a sa\u00fade ou o bem estar der algum alerta antes de pensar em rem\u00e9dio pensa na \u00e1gua e nos \u00f3leos essenciais.<\/p>\n<p>Ou seja, com apenas cinco \u00f3leos essenciais poder\u00e1 fazer essas seis receitas e muito mais!<\/p>\n<p>Com esses simples cinco \u00f3leos essenciais poder\u00e1 ter uma verdadeira farm\u00e1cia natural em casa e at\u00e9 na bolsa, se os levar para se tratar e quem estiver ao redor.<\/p>\n<p>A natureza n\u00e3o \u00e9 mesmo incr\u00edvel?<\/p>\n<h5><a href=\"https:\/\/www.caule.com.br\/categoria-bem-estar\/categoria-oleos-essenciais\" target=\"_blank\" rel=\"noopener noreferrer\">&#8230; \u00d3leos Essenciais AQUI na nossa loja com produtos de higiene, beleza e limpeza ecol\u00f3gicos e acess\u00f3rios lixo zero. Tudo pra deixar sua vida e o mundo melhor!<\/a><\/h5>\n<h5><a href=\"http:\/\/caule.com.br\/revender\" target=\"_blank\" rel=\"noopener noreferrer\">&#8230; clique aqui e revenda &#8211; seja uma Agente de Beleza Integral para levar essas alternativas mais saud\u00e1veis e sustent\u00e1veis para todos e todas ao seu redor.<\/a><\/h5>\n","protected":false},"excerpt":{"rendered":"<p>Compressa com aromaterapia, ou seja, com \u00f3leos essenciais \u00e9 uma forma simples de associar duas terapias naturais para ter resultados<\/p>\n","protected":false},"author":2,"featured_media":4101,"comment_status":"closed","ping_status":"closed","sticky":false,"template":"","format":"standard","meta":{"colormag_page_container_layout":"default_layout","colormag_page_sidebar_layout":"default_layout","_jetpack_memberships_contains_paid_content":false,"footnotes":""},"categories":[31,47,50,72,20,231,65,69],"tags":[],"class_list":["post-4096","post","type-post","status-publish","format-standard","has-post-thumbnail","hentry","category-cosmeticos-naturais","category-cosmeticos-organicos","category-cosmeticos-veganos-2","category-cosmeticos-veganos","category-oleos-essenciais","category-receitas-eco-funcionais","category-saude-e-beleza-integral","category-terapias"],"yoast_head":"<!-- This site is optimized with the Yoast SEO plugin v27.5 - https:\/\/yoast.com\/product\/yoast-seo-wordpress\/ -->\n<title>Compressa com aromaterapia - Blog<\/title>\n<meta name=\"description\" content=\"Que tal unir duas terapias naturais, saud\u00e1veis, baratas e pr\u00e1ticas? A compressa e a aromaterapia podem ser combinadas perfeitamente.\" \/>\n<meta name=\"robots\" content=\"index, follow, max-snippet:-1, max-image-preview:large, max-video-preview:-1\" \/>\n<link rel=\"canonical\" href=\"https:\/\/blog.caule.com.br\/blog-2\/2020\/compressas-com-aromaterapia\/\" \/>\n<meta property=\"og:locale\" content=\"pt_BR\" \/>\n<meta property=\"og:type\" content=\"article\" \/>\n<meta property=\"og:title\" content=\"Compressa com aromaterapia - Blog\" \/>\n<meta property=\"og:description\" content=\"Que tal unir duas terapias naturais, saud\u00e1veis, baratas e pr\u00e1ticas? A compressa e a aromaterapia podem ser combinadas perfeitamente.\" \/>\n<meta property=\"og:url\" content=\"https:\/\/blog.caule.com.br\/blog-2\/2020\/compressas-com-aromaterapia\/\" \/>\n<meta property=\"og:site_name\" content=\"Blog\" \/>\n<meta property=\"article:publisher\" content=\"https:\/\/www.facebook.com\/CauleDistribuidora\" \/>\n<meta property=\"article:published_time\" content=\"2020-11-01T14:40:36+00:00\" \/>\n<meta property=\"article:modified_time\" content=\"2026-04-06T19:41:42+00:00\" \/>\n<meta property=\"og:image\" content=\"https:\/\/blog.caule.com.br\/blog-2\/wp-content\/uploads\/2020\/11\/Compressa-e-aromaterapia-scaled-1.jpg\" \/>\n\t<meta property=\"og:image:width\" content=\"1920\" \/>\n\t<meta property=\"og:image:height\" content=\"1405\" \/>\n\t<meta property=\"og:image:type\" content=\"image\/jpeg\" \/>\n<meta name=\"author\" content=\"Janine Schmitz\" \/>\n<meta name=\"twitter:card\" content=\"summary_large_image\" \/>\n<meta name=\"twitter:label1\" content=\"Escrito por\" \/>\n\t<meta name=\"twitter:data1\" content=\"Janine Schmitz\" \/>\n\t<meta name=\"twitter:label2\" content=\"Est. tempo de leitura\" \/>\n\t<meta name=\"twitter:data2\" content=\"6 minutos\" \/>\n<script type=\"application\/ld+json\" class=\"yoast-schema-graph\">{\"@context\":\"https:\\\/\\\/schema.org\",\"@graph\":[{\"@type\":\"Article\",\"@id\":\"https:\\\/\\\/blog.caule.com.br\\\/blog-2\\\/2020\\\/compressas-com-aromaterapia\\\/#article\",\"isPartOf\":{\"@id\":\"https:\\\/\\\/blog.caule.com.br\\\/blog-2\\\/2020\\\/compressas-com-aromaterapia\\\/\"},\"author\":{\"name\":\"Janine Schmitz\",\"@id\":\"https:\\\/\\\/blog.caule.com.br\\\/blog-2\\\/#\\\/schema\\\/person\\\/8da0d35def75a41f0bfc5549c0bef059\"},\"headline\":\"Compressa com aromaterapia\",\"datePublished\":\"2020-11-01T14:40:36+00:00\",\"dateModified\":\"2026-04-06T19:41:42+00:00\",\"mainEntityOfPage\":{\"@id\":\"https:\\\/\\\/blog.caule.com.br\\\/blog-2\\\/2020\\\/compressas-com-aromaterapia\\\/\"},\"wordCount\":912,\"publisher\":{\"@id\":\"https:\\\/\\\/blog.caule.com.br\\\/blog-2\\\/#organization\"},\"image\":{\"@id\":\"https:\\\/\\\/blog.caule.com.br\\\/blog-2\\\/2020\\\/compressas-com-aromaterapia\\\/#primaryimage\"},\"thumbnailUrl\":\"https:\\\/\\\/blog.caule.com.br\\\/blog-2\\\/wp-content\\\/uploads\\\/2020\\\/11\\\/Compressa-e-aromaterapia-scaled-1.jpg\",\"articleSection\":[\"Cosm\u00e9ticos Naturais\",\"Cosm\u00e9ticos Org\u00e2nicos\",\"Cosm\u00e9ticos Veganos\",\"Cosm\u00e9ticos Veganos\",\"\u00d3leos Essenciais\",\"Receitas eco funcionais\",\"Sa\u00fade e Beleza Integral\",\"Terapias\"],\"inLanguage\":\"pt-BR\"},{\"@type\":\"WebPage\",\"@id\":\"https:\\\/\\\/blog.caule.com.br\\\/blog-2\\\/2020\\\/compressas-com-aromaterapia\\\/\",\"url\":\"https:\\\/\\\/blog.caule.com.br\\\/blog-2\\\/2020\\\/compressas-com-aromaterapia\\\/\",\"name\":\"Compressa com aromaterapia - Blog\",\"isPartOf\":{\"@id\":\"https:\\\/\\\/blog.caule.com.br\\\/blog-2\\\/#website\"},\"primaryImageOfPage\":{\"@id\":\"https:\\\/\\\/blog.caule.com.br\\\/blog-2\\\/2020\\\/compressas-com-aromaterapia\\\/#primaryimage\"},\"image\":{\"@id\":\"https:\\\/\\\/blog.caule.com.br\\\/blog-2\\\/2020\\\/compressas-com-aromaterapia\\\/#primaryimage\"},\"thumbnailUrl\":\"https:\\\/\\\/blog.caule.com.br\\\/blog-2\\\/wp-content\\\/uploads\\\/2020\\\/11\\\/Compressa-e-aromaterapia-scaled-1.jpg\",\"datePublished\":\"2020-11-01T14:40:36+00:00\",\"dateModified\":\"2026-04-06T19:41:42+00:00\",\"description\":\"Que tal unir duas terapias naturais, saud\u00e1veis, baratas e pr\u00e1ticas? A compressa e a aromaterapia podem ser combinadas perfeitamente.\",\"breadcrumb\":{\"@id\":\"https:\\\/\\\/blog.caule.com.br\\\/blog-2\\\/2020\\\/compressas-com-aromaterapia\\\/#breadcrumb\"},\"inLanguage\":\"pt-BR\",\"potentialAction\":[{\"@type\":\"ReadAction\",\"target\":[\"https:\\\/\\\/blog.caule.com.br\\\/blog-2\\\/2020\\\/compressas-com-aromaterapia\\\/\"]}]},{\"@type\":\"ImageObject\",\"inLanguage\":\"pt-BR\",\"@id\":\"https:\\\/\\\/blog.caule.com.br\\\/blog-2\\\/2020\\\/compressas-com-aromaterapia\\\/#primaryimage\",\"url\":\"https:\\\/\\\/blog.caule.com.br\\\/blog-2\\\/wp-content\\\/uploads\\\/2020\\\/11\\\/Compressa-e-aromaterapia-scaled-1.jpg\",\"contentUrl\":\"https:\\\/\\\/blog.caule.com.br\\\/blog-2\\\/wp-content\\\/uploads\\\/2020\\\/11\\\/Compressa-e-aromaterapia-scaled-1.jpg\",\"width\":1920,\"height\":1405},{\"@type\":\"BreadcrumbList\",\"@id\":\"https:\\\/\\\/blog.caule.com.br\\\/blog-2\\\/2020\\\/compressas-com-aromaterapia\\\/#breadcrumb\",\"itemListElement\":[{\"@type\":\"ListItem\",\"position\":1,\"name\":\"Home\",\"item\":\"https:\\\/\\\/blog.caule.com.br\\\/blog-2\\\/\"},{\"@type\":\"ListItem\",\"position\":2,\"name\":\"Compressa com aromaterapia\"}]},{\"@type\":\"WebSite\",\"@id\":\"https:\\\/\\\/blog.caule.com.br\\\/blog-2\\\/#website\",\"url\":\"https:\\\/\\\/blog.caule.com.br\\\/blog-2\\\/\",\"name\":\"Blog\",\"description\":\"Caule eco.l\u00f3gicos\",\"publisher\":{\"@id\":\"https:\\\/\\\/blog.caule.com.br\\\/blog-2\\\/#organization\"},\"potentialAction\":[{\"@type\":\"SearchAction\",\"target\":{\"@type\":\"EntryPoint\",\"urlTemplate\":\"https:\\\/\\\/blog.caule.com.br\\\/blog-2\\\/?s={search_term_string}\"},\"query-input\":{\"@type\":\"PropertyValueSpecification\",\"valueRequired\":true,\"valueName\":\"search_term_string\"}}],\"inLanguage\":\"pt-BR\"},{\"@type\":\"Organization\",\"@id\":\"https:\\\/\\\/blog.caule.com.br\\\/blog-2\\\/#organization\",\"name\":\"Caule eco.l\u00f3gicos\",\"url\":\"https:\\\/\\\/blog.caule.com.br\\\/blog-2\\\/\",\"logo\":{\"@type\":\"ImageObject\",\"inLanguage\":\"pt-BR\",\"@id\":\"https:\\\/\\\/blog.caule.com.br\\\/blog-2\\\/#\\\/schema\\\/logo\\\/image\\\/\",\"url\":\"https:\\\/\\\/blog.caule.com.br\\\/blog-2\\\/wp-content\\\/uploads\\\/2015\\\/07\\\/caule_horizontal_w90.png\",\"contentUrl\":\"https:\\\/\\\/blog.caule.com.br\\\/blog-2\\\/wp-content\\\/uploads\\\/2015\\\/07\\\/caule_horizontal_w90.png\",\"width\":213,\"height\":90,\"caption\":\"Caule eco.l\u00f3gicos\"},\"image\":{\"@id\":\"https:\\\/\\\/blog.caule.com.br\\\/blog-2\\\/#\\\/schema\\\/logo\\\/image\\\/\"},\"sameAs\":[\"https:\\\/\\\/www.facebook.com\\\/CauleDistribuidora\",\"https:\\\/\\\/www.instagram.com\\\/caule.eco.logicos\\\/\",\"https:\\\/\\\/br.pinterest.com\\\/cauleecologicos\\\/\",\"https:\\\/\\\/www.youtube.com\\\/cauleecologicos\"]},{\"@type\":\"Person\",\"@id\":\"https:\\\/\\\/blog.caule.com.br\\\/blog-2\\\/#\\\/schema\\\/person\\\/8da0d35def75a41f0bfc5549c0bef059\",\"name\":\"Janine Schmitz\",\"image\":{\"@type\":\"ImageObject\",\"inLanguage\":\"pt-BR\",\"@id\":\"https:\\\/\\\/secure.gravatar.com\\\/avatar\\\/b9c54b94c1bbbe36daed6c9b6c5db43cef19697831bab8a68d461c78586cfe7c?s=96&d=mm&r=g\",\"url\":\"https:\\\/\\\/secure.gravatar.com\\\/avatar\\\/b9c54b94c1bbbe36daed6c9b6c5db43cef19697831bab8a68d461c78586cfe7c?s=96&d=mm&r=g\",\"contentUrl\":\"https:\\\/\\\/secure.gravatar.com\\\/avatar\\\/b9c54b94c1bbbe36daed6c9b6c5db43cef19697831bab8a68d461c78586cfe7c?s=96&d=mm&r=g\",\"caption\":\"Janine Schmitz\"},\"url\":\"https:\\\/\\\/blog.caule.com.br\\\/blog-2\\\/author\\\/janineschmitz\\\/\"}]}<\/script>\n<!-- \/ Yoast SEO plugin. -->","yoast_head_json":{"title":"Compressa com aromaterapia - Blog","description":"Que tal unir duas terapias naturais, saud\u00e1veis, baratas e pr\u00e1ticas? A compressa e a aromaterapia podem ser combinadas perfeitamente.","robots":{"index":"index","follow":"follow","max-snippet":"max-snippet:-1","max-image-preview":"max-image-preview:large","max-video-preview":"max-video-preview:-1"},"canonical":"https:\/\/blog.caule.com.br\/blog-2\/2020\/compressas-com-aromaterapia\/","og_locale":"pt_BR","og_type":"article","og_title":"Compressa com aromaterapia - Blog","og_description":"Que tal unir duas terapias naturais, saud\u00e1veis, baratas e pr\u00e1ticas? A compressa e a aromaterapia podem ser combinadas perfeitamente.","og_url":"https:\/\/blog.caule.com.br\/blog-2\/2020\/compressas-com-aromaterapia\/","og_site_name":"Blog","article_publisher":"https:\/\/www.facebook.com\/CauleDistribuidora","article_published_time":"2020-11-01T14:40:36+00:00","article_modified_time":"2026-04-06T19:41:42+00:00","og_image":[{"width":1920,"height":1405,"url":"https:\/\/blog.caule.com.br\/blog-2\/wp-content\/uploads\/2020\/11\/Compressa-e-aromaterapia-scaled-1.jpg","type":"image\/jpeg"}],"author":"Janine Schmitz","twitter_card":"summary_large_image","twitter_misc":{"Escrito por":"Janine Schmitz","Est. tempo de leitura":"6 minutos"},"schema":{"@context":"https:\/\/schema.org","@graph":[{"@type":"Article","@id":"https:\/\/blog.caule.com.br\/blog-2\/2020\/compressas-com-aromaterapia\/#article","isPartOf":{"@id":"https:\/\/blog.caule.com.br\/blog-2\/2020\/compressas-com-aromaterapia\/"},"author":{"name":"Janine Schmitz","@id":"https:\/\/blog.caule.com.br\/blog-2\/#\/schema\/person\/8da0d35def75a41f0bfc5549c0bef059"},"headline":"Compressa com aromaterapia","datePublished":"2020-11-01T14:40:36+00:00","dateModified":"2026-04-06T19:41:42+00:00","mainEntityOfPage":{"@id":"https:\/\/blog.caule.com.br\/blog-2\/2020\/compressas-com-aromaterapia\/"},"wordCount":912,"publisher":{"@id":"https:\/\/blog.caule.com.br\/blog-2\/#organization"},"image":{"@id":"https:\/\/blog.caule.com.br\/blog-2\/2020\/compressas-com-aromaterapia\/#primaryimage"},"thumbnailUrl":"https:\/\/blog.caule.com.br\/blog-2\/wp-content\/uploads\/2020\/11\/Compressa-e-aromaterapia-scaled-1.jpg","articleSection":["Cosm\u00e9ticos Naturais","Cosm\u00e9ticos Org\u00e2nicos","Cosm\u00e9ticos Veganos","Cosm\u00e9ticos Veganos","\u00d3leos Essenciais","Receitas eco funcionais","Sa\u00fade e Beleza Integral","Terapias"],"inLanguage":"pt-BR"},{"@type":"WebPage","@id":"https:\/\/blog.caule.com.br\/blog-2\/2020\/compressas-com-aromaterapia\/","url":"https:\/\/blog.caule.com.br\/blog-2\/2020\/compressas-com-aromaterapia\/","name":"Compressa com aromaterapia - Blog","isPartOf":{"@id":"https:\/\/blog.caule.com.br\/blog-2\/#website"},"primaryImageOfPage":{"@id":"https:\/\/blog.caule.com.br\/blog-2\/2020\/compressas-com-aromaterapia\/#primaryimage"},"image":{"@id":"https:\/\/blog.caule.com.br\/blog-2\/2020\/compressas-com-aromaterapia\/#primaryimage"},"thumbnailUrl":"https:\/\/blog.caule.com.br\/blog-2\/wp-content\/uploads\/2020\/11\/Compressa-e-aromaterapia-scaled-1.jpg","datePublished":"2020-11-01T14:40:36+00:00","dateModified":"2026-04-06T19:41:42+00:00","description":"Que tal unir duas terapias naturais, saud\u00e1veis, baratas e pr\u00e1ticas? A compressa e a aromaterapia podem ser combinadas perfeitamente.","breadcrumb":{"@id":"https:\/\/blog.caule.com.br\/blog-2\/2020\/compressas-com-aromaterapia\/#breadcrumb"},"inLanguage":"pt-BR","potentialAction":[{"@type":"ReadAction","target":["https:\/\/blog.caule.com.br\/blog-2\/2020\/compressas-com-aromaterapia\/"]}]},{"@type":"ImageObject","inLanguage":"pt-BR","@id":"https:\/\/blog.caule.com.br\/blog-2\/2020\/compressas-com-aromaterapia\/#primaryimage","url":"https:\/\/blog.caule.com.br\/blog-2\/wp-content\/uploads\/2020\/11\/Compressa-e-aromaterapia-scaled-1.jpg","contentUrl":"https:\/\/blog.caule.com.br\/blog-2\/wp-content\/uploads\/2020\/11\/Compressa-e-aromaterapia-scaled-1.jpg","width":1920,"height":1405},{"@type":"BreadcrumbList","@id":"https:\/\/blog.caule.com.br\/blog-2\/2020\/compressas-com-aromaterapia\/#breadcrumb","itemListElement":[{"@type":"ListItem","position":1,"name":"Home","item":"https:\/\/blog.caule.com.br\/blog-2\/"},{"@type":"ListItem","position":2,"name":"Compressa com aromaterapia"}]},{"@type":"WebSite","@id":"https:\/\/blog.caule.com.br\/blog-2\/#website","url":"https:\/\/blog.caule.com.br\/blog-2\/","name":"Blog","description":"Caule eco.l\u00f3gicos","publisher":{"@id":"https:\/\/blog.caule.com.br\/blog-2\/#organization"},"potentialAction":[{"@type":"SearchAction","target":{"@type":"EntryPoint","urlTemplate":"https:\/\/blog.caule.com.br\/blog-2\/?s={search_term_string}"},"query-input":{"@type":"PropertyValueSpecification","valueRequired":true,"valueName":"search_term_string"}}],"inLanguage":"pt-BR"},{"@type":"Organization","@id":"https:\/\/blog.caule.com.br\/blog-2\/#organization","name":"Caule eco.l\u00f3gicos","url":"https:\/\/blog.caule.com.br\/blog-2\/","logo":{"@type":"ImageObject","inLanguage":"pt-BR","@id":"https:\/\/blog.caule.com.br\/blog-2\/#\/schema\/logo\/image\/","url":"https:\/\/blog.caule.com.br\/blog-2\/wp-content\/uploads\/2015\/07\/caule_horizontal_w90.png","contentUrl":"https:\/\/blog.caule.com.br\/blog-2\/wp-content\/uploads\/2015\/07\/caule_horizontal_w90.png","width":213,"height":90,"caption":"Caule eco.l\u00f3gicos"},"image":{"@id":"https:\/\/blog.caule.com.br\/blog-2\/#\/schema\/logo\/image\/"},"sameAs":["https:\/\/www.facebook.com\/CauleDistribuidora","https:\/\/www.instagram.com\/caule.eco.logicos\/","https:\/\/br.pinterest.com\/cauleecologicos\/","https:\/\/www.youtube.com\/cauleecologicos"]},{"@type":"Person","@id":"https:\/\/blog.caule.com.br\/blog-2\/#\/schema\/person\/8da0d35def75a41f0bfc5549c0bef059","name":"Janine Schmitz","image":{"@type":"ImageObject","inLanguage":"pt-BR","@id":"https:\/\/secure.gravatar.com\/avatar\/b9c54b94c1bbbe36daed6c9b6c5db43cef19697831bab8a68d461c78586cfe7c?s=96&d=mm&r=g","url":"https:\/\/secure.gravatar.com\/avatar\/b9c54b94c1bbbe36daed6c9b6c5db43cef19697831bab8a68d461c78586cfe7c?s=96&d=mm&r=g","contentUrl":"https:\/\/secure.gravatar.com\/avatar\/b9c54b94c1bbbe36daed6c9b6c5db43cef19697831bab8a68d461c78586cfe7c?s=96&d=mm&r=g","caption":"Janine Schmitz"},"url":"https:\/\/blog.caule.com.br\/blog-2\/author\/janineschmitz\/"}]}},"jetpack_featured_media_url":"https:\/\/blog.caule.com.br\/blog-2\/wp-content\/uploads\/2020\/11\/Compressa-e-aromaterapia-scaled-1.jpg","jetpack_sharing_enabled":true,"_links":{"self":[{"href":"https:\/\/blog.caule.com.br\/blog-2\/wp-json\/wp\/v2\/posts\/4096","targetHints":{"allow":["GET"]}}],"collection":[{"href":"https:\/\/blog.caule.com.br\/blog-2\/wp-json\/wp\/v2\/posts"}],"about":[{"href":"https:\/\/blog.caule.com.br\/blog-2\/wp-json\/wp\/v2\/types\/post"}],"author":[{"embeddable":true,"href":"https:\/\/blog.caule.com.br\/blog-2\/wp-json\/wp\/v2\/users\/2"}],"replies":[{"embeddable":true,"href":"https:\/\/blog.caule.com.br\/blog-2\/wp-json\/wp\/v2\/comments?post=4096"}],"version-history":[{"count":13,"href":"https:\/\/blog.caule.com.br\/blog-2\/wp-json\/wp\/v2\/posts\/4096\/revisions"}],"predecessor-version":[{"id":10322,"href":"https:\/\/blog.caule.com.br\/blog-2\/wp-json\/wp\/v2\/posts\/4096\/revisions\/10322"}],"wp:featuredmedia":[{"embeddable":true,"href":"https:\/\/blog.caule.com.br\/blog-2\/wp-json\/wp\/v2\/media\/4101"}],"wp:attachment":[{"href":"https:\/\/blog.caule.com.br\/blog-2\/wp-json\/wp\/v2\/media?parent=4096"}],"wp:term":[{"taxonomy":"category","embeddable":true,"href":"https:\/\/blog.caule.com.br\/blog-2\/wp-json\/wp\/v2\/categories?post=4096"},{"taxonomy":"post_tag","embeddable":true,"href":"https:\/\/blog.caule.com.br\/blog-2\/wp-json\/wp\/v2\/tags?post=4096"}],"curies":[{"name":"wp","href":"https:\/\/api.w.org\/{rel}","templated":true}]}}