{"id":2487,"date":"2019-09-20T08:54:08","date_gmt":"2019-09-20T11:54:08","guid":{"rendered":"http:\/\/www.caule.com.br\/?p=2256"},"modified":"2023-03-07T14:01:46","modified_gmt":"2023-03-07T14:01:46","slug":"porque-eu-decidi-revender-cosmeticos-naturais-e-veganos","status":"publish","type":"post","link":"https:\/\/blog.caule.com.br\/blog-2\/2019\/porque-eu-decidi-revender-cosmeticos-naturais-e-veganos\/","title":{"rendered":"Porque eu decidi revender cosm\u00e9ticos naturais e veganos"},"content":{"rendered":"<div dir=\"auto\">Revender cosm\u00e9ticos naturais e veganos, a partir de 2008, mais ou menos, foi uma forma de eu usar esses produtos. E ao mesmo tempo poder incentivar outras pessoas a usarem tamb\u00e9m.<\/div>\n<div dir=\"auto\"><strong>Post atualizado: 20\/05\/2021<\/strong><\/div>\n<h2 dir=\"auto\">A primeira experi\u00eancia em revender cosm\u00e9ticos naturais e veganos<\/h2>\n<div dir=\"auto\">Na \u00e9poca eu era \u00a0s\u00f3cia do Triambakam Arte Ci\u00eancia e Espiritualidade e dava aulas de Yoga. No espa\u00e7o eu pensei em cada detalhe para ser o mais socialmente justo e ecologicamente correto.<\/div>\n<div dir=\"auto\">.<\/div>\n<div dir=\"auto\">Os tapetinhos eram de res\u00edduos de toalhas, feitos por artes\u00e3os locais o que dava um toque de acolhimento aos p\u00e9s. Os lustres eram de cestas ind\u00edgenas, assim dava um ar mais natural, apesar de ser num edif\u00edcio.<\/div>\n<div dir=\"auto\">.<\/div>\n<div dir=\"auto\">O sabonete n\u00e3o poderia ser outro que n\u00e3o um natural, n\u00e9?! Muitas vezes feito por mim.<\/div>\n<div dir=\"auto\">.<\/div>\n<div dir=\"auto\">Apesar de n\u00e3o me identificar muito com a cozinha, me dedicava a fazer meus cosm\u00e9ticos e vendia alguns sabonetes!<\/div>\n<div dir=\"auto\">.<\/div>\n<div dir=\"auto\">J\u00e1 com o cuidado de encontrar uma glicerina 100% vegetal, que era bem rara.<\/div>\n<div dir=\"auto\">.<\/div>\n<div dir=\"auto\">Ralava sab\u00e3o para lavar as roupas ou fazia a receita de sab\u00e3o l\u00edquido que recebi do meu \u201cEcoguru\u201d, Luiz Jacques Saldanha. Ao mesmo tempo via amigos e amigas super naturebas que n\u00e3o cuidavam dessa parte de fazer seus cosm\u00e9ticos.<\/div>\n<div dir=\"auto\">.<\/div>\n<div dir=\"auto\"><strong>Da\u00ed pensei:<\/strong><\/div>\n<blockquote>\n<div dir=\"auto\">Realmente \u00e9 preciso deixar essa parte mais pr\u00e1tica para diminuir as obje\u00e7\u00f5es.<\/div>\n<\/blockquote>\n<div dir=\"auto\"><img decoding=\"async\" class=\"alignleft wp-image-2265 size-medium\" src=\"http:\/\/caule.com.br\/blog-2\/wp-content\/uploads\/2019\/09\/vivaplantae-182x300.jpg\" alt=\"revenda de cosm\u00e9tico natural\" width=\"182\" height=\"300\" srcset=\"https:\/\/blog.caule.com.br\/blog-2\/wp-content\/uploads\/2019\/09\/vivaplantae-182x300.jpg 182w, https:\/\/blog.caule.com.br\/blog-2\/wp-content\/uploads\/2019\/09\/vivaplantae.jpg 330w\" sizes=\"(max-width: 182px) 100vw, 182px\" \/>Foi a\u00ed que descobri a Viva Plantae, primeira marca de cosm\u00e9ticos naturais e veganos &#8211; de verdade &#8211; industrializada que conheci, da Juliana Faber.<\/div>\n<div dir=\"auto\">.<\/div>\n<div dir=\"auto\">Entrei em contato para viabilizar a compra e o frete para eu usar ajudaria se eu vendesse. E foi o que fiz!<\/div>\n<div dir=\"auto\">.<\/div>\n<div dir=\"auto\">Assim comprei 3 caixas de xampus e condicionadores para usar e vender! Que del\u00edcia receber as caixas!\u00a0 Sentir que todo aquele peso nas caixas era a mudan\u00e7a que eu estava sendo no mundo!<\/div>\n<blockquote>\n<div dir=\"auto\">Todo aquele conte\u00fado representava o tanto de ingredientes poluentes que eu estava evitando de ir para as \u00e1guas.<\/div>\n<\/blockquote>\n<h2 dir=\"auto\">Uma coisa muda tudo<\/h2>\n<div dir=\"auto\">A sensa\u00e7\u00e3o de ser a mudan\u00e7a que queremos ver no mundo \u00e9 indescrit\u00edvel. \u00c9 sentir o cora\u00e7\u00e3o cheio de amor e alegria por todos os seres. \u00c9 a plenitude de estar vivendo meu\u00a0 prop\u00f3sito. Depois que a gente sente isso uma vez, tudo muda e s\u00f3 queremos mais e mais disso!<\/div>\n<div dir=\"auto\">.<\/div>\n<div dir=\"auto\">Ent\u00e3o eu seria outra pessoa se eu n\u00e3o tivesse decidido atuar em pequenas coisas da minha vida. Revender cosm\u00e9ticos naturais e veganos deve ter sido a mais transformadora das decis\u00f5es. Eu n\u00e3o seria nem 10% do que sou e n\u00e3o teria nem 5% da realiza\u00e7\u00e3o que tenho.<\/div>\n<div dir=\"auto\"><strong>Confere este v\u00eddeo sobre QUEM SOMOS:<\/strong><\/div>\n<div dir=\"auto\"><iframe loading=\"lazy\" title=\"YouTube video player\" src=\"https:\/\/www.youtube.com\/embed\/udSL5_wdiI4?list=PLsd9PzZGJCOw2V-oAv8TEnVmkBvoJiVIg\" width=\"640\" height=\"360\" frameborder=\"0\" allowfullscreen=\"allowfullscreen\"><\/iframe><\/div>\n<h2 dir=\"auto\">Mas eu n\u00e3o\u00a0quero ser vendedora<\/h2>\n<div dir=\"auto\">Sobretudo, na \u00e9poca que decidi revender cosm\u00e9ticos naturais e veganos eu n\u00e3o pensava em vender nada. N\u00e3o me identificava com vendas.<\/div>\n<div dir=\"auto\">.<\/div>\n<div dir=\"auto\">Mas ao me dar conta de que s\u00f3 assim, s\u00f3 por mim que algumas pessoas chegariam aos cosm\u00e9ticos naturais e veganos que enfrentei o desafio. Sim! Trabalhar com vendas tem v\u00e1rios desafios.\u00a0 Qual o caminho profissional que n\u00e3o tem muitos desafios?<\/div>\n<div dir=\"auto\">.<\/div>\n<div dir=\"auto\">Por\u00e9m a minha vontade de ver todos seres mais saud\u00e1veis e felizes num planeta mais verde e vibrante compensava qualquer desafio!<\/div>\n<div dir=\"auto\">.<\/div>\n<div dir=\"auto\">De vender os cosm\u00e9ticos da Viva Plantae passei a revender tamb\u00e9m absorventes reutiliz\u00e1veis de uma marca artesanal equatoriana: La Lunas Bioabsorventes, tem at\u00e9 um v\u00eddeo no YouTube de uma entrevista minha sobre o assunto. Da\u00ed pra frente fui me tornando mais convicta do caminho.<\/div>\n<blockquote>\n<div dir=\"auto\">N\u00e3o h\u00e1 consumo consciente sem produ\u00e7\u00e3o consciente e sem vendas conscientes.<\/div>\n<\/blockquote>\n<div dir=\"auto\">Argumentos de venda? Eu j\u00e1 tinha muitos, afinal eu transformava a simples necessidade de comprar um espelho em uma odisseia para encontrar o espelho mais bonito, ecol\u00f3gico e socialmente justo poss\u00edvel!<\/div>\n<div dir=\"auto\">.<\/div>\n<div dir=\"auto\">J\u00e1 pensou em viver uma vida assim?! Transformando cada escolha numa miss\u00e3o herc\u00falea? Assim que eu vivo faz uns 20 anos e empreendo faz uns 15.<\/div>\n<div dir=\"auto\"><a href=\"https:\/\/caule.com.br\/revender\" target=\"_blank\" rel=\"noopener\"><img decoding=\"async\" class=\"alignnone wp-image-7450 size-full\" src=\"http:\/\/caule.com.br\/blog-2\/wp-content\/uploads\/2021\/05\/clique-e-compre.jpg\" alt=\"CTA para clicar e revender cosm\u00e9ticos naturais e veganos\" width=\"1200\" height=\"200\" srcset=\"https:\/\/blog.caule.com.br\/blog-2\/wp-content\/uploads\/2021\/05\/clique-e-compre.jpg 1200w, https:\/\/blog.caule.com.br\/blog-2\/wp-content\/uploads\/2021\/05\/clique-e-compre-300x50.jpg 300w, https:\/\/blog.caule.com.br\/blog-2\/wp-content\/uploads\/2021\/05\/clique-e-compre-1024x171.jpg 1024w, https:\/\/blog.caule.com.br\/blog-2\/wp-content\/uploads\/2021\/05\/clique-e-compre-768x128.jpg 768w\" sizes=\"(max-width: 1200px) 100vw, 1200px\" \/><\/a><\/div>\n<div dir=\"auto\">.<\/div>\n<h3 dir=\"auto\">Como ser a transforma\u00e7\u00e3o que quero ver no mundo?<\/h3>\n<div dir=\"auto\">Contudo a essas alturas j\u00e1 deve ter adivinhado que sou ariana com ascendente em virgem. Sim! Como ter um virgem t\u00e3o forte no mapa e n\u00e3o amar a natureza e fazer a coisa certa?<\/div>\n<div dir=\"auto\">.<\/div>\n<div dir=\"auto\">Como n\u00e3o querer deixar tudo e todos na plenitude da sua perfei\u00e7\u00e3o? Revender cosm\u00e9ticos naturais e veganos foi uma resposta importante que encontrei a minha pergunta: como com os meus talentos posso dar minha melhor contribui\u00e7\u00e3o ao mundo?!<\/div>\n<div dir=\"auto\">.<\/div>\n<div dir=\"auto\">Essa pergunta tamb\u00e9m te persegue? Ou nunca nem pensou sobre isso? D\u00e1 uma inspirada profunda e visualiza uma vida em que seus talentos servem a um mundo cada vez melhor para todos os seres! Visualiza! Agora imagina cada ser humano vivendo assim! Uau!!! \u00c9 o para\u00edso!!! N\u00e3o \u00e9?! Vamos fazer isso acontecer?<\/div>\n<div dir=\"auto\">.<\/div>\n<div dir=\"auto\">Ou seja, revender cosm\u00e9ticos naturais e veganos pode n\u00e3o ser no fim do dia a sua miss\u00e3o de vida. Mas essa experi\u00eancia pode lhe dar o gostinho e experi\u00eancias que ajudem voc\u00ea a encontrar o seu prop\u00f3sito mais especificamente.<\/div>\n<div dir=\"auto\">.<\/div>\n<div dir=\"auto\">Inclusive, no m\u00ednimo experimentar\u00e1 produtos maravilhosos, escolhidos com todo cuidado por mim e agora tamb\u00e9m a equipe que formamos na Caule. Produtos para consumir de forma mais consciente com um valor mais em conta.<\/div>\n<div dir=\"auto\">.<\/div>\n<div dir=\"auto\">E inspirar outras pessoas a fazerem essa mudan\u00e7a tamb\u00e9m. E no m\u00e1ximo? Bom no m\u00e1ximo d\u00e1 para sonhar muito alto! Trabalho e oportunidades n\u00e3o faltam nesse mundo. Tem desafios? Muitos, mas quando a gente t\u00e1 imbu\u00edda de prop\u00f3sito e confiante, coisas m\u00e1gicas acontecem!<\/div>\n<div dir=\"auto\"><strong>Olha s\u00f3 alguns depoimentos das ABIs (Agentes de Beleza Integral) da Caule:<\/strong><\/div>\n<div dir=\"auto\"><iframe loading=\"lazy\" title=\"YouTube video player\" src=\"https:\/\/www.youtube.com\/embed\/USjBX3Q9fQ4?list=PLsd9PzZGJCOw2V-oAv8TEnVmkBvoJiVIg\" width=\"640\" height=\"360\" frameborder=\"0\" allowfullscreen=\"allowfullscreen\"><\/iframe><\/div>\n<h3 dir=\"auto\">Se o caminho que escolhemos n\u00e3o existe a gente cria\u00a0um caminho!<\/h3>\n<figure id=\"attachment_910\" aria-describedby=\"caption-attachment-910\" style=\"width: 300px\" class=\"wp-caption alignright\"><a href=\"https:\/\/caule.com.br\/blog-2\/wp-content\/uploads\/2016\/01\/Campanha-Beleza-com-Consciencia-no-Laboriosa-em-Sao-Paulo.jpg\" rel=\"attachment wp-att-910\"><img decoding=\"async\" class=\"wp-image-910 size-medium\" src=\"https:\/\/blog.caule.com.br\/blog-2\/wp-content\/uploads\/2016\/01\/Campanha-Beleza-com-Consciencia-no-Laboriosa-em-Sao-Paulo.jpg\" alt=\"Campanha-Beleza-com-Consciencia-no-Laboriosa-em-Sao-Paulo\" width=\"300\" height=\"169\" \/><\/a><figcaption id=\"caption-attachment-910\" class=\"wp-caption-text\">Revender cosm\u00e9ticos naturais e veganos &#8211; Laboriosa em Sampa<\/figcaption><\/figure>\n<div dir=\"auto\">Sempre quis um trabalho com causa, com prop\u00f3sito! N\u00e3o achei vagas em empresas como esperava e gostaria, mas fiz acontecer.<\/div>\n<div dir=\"auto\">.<\/div>\n<div dir=\"auto\">Apesar disso, gerar trabalho para quem quer trabalhar com causa para mim \u00e9 imprescind\u00edvel!<\/div>\n<div dir=\"auto\">.<\/div>\n<div dir=\"auto\">J\u00e1 me disseram: faz um site e vende direto ganha mais e se incomoda menos. Mas eu n\u00e3o quero ser rica e feliz eu quero muito mais do que isso!!!<\/div>\n<blockquote>\n<div dir=\"auto\">Eu quero viver em um mundo lindo, abundante e com todos os seres felizes e eu vou trabalhar sempre e a cada momento por isso!<\/div>\n<\/blockquote>\n<div dir=\"auto\">Enfim as l\u00e1grimas est\u00e3o escorrendo aqui, e eu rindo de mim mesma! Mas o peito t\u00e1 leve! Espero que tenha gostado de saber mais sobre o meu come\u00e7o ao revender de cosm\u00e9ticos naturais e veganos. E que essa parte da minha hist\u00f3ria inspire uma parte da tua hist\u00f3ria!<\/div>\n<div dir=\"auto\">.<\/div>\n<div dir=\"auto\">Em tempo, quer ler mais detalhes sobre a minha trajet\u00f3ria at\u00e9 idealizar a Caule eco.l\u00f3gicos e o Caule Ecosal\u00e3o e a trajet\u00f3ria de outras Agentes de Beleza integral?<\/div>\n<div dir=\"auto\"><strong>Confere aqui o livro digital:<\/strong><a href=\"http:\/\/caule.rds.land\/a-causa-da-beleza-e-a-realizacao-no-trabalho\" target=\"_blank\" rel=\"noopener\"> A causa da beleza e realiza\u00e7\u00e3o no trabalho.<\/a><\/div>\n<div dir=\"auto\">.<\/div>\n<div dir=\"auto\"><strong>Conhe\u00e7a nossa loja!<\/strong><a href=\"http:\/\/www.caule.com.br\" target=\"_blank\" rel=\"noopener noreferrer\"> Aqui nossa sele\u00e7\u00e3o de produtos de higiene, beleza e limpeza naturais\/org\u00e2nicos e acess\u00f3rios lixo zero clicando aqui: caule.com.br<\/a><\/div>\n<div dir=\"auto\"><strong>Veja como f<span style=\"font-size: 16px;\">azer a vida mais saud\u00e1vel e o mundo melhor neste v\u00eddeo:<\/span><\/strong><\/div>\n<div dir=\"auto\"><iframe loading=\"lazy\" title=\"YouTube video player\" src=\"https:\/\/www.youtube.com\/embed\/QTLvenYnTWA?list=PLsd9PzZGJCOw2V-oAv8TEnVmkBvoJiVIg\" width=\"640\" height=\"360\" frameborder=\"0\" allowfullscreen=\"allowfullscreen\"><\/iframe><\/div>\n<div dir=\"auto\">.<\/div>\n<div dir=\"auto\"><strong>Trabalhe com prop\u00f3sito: seja uma Agente de Beleza Integral, cadastre-se clicando aqui:<\/strong><\/div>\n<div dir=\"auto\"><a href=\"https:\/\/caule.com.br\/revender\" target=\"_blank\" rel=\"noopener\"><img decoding=\"async\" class=\"alignnone wp-image-7450 size-full\" src=\"http:\/\/caule.com.br\/blog-2\/wp-content\/uploads\/2021\/05\/clique-e-compre.jpg\" alt=\"CTA para clicar e revender no post de mulher cansada\" width=\"1200\" height=\"200\" srcset=\"https:\/\/blog.caule.com.br\/blog-2\/wp-content\/uploads\/2021\/05\/clique-e-compre.jpg 1200w, https:\/\/blog.caule.com.br\/blog-2\/wp-content\/uploads\/2021\/05\/clique-e-compre-300x50.jpg 300w, https:\/\/blog.caule.com.br\/blog-2\/wp-content\/uploads\/2021\/05\/clique-e-compre-1024x171.jpg 1024w, https:\/\/blog.caule.com.br\/blog-2\/wp-content\/uploads\/2021\/05\/clique-e-compre-768x128.jpg 768w\" sizes=\"(max-width: 1200px) 100vw, 1200px\" \/><\/a><\/div>\n","protected":false},"excerpt":{"rendered":"<p>Revender cosm\u00e9ticos naturais e veganos, a partir de 2008, mais ou menos, foi uma forma de eu usar esses produtos.<\/p>\n","protected":false},"author":2,"featured_media":369,"comment_status":"closed","ping_status":"open","sticky":false,"template":"","format":"standard","meta":{"colormag_page_container_layout":"default_layout","colormag_page_sidebar_layout":"default_layout","_jetpack_memberships_contains_paid_content":false,"footnotes":""},"categories":[29,30,31,47,112],"tags":[1267,1261,1262,1271,1272,623,1268,1249,1250],"class_list":["post-2487","post","type-post","status-publish","format-standard","has-post-thumbnail","hentry","category-causa-caule","category-consumo-consciente","category-cosmeticos-naturais","category-cosmeticos-organicos","category-sem-categoria","tag-cosmeticos-organicos-para-revenda","tag-cosmeticos-veganos-para-revenda","tag-cosmeticos-veganos-revenda","tag-revenda-caule","tag-revenda-caule-eco-logicos","tag-revenda-de-cosmeticos","tag-revenda-de-produtos-veganos","tag-revender-cosmeticos-naturais","tag-vender-cosmeticos-naturais"],"yoast_head":"<!-- This site is optimized with the Yoast SEO plugin v27.5 - https:\/\/yoast.com\/product\/yoast-seo-wordpress\/ -->\n<title>Porque eu decidi revender cosm\u00e9ticos naturais e veganos - Blog<\/title>\n<meta name=\"description\" content=\"O in\u00edcio da hist\u00f3ria da Janine - idealizadora da Caule. Os motivos e at\u00e9 os desafios em decidir e come\u00e7ar a revender cosm\u00e9ticos naturais e veganos.\" \/>\n<meta name=\"robots\" content=\"index, follow, max-snippet:-1, max-image-preview:large, max-video-preview:-1\" \/>\n<link rel=\"canonical\" href=\"https:\/\/blog.caule.com.br\/blog-2\/2019\/porque-eu-decidi-revender-cosmeticos-naturais-e-veganos\/\" \/>\n<meta property=\"og:locale\" content=\"pt_BR\" \/>\n<meta property=\"og:type\" content=\"article\" \/>\n<meta property=\"og:title\" content=\"Porque eu decidi revender cosm\u00e9ticos naturais e veganos - Blog\" \/>\n<meta property=\"og:description\" content=\"O in\u00edcio da hist\u00f3ria da Janine - idealizadora da Caule. Os motivos e at\u00e9 os desafios em decidir e come\u00e7ar a revender cosm\u00e9ticos naturais e veganos.\" \/>\n<meta property=\"og:url\" content=\"https:\/\/blog.caule.com.br\/blog-2\/2019\/porque-eu-decidi-revender-cosmeticos-naturais-e-veganos\/\" \/>\n<meta property=\"og:site_name\" content=\"Blog\" \/>\n<meta property=\"article:publisher\" content=\"https:\/\/www.facebook.com\/CauleDistribuidora\" \/>\n<meta property=\"article:published_time\" content=\"2019-09-20T11:54:08+00:00\" \/>\n<meta property=\"article:modified_time\" content=\"2023-03-07T14:01:46+00:00\" \/>\n<meta property=\"og:image\" content=\"https:\/\/blog.caule.com.br\/blog-2\/wp-content\/uploads\/2015\/08\/bg_causa_caule.jpg\" \/>\n\t<meta property=\"og:image:width\" content=\"1920\" \/>\n\t<meta property=\"og:image:height\" content=\"1415\" \/>\n\t<meta property=\"og:image:type\" content=\"image\/jpeg\" \/>\n<meta name=\"author\" content=\"Janine Schmitz\" \/>\n<meta name=\"twitter:card\" content=\"summary_large_image\" \/>\n<meta name=\"twitter:label1\" content=\"Escrito por\" \/>\n\t<meta name=\"twitter:data1\" content=\"Janine Schmitz\" \/>\n\t<meta name=\"twitter:label2\" content=\"Est. tempo de leitura\" \/>\n\t<meta name=\"twitter:data2\" content=\"8 minutos\" \/>\n<script type=\"application\/ld+json\" class=\"yoast-schema-graph\">{\"@context\":\"https:\\\/\\\/schema.org\",\"@graph\":[{\"@type\":\"Article\",\"@id\":\"https:\\\/\\\/blog.caule.com.br\\\/blog-2\\\/2019\\\/porque-eu-decidi-revender-cosmeticos-naturais-e-veganos\\\/#article\",\"isPartOf\":{\"@id\":\"https:\\\/\\\/blog.caule.com.br\\\/blog-2\\\/2019\\\/porque-eu-decidi-revender-cosmeticos-naturais-e-veganos\\\/\"},\"author\":{\"name\":\"Janine Schmitz\",\"@id\":\"https:\\\/\\\/blog.caule.com.br\\\/blog-2\\\/#\\\/schema\\\/person\\\/8da0d35def75a41f0bfc5549c0bef059\"},\"headline\":\"Porque eu decidi revender cosm\u00e9ticos naturais e veganos\",\"datePublished\":\"2019-09-20T11:54:08+00:00\",\"dateModified\":\"2023-03-07T14:01:46+00:00\",\"mainEntityOfPage\":{\"@id\":\"https:\\\/\\\/blog.caule.com.br\\\/blog-2\\\/2019\\\/porque-eu-decidi-revender-cosmeticos-naturais-e-veganos\\\/\"},\"wordCount\":1240,\"publisher\":{\"@id\":\"https:\\\/\\\/blog.caule.com.br\\\/blog-2\\\/#organization\"},\"image\":{\"@id\":\"https:\\\/\\\/blog.caule.com.br\\\/blog-2\\\/2019\\\/porque-eu-decidi-revender-cosmeticos-naturais-e-veganos\\\/#primaryimage\"},\"thumbnailUrl\":\"https:\\\/\\\/blog.caule.com.br\\\/blog-2\\\/wp-content\\\/uploads\\\/2015\\\/08\\\/bg_causa_caule.jpg\",\"keywords\":[\"cosm\u00e9ticos org\u00e2nicos para revenda\",\"cosmeticos veganos para revenda\",\"cosm\u00e9ticos veganos revenda\",\"revenda caule\",\"revenda caule eco.l\u00f3gicos\",\"revenda de cosm\u00e9ticos\",\"revenda de produtos veganos\",\"revender cosmeticos naturais\",\"vender cosm\u00e9ticos naturais\"],\"articleSection\":[\"Causa Caule\",\"Consumo Consciente\",\"Cosm\u00e9ticos Naturais\",\"Cosm\u00e9ticos Org\u00e2nicos\"],\"inLanguage\":\"pt-BR\"},{\"@type\":\"WebPage\",\"@id\":\"https:\\\/\\\/blog.caule.com.br\\\/blog-2\\\/2019\\\/porque-eu-decidi-revender-cosmeticos-naturais-e-veganos\\\/\",\"url\":\"https:\\\/\\\/blog.caule.com.br\\\/blog-2\\\/2019\\\/porque-eu-decidi-revender-cosmeticos-naturais-e-veganos\\\/\",\"name\":\"Porque eu decidi revender cosm\u00e9ticos naturais e veganos - Blog\",\"isPartOf\":{\"@id\":\"https:\\\/\\\/blog.caule.com.br\\\/blog-2\\\/#website\"},\"primaryImageOfPage\":{\"@id\":\"https:\\\/\\\/blog.caule.com.br\\\/blog-2\\\/2019\\\/porque-eu-decidi-revender-cosmeticos-naturais-e-veganos\\\/#primaryimage\"},\"image\":{\"@id\":\"https:\\\/\\\/blog.caule.com.br\\\/blog-2\\\/2019\\\/porque-eu-decidi-revender-cosmeticos-naturais-e-veganos\\\/#primaryimage\"},\"thumbnailUrl\":\"https:\\\/\\\/blog.caule.com.br\\\/blog-2\\\/wp-content\\\/uploads\\\/2015\\\/08\\\/bg_causa_caule.jpg\",\"datePublished\":\"2019-09-20T11:54:08+00:00\",\"dateModified\":\"2023-03-07T14:01:46+00:00\",\"description\":\"O in\u00edcio da hist\u00f3ria da Janine - idealizadora da Caule. Os motivos e at\u00e9 os desafios em decidir e come\u00e7ar a revender cosm\u00e9ticos naturais e veganos.\",\"breadcrumb\":{\"@id\":\"https:\\\/\\\/blog.caule.com.br\\\/blog-2\\\/2019\\\/porque-eu-decidi-revender-cosmeticos-naturais-e-veganos\\\/#breadcrumb\"},\"inLanguage\":\"pt-BR\",\"potentialAction\":[{\"@type\":\"ReadAction\",\"target\":[\"https:\\\/\\\/blog.caule.com.br\\\/blog-2\\\/2019\\\/porque-eu-decidi-revender-cosmeticos-naturais-e-veganos\\\/\"]}]},{\"@type\":\"ImageObject\",\"inLanguage\":\"pt-BR\",\"@id\":\"https:\\\/\\\/blog.caule.com.br\\\/blog-2\\\/2019\\\/porque-eu-decidi-revender-cosmeticos-naturais-e-veganos\\\/#primaryimage\",\"url\":\"https:\\\/\\\/blog.caule.com.br\\\/blog-2\\\/wp-content\\\/uploads\\\/2015\\\/08\\\/bg_causa_caule.jpg\",\"contentUrl\":\"https:\\\/\\\/blog.caule.com.br\\\/blog-2\\\/wp-content\\\/uploads\\\/2015\\\/08\\\/bg_causa_caule.jpg\",\"width\":1920,\"height\":1415,\"caption\":\"Cosm\u00e9ticos naturais na Feira Org\u00e2nica\"},{\"@type\":\"BreadcrumbList\",\"@id\":\"https:\\\/\\\/blog.caule.com.br\\\/blog-2\\\/2019\\\/porque-eu-decidi-revender-cosmeticos-naturais-e-veganos\\\/#breadcrumb\",\"itemListElement\":[{\"@type\":\"ListItem\",\"position\":1,\"name\":\"Home\",\"item\":\"https:\\\/\\\/blog.caule.com.br\\\/blog-2\\\/\"},{\"@type\":\"ListItem\",\"position\":2,\"name\":\"Porque eu decidi revender cosm\u00e9ticos naturais e veganos\"}]},{\"@type\":\"WebSite\",\"@id\":\"https:\\\/\\\/blog.caule.com.br\\\/blog-2\\\/#website\",\"url\":\"https:\\\/\\\/blog.caule.com.br\\\/blog-2\\\/\",\"name\":\"Blog\",\"description\":\"Caule eco.l\u00f3gicos\",\"publisher\":{\"@id\":\"https:\\\/\\\/blog.caule.com.br\\\/blog-2\\\/#organization\"},\"potentialAction\":[{\"@type\":\"SearchAction\",\"target\":{\"@type\":\"EntryPoint\",\"urlTemplate\":\"https:\\\/\\\/blog.caule.com.br\\\/blog-2\\\/?s={search_term_string}\"},\"query-input\":{\"@type\":\"PropertyValueSpecification\",\"valueRequired\":true,\"valueName\":\"search_term_string\"}}],\"inLanguage\":\"pt-BR\"},{\"@type\":\"Organization\",\"@id\":\"https:\\\/\\\/blog.caule.com.br\\\/blog-2\\\/#organization\",\"name\":\"Caule eco.l\u00f3gicos\",\"url\":\"https:\\\/\\\/blog.caule.com.br\\\/blog-2\\\/\",\"logo\":{\"@type\":\"ImageObject\",\"inLanguage\":\"pt-BR\",\"@id\":\"https:\\\/\\\/blog.caule.com.br\\\/blog-2\\\/#\\\/schema\\\/logo\\\/image\\\/\",\"url\":\"https:\\\/\\\/blog.caule.com.br\\\/blog-2\\\/wp-content\\\/uploads\\\/2015\\\/07\\\/caule_horizontal_w90.png\",\"contentUrl\":\"https:\\\/\\\/blog.caule.com.br\\\/blog-2\\\/wp-content\\\/uploads\\\/2015\\\/07\\\/caule_horizontal_w90.png\",\"width\":213,\"height\":90,\"caption\":\"Caule eco.l\u00f3gicos\"},\"image\":{\"@id\":\"https:\\\/\\\/blog.caule.com.br\\\/blog-2\\\/#\\\/schema\\\/logo\\\/image\\\/\"},\"sameAs\":[\"https:\\\/\\\/www.facebook.com\\\/CauleDistribuidora\",\"https:\\\/\\\/www.instagram.com\\\/caule.eco.logicos\\\/\",\"https:\\\/\\\/br.pinterest.com\\\/cauleecologicos\\\/\",\"https:\\\/\\\/www.youtube.com\\\/cauleecologicos\"]},{\"@type\":\"Person\",\"@id\":\"https:\\\/\\\/blog.caule.com.br\\\/blog-2\\\/#\\\/schema\\\/person\\\/8da0d35def75a41f0bfc5549c0bef059\",\"name\":\"Janine Schmitz\",\"image\":{\"@type\":\"ImageObject\",\"inLanguage\":\"pt-BR\",\"@id\":\"https:\\\/\\\/secure.gravatar.com\\\/avatar\\\/b9c54b94c1bbbe36daed6c9b6c5db43cef19697831bab8a68d461c78586cfe7c?s=96&d=mm&r=g\",\"url\":\"https:\\\/\\\/secure.gravatar.com\\\/avatar\\\/b9c54b94c1bbbe36daed6c9b6c5db43cef19697831bab8a68d461c78586cfe7c?s=96&d=mm&r=g\",\"contentUrl\":\"https:\\\/\\\/secure.gravatar.com\\\/avatar\\\/b9c54b94c1bbbe36daed6c9b6c5db43cef19697831bab8a68d461c78586cfe7c?s=96&d=mm&r=g\",\"caption\":\"Janine Schmitz\"},\"url\":\"https:\\\/\\\/blog.caule.com.br\\\/blog-2\\\/author\\\/janineschmitz\\\/\"}]}<\/script>\n<!-- \/ Yoast SEO plugin. -->","yoast_head_json":{"title":"Porque eu decidi revender cosm\u00e9ticos naturais e veganos - Blog","description":"O in\u00edcio da hist\u00f3ria da Janine - idealizadora da Caule. Os motivos e at\u00e9 os desafios em decidir e come\u00e7ar a revender cosm\u00e9ticos naturais e veganos.","robots":{"index":"index","follow":"follow","max-snippet":"max-snippet:-1","max-image-preview":"max-image-preview:large","max-video-preview":"max-video-preview:-1"},"canonical":"https:\/\/blog.caule.com.br\/blog-2\/2019\/porque-eu-decidi-revender-cosmeticos-naturais-e-veganos\/","og_locale":"pt_BR","og_type":"article","og_title":"Porque eu decidi revender cosm\u00e9ticos naturais e veganos - Blog","og_description":"O in\u00edcio da hist\u00f3ria da Janine - idealizadora da Caule. Os motivos e at\u00e9 os desafios em decidir e come\u00e7ar a revender cosm\u00e9ticos naturais e veganos.","og_url":"https:\/\/blog.caule.com.br\/blog-2\/2019\/porque-eu-decidi-revender-cosmeticos-naturais-e-veganos\/","og_site_name":"Blog","article_publisher":"https:\/\/www.facebook.com\/CauleDistribuidora","article_published_time":"2019-09-20T11:54:08+00:00","article_modified_time":"2023-03-07T14:01:46+00:00","og_image":[{"width":1920,"height":1415,"url":"https:\/\/blog.caule.com.br\/blog-2\/wp-content\/uploads\/2015\/08\/bg_causa_caule.jpg","type":"image\/jpeg"}],"author":"Janine Schmitz","twitter_card":"summary_large_image","twitter_misc":{"Escrito por":"Janine Schmitz","Est. tempo de leitura":"8 minutos"},"schema":{"@context":"https:\/\/schema.org","@graph":[{"@type":"Article","@id":"https:\/\/blog.caule.com.br\/blog-2\/2019\/porque-eu-decidi-revender-cosmeticos-naturais-e-veganos\/#article","isPartOf":{"@id":"https:\/\/blog.caule.com.br\/blog-2\/2019\/porque-eu-decidi-revender-cosmeticos-naturais-e-veganos\/"},"author":{"name":"Janine Schmitz","@id":"https:\/\/blog.caule.com.br\/blog-2\/#\/schema\/person\/8da0d35def75a41f0bfc5549c0bef059"},"headline":"Porque eu decidi revender cosm\u00e9ticos naturais e veganos","datePublished":"2019-09-20T11:54:08+00:00","dateModified":"2023-03-07T14:01:46+00:00","mainEntityOfPage":{"@id":"https:\/\/blog.caule.com.br\/blog-2\/2019\/porque-eu-decidi-revender-cosmeticos-naturais-e-veganos\/"},"wordCount":1240,"publisher":{"@id":"https:\/\/blog.caule.com.br\/blog-2\/#organization"},"image":{"@id":"https:\/\/blog.caule.com.br\/blog-2\/2019\/porque-eu-decidi-revender-cosmeticos-naturais-e-veganos\/#primaryimage"},"thumbnailUrl":"https:\/\/blog.caule.com.br\/blog-2\/wp-content\/uploads\/2015\/08\/bg_causa_caule.jpg","keywords":["cosm\u00e9ticos org\u00e2nicos para revenda","cosmeticos veganos para revenda","cosm\u00e9ticos veganos revenda","revenda caule","revenda caule eco.l\u00f3gicos","revenda de cosm\u00e9ticos","revenda de produtos veganos","revender cosmeticos naturais","vender cosm\u00e9ticos naturais"],"articleSection":["Causa Caule","Consumo Consciente","Cosm\u00e9ticos Naturais","Cosm\u00e9ticos Org\u00e2nicos"],"inLanguage":"pt-BR"},{"@type":"WebPage","@id":"https:\/\/blog.caule.com.br\/blog-2\/2019\/porque-eu-decidi-revender-cosmeticos-naturais-e-veganos\/","url":"https:\/\/blog.caule.com.br\/blog-2\/2019\/porque-eu-decidi-revender-cosmeticos-naturais-e-veganos\/","name":"Porque eu decidi revender cosm\u00e9ticos naturais e veganos - Blog","isPartOf":{"@id":"https:\/\/blog.caule.com.br\/blog-2\/#website"},"primaryImageOfPage":{"@id":"https:\/\/blog.caule.com.br\/blog-2\/2019\/porque-eu-decidi-revender-cosmeticos-naturais-e-veganos\/#primaryimage"},"image":{"@id":"https:\/\/blog.caule.com.br\/blog-2\/2019\/porque-eu-decidi-revender-cosmeticos-naturais-e-veganos\/#primaryimage"},"thumbnailUrl":"https:\/\/blog.caule.com.br\/blog-2\/wp-content\/uploads\/2015\/08\/bg_causa_caule.jpg","datePublished":"2019-09-20T11:54:08+00:00","dateModified":"2023-03-07T14:01:46+00:00","description":"O in\u00edcio da hist\u00f3ria da Janine - idealizadora da Caule. Os motivos e at\u00e9 os desafios em decidir e come\u00e7ar a revender cosm\u00e9ticos naturais e veganos.","breadcrumb":{"@id":"https:\/\/blog.caule.com.br\/blog-2\/2019\/porque-eu-decidi-revender-cosmeticos-naturais-e-veganos\/#breadcrumb"},"inLanguage":"pt-BR","potentialAction":[{"@type":"ReadAction","target":["https:\/\/blog.caule.com.br\/blog-2\/2019\/porque-eu-decidi-revender-cosmeticos-naturais-e-veganos\/"]}]},{"@type":"ImageObject","inLanguage":"pt-BR","@id":"https:\/\/blog.caule.com.br\/blog-2\/2019\/porque-eu-decidi-revender-cosmeticos-naturais-e-veganos\/#primaryimage","url":"https:\/\/blog.caule.com.br\/blog-2\/wp-content\/uploads\/2015\/08\/bg_causa_caule.jpg","contentUrl":"https:\/\/blog.caule.com.br\/blog-2\/wp-content\/uploads\/2015\/08\/bg_causa_caule.jpg","width":1920,"height":1415,"caption":"Cosm\u00e9ticos naturais na Feira Org\u00e2nica"},{"@type":"BreadcrumbList","@id":"https:\/\/blog.caule.com.br\/blog-2\/2019\/porque-eu-decidi-revender-cosmeticos-naturais-e-veganos\/#breadcrumb","itemListElement":[{"@type":"ListItem","position":1,"name":"Home","item":"https:\/\/blog.caule.com.br\/blog-2\/"},{"@type":"ListItem","position":2,"name":"Porque eu decidi revender cosm\u00e9ticos naturais e veganos"}]},{"@type":"WebSite","@id":"https:\/\/blog.caule.com.br\/blog-2\/#website","url":"https:\/\/blog.caule.com.br\/blog-2\/","name":"Blog","description":"Caule eco.l\u00f3gicos","publisher":{"@id":"https:\/\/blog.caule.com.br\/blog-2\/#organization"},"potentialAction":[{"@type":"SearchAction","target":{"@type":"EntryPoint","urlTemplate":"https:\/\/blog.caule.com.br\/blog-2\/?s={search_term_string}"},"query-input":{"@type":"PropertyValueSpecification","valueRequired":true,"valueName":"search_term_string"}}],"inLanguage":"pt-BR"},{"@type":"Organization","@id":"https:\/\/blog.caule.com.br\/blog-2\/#organization","name":"Caule eco.l\u00f3gicos","url":"https:\/\/blog.caule.com.br\/blog-2\/","logo":{"@type":"ImageObject","inLanguage":"pt-BR","@id":"https:\/\/blog.caule.com.br\/blog-2\/#\/schema\/logo\/image\/","url":"https:\/\/blog.caule.com.br\/blog-2\/wp-content\/uploads\/2015\/07\/caule_horizontal_w90.png","contentUrl":"https:\/\/blog.caule.com.br\/blog-2\/wp-content\/uploads\/2015\/07\/caule_horizontal_w90.png","width":213,"height":90,"caption":"Caule eco.l\u00f3gicos"},"image":{"@id":"https:\/\/blog.caule.com.br\/blog-2\/#\/schema\/logo\/image\/"},"sameAs":["https:\/\/www.facebook.com\/CauleDistribuidora","https:\/\/www.instagram.com\/caule.eco.logicos\/","https:\/\/br.pinterest.com\/cauleecologicos\/","https:\/\/www.youtube.com\/cauleecologicos"]},{"@type":"Person","@id":"https:\/\/blog.caule.com.br\/blog-2\/#\/schema\/person\/8da0d35def75a41f0bfc5549c0bef059","name":"Janine Schmitz","image":{"@type":"ImageObject","inLanguage":"pt-BR","@id":"https:\/\/secure.gravatar.com\/avatar\/b9c54b94c1bbbe36daed6c9b6c5db43cef19697831bab8a68d461c78586cfe7c?s=96&d=mm&r=g","url":"https:\/\/secure.gravatar.com\/avatar\/b9c54b94c1bbbe36daed6c9b6c5db43cef19697831bab8a68d461c78586cfe7c?s=96&d=mm&r=g","contentUrl":"https:\/\/secure.gravatar.com\/avatar\/b9c54b94c1bbbe36daed6c9b6c5db43cef19697831bab8a68d461c78586cfe7c?s=96&d=mm&r=g","caption":"Janine Schmitz"},"url":"https:\/\/blog.caule.com.br\/blog-2\/author\/janineschmitz\/"}]}},"jetpack_featured_media_url":"https:\/\/blog.caule.com.br\/blog-2\/wp-content\/uploads\/2015\/08\/bg_causa_caule.jpg","jetpack_sharing_enabled":true,"_links":{"self":[{"href":"https:\/\/blog.caule.com.br\/blog-2\/wp-json\/wp\/v2\/posts\/2487","targetHints":{"allow":["GET"]}}],"collection":[{"href":"https:\/\/blog.caule.com.br\/blog-2\/wp-json\/wp\/v2\/posts"}],"about":[{"href":"https:\/\/blog.caule.com.br\/blog-2\/wp-json\/wp\/v2\/types\/post"}],"author":[{"embeddable":true,"href":"https:\/\/blog.caule.com.br\/blog-2\/wp-json\/wp\/v2\/users\/2"}],"replies":[{"embeddable":true,"href":"https:\/\/blog.caule.com.br\/blog-2\/wp-json\/wp\/v2\/comments?post=2487"}],"version-history":[{"count":10,"href":"https:\/\/blog.caule.com.br\/blog-2\/wp-json\/wp\/v2\/posts\/2487\/revisions"}],"predecessor-version":[{"id":9027,"href":"https:\/\/blog.caule.com.br\/blog-2\/wp-json\/wp\/v2\/posts\/2487\/revisions\/9027"}],"wp:featuredmedia":[{"embeddable":true,"href":"https:\/\/blog.caule.com.br\/blog-2\/wp-json\/wp\/v2\/media\/369"}],"wp:attachment":[{"href":"https:\/\/blog.caule.com.br\/blog-2\/wp-json\/wp\/v2\/media?parent=2487"}],"wp:term":[{"taxonomy":"category","embeddable":true,"href":"https:\/\/blog.caule.com.br\/blog-2\/wp-json\/wp\/v2\/categories?post=2487"},{"taxonomy":"post_tag","embeddable":true,"href":"https:\/\/blog.caule.com.br\/blog-2\/wp-json\/wp\/v2\/tags?post=2487"}],"curies":[{"name":"wp","href":"https:\/\/api.w.org\/{rel}","templated":true}]}}