{"id":2485,"date":"2018-12-30T15:42:12","date_gmt":"2018-12-30T17:42:12","guid":{"rendered":"http:\/\/www.caule.com.br\/?p=1878"},"modified":"2022-01-03T16:07:22","modified_gmt":"2022-01-03T16:07:22","slug":"para-2019-ser-melhor","status":"publish","type":"post","link":"https:\/\/blog.caule.com.br\/blog-2\/2018\/para-2019-ser-melhor\/","title":{"rendered":"Para 2019 ser melhor falta pouco!"},"content":{"rendered":"<p>Para 2019 ser melhor podemos refletir sobre onde estamos e como chegamos onde estamos. E ent\u00e3o programar os objetivos\/a rota para o novo ano que chega. Esse, portanto, \u00e9 o momento prop\u00edcio para falarmos de cren\u00e7as limitantes.<\/p>\n<h2>Cren\u00e7as limitantes<\/h2>\n<p>O que n\u00e3o deu certo? Por que n\u00e3o deu certo? Desistir ou ressignificar? Partiremos desses questionamentos para expandir nossos objetivos e, sim, concretiz\u00e1-los.<br \/>\nAfinal, o que s\u00e3o essas tais cren\u00e7as limitantes? S\u00e3o cren\u00e7as que nos limitam numa zona de conforto e seguran\u00e7a ou aquela desculpa para n\u00e3o realizar aquilo que realmente queremos. Pensamentos do tipo: \u201cn\u00e3o tenho mais idade\u201d; \u201c\u00e9 tarde demais\u201d; \u201cn\u00e3o tenho conhecimento suficiente\u201d; \u201c\u00e9 tudo muito complicado\u201d; \u201cj\u00e1 tenho muitas responsabilidades\u201d; \u201c n\u00e3o tenho tempo para isso\u201d; \u201cnunca deu certo\u201d; \u201destou fora de forma\u201d ;\u201cn\u00e3o estou preparada\u201d; \u201cn\u00e3o sei por onde come\u00e7ar\u201d; \u201cn\u00e3o tenho dinheiro para isso\u201d, s\u00e3o alguns exemplos.<\/p>\n<p>Para 2019 ser melhor \u00e9 preciso estar atenta\u00a0\u00e0 tend\u00eancia\u00a0a esse tipo de pensamento,\u00a0a esse tipo de cren\u00e7a limitante. Tais pensamentos frustram e dificultam as realiza\u00e7\u00f5es. \u00c9 preciso ir al\u00e9m para encontrar solu\u00e7\u00f5es em cada um desses aparentes \u201cfins de linha\u201d e evoluir. Afinal pensamentos recorrentes s\u00e3o nutridos e acabam se tornando realidade: \u201cN\u00e3o tenho dinheiro para iniciar um neg\u00f3cio\u201d est\u00e1 dizendo que voc\u00ea n\u00e3o tem agora e n\u00e3o ter\u00e1 no futuro, mas focar no neg\u00f3cio e pensar: \u201ccomo posso abrir meu neg\u00f3cio com o que tenho ao meu dispor?\u201d abrir\u00e1 os caminhos e te levar\u00e1 muito longe. A regra de ouro \u00e9: n\u00e3o desistir de voc\u00ea.<\/p>\n<h2>Persist\u00eancia para seu 2019 ser melhor<\/h2>\n<p><a href=\"https:\/\/blog.caule.com.br\/blog-2\/wp-content\/uploads\/2015\/07\/Filtro-solar_1.jpg\" target=\"_blank\" rel=\"attachment noopener wp-att-170\"><img decoding=\"async\" class=\"alignleft wp-image-170 size-medium\" src=\"https:\/\/blog.caule.com.br\/blog-2\/wp-content\/uploads\/2015\/07\/Filtro-solar_1-300x200.jpg\" alt=\"Persist\u00eancia para 2019 ser melhor\" width=\"300\" height=\"200\" srcset=\"https:\/\/blog.caule.com.br\/blog-2\/wp-content\/uploads\/2015\/07\/Filtro-solar_1-300x200.jpg 300w, https:\/\/blog.caule.com.br\/blog-2\/wp-content\/uploads\/2015\/07\/Filtro-solar_1-600x400.jpg 600w, https:\/\/blog.caule.com.br\/blog-2\/wp-content\/uploads\/2015\/07\/Filtro-solar_1-1024x683.jpg 1024w, https:\/\/blog.caule.com.br\/blog-2\/wp-content\/uploads\/2015\/07\/Filtro-solar_1-768x512.jpg 768w, https:\/\/blog.caule.com.br\/blog-2\/wp-content\/uploads\/2015\/07\/Filtro-solar_1.jpg 1300w\" sizes=\"(max-width: 300px) 100vw, 300px\" \/><\/a>Por\u00e9m tem sempre aquelas pessoas que criaram n\u00e3o s\u00f3 um, mas v\u00e1rios neg\u00f3cios que n\u00e3o deram certo e por isso mesmo surge a cren\u00e7a que n\u00e3o dar\u00e1 certo porque tamb\u00e9m n\u00e3o deu outras vezes. Essa l\u00f3gica \u00e9 equivocada e perigosa. N\u00e3o foram apenas as inven\u00e7\u00f5es de Thomas Edinson que ficaram famosas. Suas cita\u00e7\u00f5es tamb\u00e9m: \u201cEu n\u00e3o falhei. Apenas tentei 10.000 maneiras que n\u00e3o funcionam\u201d. Essa frase revela o quanto Edison tinha a cren\u00e7a num prop\u00f3sito.<\/p>\n<p>Eu mesma passei por algo parecido. Sempre gostei ter independ\u00eancia financeira, ent\u00e3o aos 13 anos comecei a trabalhar e n\u00e3o parei mais. Ora empreendedora, ora empregada. Ali\u00e1s, essas s\u00e3o as duas \u00fanicas op\u00e7\u00f5es! No quesito empreender, costumo brincar dizendo que j\u00e1 fiz e vendi de tudo, exceto meu corpo e minha alma!<br \/>\nExperienciava as oportunidades at\u00e9 o momento que meu cora\u00e7\u00e3o dizia \u201cj\u00e1 deu!\u201d. Claro que isso muitas vezes me preocupava, afinal tamb\u00e9m tinha receio de perder a credibilidade entre as pessoas. Mas se eu fosse me prender a isso, n\u00e3o teria chegado at\u00e9 aqui para relatar tudo isso a voc\u00ea.<\/p>\n<p>Comecei a trabalhar com cosm\u00e9ticos naturais no segundo semestre de 2016. Sou formada em jornalismo e estava cursando p\u00f3s-gradua\u00e7\u00e3o em Educa\u00e7\u00e3o e Meio Ambiente, mas estava apenas focada nos estudos porque tinha cansado de procurar emprego que alinhasse identifica\u00e7\u00e3o ideol\u00f3gica com sal\u00e1rio justo. Foi exatamente um momento em que me permiti uma pausa para que o Universo agisse!<\/p>\n<h2>Tenha uma vis\u00e3o!<\/h2>\n<p>Descobri a Caule pesquisando a tem\u00e1tica do meu Trabalho de Conclus\u00e3o de Curso (TCC). Naquele momento me interessei pela comercializa\u00e7\u00e3o dos produtos porque tinha tudo a ver com os meus prop\u00f3sitos de vida. E melhor ainda: n\u00e3o havia representa\u00e7\u00f5es nem em Macei\u00f3 (minha cidade Natal), nem em Recife, onde eu morava. S\u00f3 que eu n\u00e3o tinha como investir porque eu n\u00e3o tinha renda. Poderia ter desistido. Passei dias me perguntando apenas \u201ccomo fazer?\u201d, a\u00ed o jeito foi abrir o jogo para uma anja chamada Janine, que abriu suas asas para me abra\u00e7ar e acolher minhas ideias. Foi assim que tudo teve in\u00edcio.<\/p>\n<p>\u201cUau, vou abrir mercado! Vou inspirar pessoas para uma vida mais saud\u00e1vel, org\u00e2nica!\u201d. Esse foi meu pensamento. Mas poderia ter sido \u201cN\u00e3o vai dar certo, ningu\u00e9m vai comprar. Ningu\u00e9m vai querer pagar mais caro\u201d. Eu tamb\u00e9m poderia ter pensado: \u201cSou jornalista, p\u00f3s-graduanda, como vou passar a ser vendedora de cosm\u00e9ticos? Ser feirante?\u201d. Nada contra essas atividades, que s\u00e3o muito dignas, mas esse tipo de orgulho existe em muitas pessoas e \u00e9 tamb\u00e9m uma barreira para uma nova alavancada profissional.<\/p>\n<p>Apesar de eu nem cogitar me envergonhar de estar na feira, por exemplo, muitas pessoas ao meu lado expressaram preconceito, mesmo sem me dizer uma palavra diretamente. Por\u00e9m, minha satisfa\u00e7\u00e3o e amor por tudo isso sempre foram expansivos. E tamb\u00e9m contagiantes! Hoje algumas marcas, como Mentalize, Eva da Terra e Pimenta Rosa, nasceram de uma conversa inspiradora entre n\u00f3s. Isso muito me orgulha!<\/p>\n<h2>Tenha metas!<\/h2>\n<p>Continuo trabalhando com a Caule, mas tamb\u00e9m criei, em novembro de 2017, minha pr\u00f3pria marca de cosm\u00e9ticos artesanais, naturais e veganos, a Ekonativa. Eram tr\u00eas produtos. Hoje, um ano depois, s\u00e3o mais de 20. \u00c9 engra\u00e7ado, mas muito antes de eu entrar nesse ramo, eu j\u00e1 tinha a marca, sem saber o que exatamente seria. Um sopro divino!<\/p>\n<p>Para 2019 ser melhor \u00e9 importante ir al\u00e9m. Eu fui al\u00e9m: resolvi fazer um curso de Aromaterapia \u2013 outra oportunidade que trouxe muito conhecimento e tem feito maravilhas na minha vida! Hoje, mesmo almejando v\u00f4os mais altos, estou muito feliz com o que j\u00e1 consegui at\u00e9 aqui, sobretudo quando lembro de como estava antes de todos esses acontecimentos. J\u00e1 aquelas experi\u00eancias que deram erradas durante muitos anos serviram para reconhecer a oportunidade certa quando esta surgiu. Esse \u00e9 meu entendimento.<\/p>\n<h2>O medo do nosso pr\u00f3prio poder<\/h2>\n<p>Ent\u00e3o \u00e9 importante identificar o que realmente te limita: desculpa &#8211; se responda honestamente porque n\u00e3o vai al\u00e9m, quais os benef\u00edcios de ficar onde est\u00e1? &#8211; medo \u2013 medo de brilhar, nada \u00f3bvio, \u00e9 um dos medos mais comuns. Como Nelson Mandela falou em seu discurso de posse depois de 27 anos preso.<\/p>\n<figure id=\"attachment_1879\" aria-describedby=\"caption-attachment-1879\" style=\"width: 225px\" class=\"wp-caption alignright\"><a href=\"https:\/\/blog.caule.com.br\/blog-2\/wp-content\/uploads\/2018\/12\/www.maxpixel.net-Cape-Town-South-Africa-Monument-Nelson-Mandela-997558-1.jpg\" target=\"_blank\" rel=\"attachment noopener wp-att-1879\"><img decoding=\"async\" class=\"wp-image-1879 size-medium\" src=\"https:\/\/blog.caule.com.br\/blog-2\/wp-content\/uploads\/2018\/12\/www.maxpixel.net-Cape-Town-South-Africa-Monument-Nelson-Mandela-997558-1-225x300.jpg\" alt=\"Cape Town South Africa Monument Nelson Mandela\" width=\"225\" height=\"300\" srcset=\"https:\/\/blog.caule.com.br\/blog-2\/wp-content\/uploads\/2018\/12\/www.maxpixel.net-Cape-Town-South-Africa-Monument-Nelson-Mandela-997558-1-225x300.jpg 225w, https:\/\/blog.caule.com.br\/blog-2\/wp-content\/uploads\/2018\/12\/www.maxpixel.net-Cape-Town-South-Africa-Monument-Nelson-Mandela-997558-1.jpg 480w\" sizes=\"(max-width: 225px) 100vw, 225px\" \/><\/a><figcaption id=\"caption-attachment-1879\" class=\"wp-caption-text\">Monumento de Nelson Mandela na Cidade do Cabo, \u00c1frica do Sul<\/figcaption><\/figure>\n<p>\u201cNosso medo mais profundo n\u00e3o \u00e9 o de sermos inadequados. Nosso medo mais profundo \u00e9 que somos poderosos al\u00e9m de qualquer medida.<\/p>\n<p>\u00c9 a nossa luz, n\u00e3o as nossas trevas, o que mais nos apavora. N\u00f3s nos perguntamos: Quem sou eu para ser Brilhante, Maravilhoso, Talentoso e Fabuloso?<\/p>\n<p>Na realidade, quem \u00e9 voc\u00ea para n\u00e3o ser? Voc\u00ea \u00e9 filho do Universo. Se fazer pequeno n\u00e3o ajuda o mundo. N\u00e3o h\u00e1 ilumina\u00e7\u00e3o em se encolher, para que os outros n\u00e3o se sintam inseguros quando est\u00e3o perto de voc\u00ea.<\/p>\n<p>Nascemos para manifestar a gl\u00f3ria do Universo que est\u00e1 dentro de n\u00f3s. N\u00e3o est\u00e1 apenas em um de n\u00f3s: est\u00e1 em todos n\u00f3s. E conforme deixamos nossa pr\u00f3pria luz brilhar, inconscientemente damos \u00e0s outras pessoas permiss\u00e3o para fazer o mesmo.<\/p>\n<p>E conforme nos libertamos do nosso medo, nossa presen\u00e7a, automaticamente, libera os outros.\u201d<\/p>\n<p>Reconhecer a cren\u00e7a limitante \u00e9 fundamental para diferenciar o que \u00e9 uma cren\u00e7a a ser superada ou o que \u00e9 de fato uma realidade que n\u00e3o pode ser mudada. Afinal, muitas vezes um objetivo est\u00e1 ao alcance de ser realizado e voc\u00ea s\u00f3 precisa deixar de ser a barreira do seu pr\u00f3prio caminho.<\/p>\n<h2>Coloque em\u00a0pr\u00e1tica<\/h2>\n<p>Para 2019 ser melhor \u00e9 imprescind\u00edvel superar as cren\u00e7as limitantes identificando-as e analisando por outras perspectivas focando em solu\u00e7\u00f5es. Sendo cren\u00e7as, \u00e9 preciso question\u00e1-las e perceber as consequ\u00eancias. Experimentar outras perspectivas, descobrir seu prop\u00f3sito de vida e reconhecer seu potencial. Sobretudo, \u00e9 preciso ressignificar as experi\u00eancias negativas, extraindo o que sempre h\u00e1 para aprender e evoluir. Do contr\u00e1rio, tudo o que for negativo e repetido ser\u00e1 introjetado em nossa personalidade, sendo nocivo a n\u00f3s e a quem est\u00e1 a nosso redor. Imagine como sairia Mandela depois de quase 30 anos preso se al\u00e9m das barras de ferro lhe prendessem as cren\u00e7as limitantes.<\/p>\n<p>Comece o novo ano com a mente aberta, experimente cren\u00e7as fortalecedoras e novas atitudes para que tudo de melhor concretize-se! Realiza\u00e7\u00f5es maravilhosas est\u00e3o dispon\u00edveis para sua vida. Abra a mente para abrir as portas e embelezar o caminho e com certeza, acredite que \u00e9 poss\u00edvel seu 2019 ser melhor.<\/p>\n","protected":false},"excerpt":{"rendered":"<p>Para 2019 ser melhor podemos refletir sobre onde estamos e como chegamos onde estamos. E ent\u00e3o programar os objetivos\/a rota<\/p>\n","protected":false},"author":2,"featured_media":170,"comment_status":"closed","ping_status":"closed","sticky":false,"template":"","format":"standard","meta":{"colormag_page_container_layout":"default_layout","colormag_page_sidebar_layout":"default_layout","_jetpack_memberships_contains_paid_content":false,"footnotes":""},"categories":[29],"tags":[],"class_list":["post-2485","post","type-post","status-publish","format-standard","has-post-thumbnail","hentry","category-causa-caule"],"yoast_head":"<!-- This site is optimized with the Yoast SEO plugin v27.4 - https:\/\/yoast.com\/product\/yoast-seo-wordpress\/ -->\n<title>Para 2019 ser melhor falta pouco! - Blog<\/title>\n<meta name=\"description\" content=\"Para seu 2019 ser melhor, identifique cren\u00e7as limitantes, livre se delas, escolhe metas e comece a coloc\u00e1-las em pr\u00e1tica, e os caminhos v\u00e3o aparecer!\" \/>\n<meta name=\"robots\" content=\"index, follow, max-snippet:-1, max-image-preview:large, max-video-preview:-1\" \/>\n<link rel=\"canonical\" href=\"https:\/\/blog.caule.com.br\/blog-2\/2018\/para-2019-ser-melhor\/\" \/>\n<meta property=\"og:locale\" content=\"pt_BR\" \/>\n<meta property=\"og:type\" content=\"article\" \/>\n<meta property=\"og:title\" content=\"Para 2019 ser melhor falta pouco! - Blog\" \/>\n<meta property=\"og:description\" content=\"Para seu 2019 ser melhor, identifique cren\u00e7as limitantes, livre se delas, escolhe metas e comece a coloc\u00e1-las em pr\u00e1tica, e os caminhos v\u00e3o aparecer!\" \/>\n<meta property=\"og:url\" content=\"https:\/\/blog.caule.com.br\/blog-2\/2018\/para-2019-ser-melhor\/\" \/>\n<meta property=\"og:site_name\" content=\"Blog\" \/>\n<meta property=\"article:publisher\" content=\"https:\/\/www.facebook.com\/CauleDistribuidora\" \/>\n<meta property=\"article:published_time\" content=\"2018-12-30T17:42:12+00:00\" \/>\n<meta property=\"article:modified_time\" content=\"2022-01-03T16:07:22+00:00\" \/>\n<meta property=\"og:image\" content=\"https:\/\/blog.caule.com.br\/blog-2\/wp-content\/uploads\/2015\/07\/Filtro-solar_1.jpg\" \/>\n\t<meta property=\"og:image:width\" content=\"1300\" \/>\n\t<meta property=\"og:image:height\" content=\"867\" \/>\n\t<meta property=\"og:image:type\" content=\"image\/jpeg\" \/>\n<meta name=\"author\" content=\"Janine Schmitz\" \/>\n<meta name=\"twitter:card\" content=\"summary_large_image\" \/>\n<meta name=\"twitter:label1\" content=\"Escrito por\" \/>\n\t<meta name=\"twitter:data1\" content=\"Janine Schmitz\" \/>\n\t<meta name=\"twitter:label2\" content=\"Est. tempo de leitura\" \/>\n\t<meta name=\"twitter:data2\" content=\"7 minutos\" \/>\n<script type=\"application\/ld+json\" class=\"yoast-schema-graph\">{\"@context\":\"https:\\\/\\\/schema.org\",\"@graph\":[{\"@type\":\"Article\",\"@id\":\"https:\\\/\\\/blog.caule.com.br\\\/blog-2\\\/2018\\\/para-2019-ser-melhor\\\/#article\",\"isPartOf\":{\"@id\":\"https:\\\/\\\/blog.caule.com.br\\\/blog-2\\\/2018\\\/para-2019-ser-melhor\\\/\"},\"author\":{\"name\":\"Janine Schmitz\",\"@id\":\"https:\\\/\\\/blog.caule.com.br\\\/blog-2\\\/#\\\/schema\\\/person\\\/8da0d35def75a41f0bfc5549c0bef059\"},\"headline\":\"Para 2019 ser melhor falta pouco!\",\"datePublished\":\"2018-12-30T17:42:12+00:00\",\"dateModified\":\"2022-01-03T16:07:22+00:00\",\"mainEntityOfPage\":{\"@id\":\"https:\\\/\\\/blog.caule.com.br\\\/blog-2\\\/2018\\\/para-2019-ser-melhor\\\/\"},\"wordCount\":1415,\"publisher\":{\"@id\":\"https:\\\/\\\/blog.caule.com.br\\\/blog-2\\\/#organization\"},\"image\":{\"@id\":\"https:\\\/\\\/blog.caule.com.br\\\/blog-2\\\/2018\\\/para-2019-ser-melhor\\\/#primaryimage\"},\"thumbnailUrl\":\"https:\\\/\\\/blog.caule.com.br\\\/blog-2\\\/wp-content\\\/uploads\\\/2015\\\/07\\\/Filtro-solar_1.jpg\",\"articleSection\":[\"Causa Caule\"],\"inLanguage\":\"pt-BR\"},{\"@type\":\"WebPage\",\"@id\":\"https:\\\/\\\/blog.caule.com.br\\\/blog-2\\\/2018\\\/para-2019-ser-melhor\\\/\",\"url\":\"https:\\\/\\\/blog.caule.com.br\\\/blog-2\\\/2018\\\/para-2019-ser-melhor\\\/\",\"name\":\"Para 2019 ser melhor falta pouco! - Blog\",\"isPartOf\":{\"@id\":\"https:\\\/\\\/blog.caule.com.br\\\/blog-2\\\/#website\"},\"primaryImageOfPage\":{\"@id\":\"https:\\\/\\\/blog.caule.com.br\\\/blog-2\\\/2018\\\/para-2019-ser-melhor\\\/#primaryimage\"},\"image\":{\"@id\":\"https:\\\/\\\/blog.caule.com.br\\\/blog-2\\\/2018\\\/para-2019-ser-melhor\\\/#primaryimage\"},\"thumbnailUrl\":\"https:\\\/\\\/blog.caule.com.br\\\/blog-2\\\/wp-content\\\/uploads\\\/2015\\\/07\\\/Filtro-solar_1.jpg\",\"datePublished\":\"2018-12-30T17:42:12+00:00\",\"dateModified\":\"2022-01-03T16:07:22+00:00\",\"description\":\"Para seu 2019 ser melhor, identifique cren\u00e7as limitantes, livre se delas, escolhe metas e comece a coloc\u00e1-las em pr\u00e1tica, e os caminhos v\u00e3o aparecer!\",\"breadcrumb\":{\"@id\":\"https:\\\/\\\/blog.caule.com.br\\\/blog-2\\\/2018\\\/para-2019-ser-melhor\\\/#breadcrumb\"},\"inLanguage\":\"pt-BR\",\"potentialAction\":[{\"@type\":\"ReadAction\",\"target\":[\"https:\\\/\\\/blog.caule.com.br\\\/blog-2\\\/2018\\\/para-2019-ser-melhor\\\/\"]}]},{\"@type\":\"ImageObject\",\"inLanguage\":\"pt-BR\",\"@id\":\"https:\\\/\\\/blog.caule.com.br\\\/blog-2\\\/2018\\\/para-2019-ser-melhor\\\/#primaryimage\",\"url\":\"https:\\\/\\\/blog.caule.com.br\\\/blog-2\\\/wp-content\\\/uploads\\\/2015\\\/07\\\/Filtro-solar_1.jpg\",\"contentUrl\":\"https:\\\/\\\/blog.caule.com.br\\\/blog-2\\\/wp-content\\\/uploads\\\/2015\\\/07\\\/Filtro-solar_1.jpg\",\"width\":1300,\"height\":867,\"caption\":\"Persist\u00eancia para 2019 ser melhor\"},{\"@type\":\"BreadcrumbList\",\"@id\":\"https:\\\/\\\/blog.caule.com.br\\\/blog-2\\\/2018\\\/para-2019-ser-melhor\\\/#breadcrumb\",\"itemListElement\":[{\"@type\":\"ListItem\",\"position\":1,\"name\":\"Home\",\"item\":\"https:\\\/\\\/blog.caule.com.br\\\/blog-2\\\/\"},{\"@type\":\"ListItem\",\"position\":2,\"name\":\"Para 2019 ser melhor falta pouco!\"}]},{\"@type\":\"WebSite\",\"@id\":\"https:\\\/\\\/blog.caule.com.br\\\/blog-2\\\/#website\",\"url\":\"https:\\\/\\\/blog.caule.com.br\\\/blog-2\\\/\",\"name\":\"Blog\",\"description\":\"Caule eco.l\u00f3gicos\",\"publisher\":{\"@id\":\"https:\\\/\\\/blog.caule.com.br\\\/blog-2\\\/#organization\"},\"potentialAction\":[{\"@type\":\"SearchAction\",\"target\":{\"@type\":\"EntryPoint\",\"urlTemplate\":\"https:\\\/\\\/blog.caule.com.br\\\/blog-2\\\/?s={search_term_string}\"},\"query-input\":{\"@type\":\"PropertyValueSpecification\",\"valueRequired\":true,\"valueName\":\"search_term_string\"}}],\"inLanguage\":\"pt-BR\"},{\"@type\":\"Organization\",\"@id\":\"https:\\\/\\\/blog.caule.com.br\\\/blog-2\\\/#organization\",\"name\":\"Caule eco.l\u00f3gicos\",\"url\":\"https:\\\/\\\/blog.caule.com.br\\\/blog-2\\\/\",\"logo\":{\"@type\":\"ImageObject\",\"inLanguage\":\"pt-BR\",\"@id\":\"https:\\\/\\\/blog.caule.com.br\\\/blog-2\\\/#\\\/schema\\\/logo\\\/image\\\/\",\"url\":\"https:\\\/\\\/blog.caule.com.br\\\/blog-2\\\/wp-content\\\/uploads\\\/2015\\\/07\\\/caule_horizontal_w90.png\",\"contentUrl\":\"https:\\\/\\\/blog.caule.com.br\\\/blog-2\\\/wp-content\\\/uploads\\\/2015\\\/07\\\/caule_horizontal_w90.png\",\"width\":213,\"height\":90,\"caption\":\"Caule eco.l\u00f3gicos\"},\"image\":{\"@id\":\"https:\\\/\\\/blog.caule.com.br\\\/blog-2\\\/#\\\/schema\\\/logo\\\/image\\\/\"},\"sameAs\":[\"https:\\\/\\\/www.facebook.com\\\/CauleDistribuidora\",\"https:\\\/\\\/www.instagram.com\\\/caule.eco.logicos\\\/\",\"https:\\\/\\\/br.pinterest.com\\\/cauleecologicos\\\/\",\"https:\\\/\\\/www.youtube.com\\\/cauleecologicos\"]},{\"@type\":\"Person\",\"@id\":\"https:\\\/\\\/blog.caule.com.br\\\/blog-2\\\/#\\\/schema\\\/person\\\/8da0d35def75a41f0bfc5549c0bef059\",\"name\":\"Janine Schmitz\",\"image\":{\"@type\":\"ImageObject\",\"inLanguage\":\"pt-BR\",\"@id\":\"https:\\\/\\\/secure.gravatar.com\\\/avatar\\\/b9c54b94c1bbbe36daed6c9b6c5db43cef19697831bab8a68d461c78586cfe7c?s=96&d=mm&r=g\",\"url\":\"https:\\\/\\\/secure.gravatar.com\\\/avatar\\\/b9c54b94c1bbbe36daed6c9b6c5db43cef19697831bab8a68d461c78586cfe7c?s=96&d=mm&r=g\",\"contentUrl\":\"https:\\\/\\\/secure.gravatar.com\\\/avatar\\\/b9c54b94c1bbbe36daed6c9b6c5db43cef19697831bab8a68d461c78586cfe7c?s=96&d=mm&r=g\",\"caption\":\"Janine Schmitz\"},\"url\":\"https:\\\/\\\/blog.caule.com.br\\\/blog-2\\\/author\\\/janineschmitz\\\/\"}]}<\/script>\n<!-- \/ Yoast SEO plugin. -->","yoast_head_json":{"title":"Para 2019 ser melhor falta pouco! - Blog","description":"Para seu 2019 ser melhor, identifique cren\u00e7as limitantes, livre se delas, escolhe metas e comece a coloc\u00e1-las em pr\u00e1tica, e os caminhos v\u00e3o aparecer!","robots":{"index":"index","follow":"follow","max-snippet":"max-snippet:-1","max-image-preview":"max-image-preview:large","max-video-preview":"max-video-preview:-1"},"canonical":"https:\/\/blog.caule.com.br\/blog-2\/2018\/para-2019-ser-melhor\/","og_locale":"pt_BR","og_type":"article","og_title":"Para 2019 ser melhor falta pouco! - Blog","og_description":"Para seu 2019 ser melhor, identifique cren\u00e7as limitantes, livre se delas, escolhe metas e comece a coloc\u00e1-las em pr\u00e1tica, e os caminhos v\u00e3o aparecer!","og_url":"https:\/\/blog.caule.com.br\/blog-2\/2018\/para-2019-ser-melhor\/","og_site_name":"Blog","article_publisher":"https:\/\/www.facebook.com\/CauleDistribuidora","article_published_time":"2018-12-30T17:42:12+00:00","article_modified_time":"2022-01-03T16:07:22+00:00","og_image":[{"width":1300,"height":867,"url":"https:\/\/blog.caule.com.br\/blog-2\/wp-content\/uploads\/2015\/07\/Filtro-solar_1.jpg","type":"image\/jpeg"}],"author":"Janine Schmitz","twitter_card":"summary_large_image","twitter_misc":{"Escrito por":"Janine Schmitz","Est. tempo de leitura":"7 minutos"},"schema":{"@context":"https:\/\/schema.org","@graph":[{"@type":"Article","@id":"https:\/\/blog.caule.com.br\/blog-2\/2018\/para-2019-ser-melhor\/#article","isPartOf":{"@id":"https:\/\/blog.caule.com.br\/blog-2\/2018\/para-2019-ser-melhor\/"},"author":{"name":"Janine Schmitz","@id":"https:\/\/blog.caule.com.br\/blog-2\/#\/schema\/person\/8da0d35def75a41f0bfc5549c0bef059"},"headline":"Para 2019 ser melhor falta pouco!","datePublished":"2018-12-30T17:42:12+00:00","dateModified":"2022-01-03T16:07:22+00:00","mainEntityOfPage":{"@id":"https:\/\/blog.caule.com.br\/blog-2\/2018\/para-2019-ser-melhor\/"},"wordCount":1415,"publisher":{"@id":"https:\/\/blog.caule.com.br\/blog-2\/#organization"},"image":{"@id":"https:\/\/blog.caule.com.br\/blog-2\/2018\/para-2019-ser-melhor\/#primaryimage"},"thumbnailUrl":"https:\/\/blog.caule.com.br\/blog-2\/wp-content\/uploads\/2015\/07\/Filtro-solar_1.jpg","articleSection":["Causa Caule"],"inLanguage":"pt-BR"},{"@type":"WebPage","@id":"https:\/\/blog.caule.com.br\/blog-2\/2018\/para-2019-ser-melhor\/","url":"https:\/\/blog.caule.com.br\/blog-2\/2018\/para-2019-ser-melhor\/","name":"Para 2019 ser melhor falta pouco! - Blog","isPartOf":{"@id":"https:\/\/blog.caule.com.br\/blog-2\/#website"},"primaryImageOfPage":{"@id":"https:\/\/blog.caule.com.br\/blog-2\/2018\/para-2019-ser-melhor\/#primaryimage"},"image":{"@id":"https:\/\/blog.caule.com.br\/blog-2\/2018\/para-2019-ser-melhor\/#primaryimage"},"thumbnailUrl":"https:\/\/blog.caule.com.br\/blog-2\/wp-content\/uploads\/2015\/07\/Filtro-solar_1.jpg","datePublished":"2018-12-30T17:42:12+00:00","dateModified":"2022-01-03T16:07:22+00:00","description":"Para seu 2019 ser melhor, identifique cren\u00e7as limitantes, livre se delas, escolhe metas e comece a coloc\u00e1-las em pr\u00e1tica, e os caminhos v\u00e3o aparecer!","breadcrumb":{"@id":"https:\/\/blog.caule.com.br\/blog-2\/2018\/para-2019-ser-melhor\/#breadcrumb"},"inLanguage":"pt-BR","potentialAction":[{"@type":"ReadAction","target":["https:\/\/blog.caule.com.br\/blog-2\/2018\/para-2019-ser-melhor\/"]}]},{"@type":"ImageObject","inLanguage":"pt-BR","@id":"https:\/\/blog.caule.com.br\/blog-2\/2018\/para-2019-ser-melhor\/#primaryimage","url":"https:\/\/blog.caule.com.br\/blog-2\/wp-content\/uploads\/2015\/07\/Filtro-solar_1.jpg","contentUrl":"https:\/\/blog.caule.com.br\/blog-2\/wp-content\/uploads\/2015\/07\/Filtro-solar_1.jpg","width":1300,"height":867,"caption":"Persist\u00eancia para 2019 ser melhor"},{"@type":"BreadcrumbList","@id":"https:\/\/blog.caule.com.br\/blog-2\/2018\/para-2019-ser-melhor\/#breadcrumb","itemListElement":[{"@type":"ListItem","position":1,"name":"Home","item":"https:\/\/blog.caule.com.br\/blog-2\/"},{"@type":"ListItem","position":2,"name":"Para 2019 ser melhor falta pouco!"}]},{"@type":"WebSite","@id":"https:\/\/blog.caule.com.br\/blog-2\/#website","url":"https:\/\/blog.caule.com.br\/blog-2\/","name":"Blog","description":"Caule eco.l\u00f3gicos","publisher":{"@id":"https:\/\/blog.caule.com.br\/blog-2\/#organization"},"potentialAction":[{"@type":"SearchAction","target":{"@type":"EntryPoint","urlTemplate":"https:\/\/blog.caule.com.br\/blog-2\/?s={search_term_string}"},"query-input":{"@type":"PropertyValueSpecification","valueRequired":true,"valueName":"search_term_string"}}],"inLanguage":"pt-BR"},{"@type":"Organization","@id":"https:\/\/blog.caule.com.br\/blog-2\/#organization","name":"Caule eco.l\u00f3gicos","url":"https:\/\/blog.caule.com.br\/blog-2\/","logo":{"@type":"ImageObject","inLanguage":"pt-BR","@id":"https:\/\/blog.caule.com.br\/blog-2\/#\/schema\/logo\/image\/","url":"https:\/\/blog.caule.com.br\/blog-2\/wp-content\/uploads\/2015\/07\/caule_horizontal_w90.png","contentUrl":"https:\/\/blog.caule.com.br\/blog-2\/wp-content\/uploads\/2015\/07\/caule_horizontal_w90.png","width":213,"height":90,"caption":"Caule eco.l\u00f3gicos"},"image":{"@id":"https:\/\/blog.caule.com.br\/blog-2\/#\/schema\/logo\/image\/"},"sameAs":["https:\/\/www.facebook.com\/CauleDistribuidora","https:\/\/www.instagram.com\/caule.eco.logicos\/","https:\/\/br.pinterest.com\/cauleecologicos\/","https:\/\/www.youtube.com\/cauleecologicos"]},{"@type":"Person","@id":"https:\/\/blog.caule.com.br\/blog-2\/#\/schema\/person\/8da0d35def75a41f0bfc5549c0bef059","name":"Janine Schmitz","image":{"@type":"ImageObject","inLanguage":"pt-BR","@id":"https:\/\/secure.gravatar.com\/avatar\/b9c54b94c1bbbe36daed6c9b6c5db43cef19697831bab8a68d461c78586cfe7c?s=96&d=mm&r=g","url":"https:\/\/secure.gravatar.com\/avatar\/b9c54b94c1bbbe36daed6c9b6c5db43cef19697831bab8a68d461c78586cfe7c?s=96&d=mm&r=g","contentUrl":"https:\/\/secure.gravatar.com\/avatar\/b9c54b94c1bbbe36daed6c9b6c5db43cef19697831bab8a68d461c78586cfe7c?s=96&d=mm&r=g","caption":"Janine Schmitz"},"url":"https:\/\/blog.caule.com.br\/blog-2\/author\/janineschmitz\/"}]}},"jetpack_featured_media_url":"https:\/\/blog.caule.com.br\/blog-2\/wp-content\/uploads\/2015\/07\/Filtro-solar_1.jpg","jetpack_sharing_enabled":true,"_links":{"self":[{"href":"https:\/\/blog.caule.com.br\/blog-2\/wp-json\/wp\/v2\/posts\/2485","targetHints":{"allow":["GET"]}}],"collection":[{"href":"https:\/\/blog.caule.com.br\/blog-2\/wp-json\/wp\/v2\/posts"}],"about":[{"href":"https:\/\/blog.caule.com.br\/blog-2\/wp-json\/wp\/v2\/types\/post"}],"author":[{"embeddable":true,"href":"https:\/\/blog.caule.com.br\/blog-2\/wp-json\/wp\/v2\/users\/2"}],"replies":[{"embeddable":true,"href":"https:\/\/blog.caule.com.br\/blog-2\/wp-json\/wp\/v2\/comments?post=2485"}],"version-history":[{"count":3,"href":"https:\/\/blog.caule.com.br\/blog-2\/wp-json\/wp\/v2\/posts\/2485\/revisions"}],"predecessor-version":[{"id":9036,"href":"https:\/\/blog.caule.com.br\/blog-2\/wp-json\/wp\/v2\/posts\/2485\/revisions\/9036"}],"wp:featuredmedia":[{"embeddable":true,"href":"https:\/\/blog.caule.com.br\/blog-2\/wp-json\/wp\/v2\/media\/170"}],"wp:attachment":[{"href":"https:\/\/blog.caule.com.br\/blog-2\/wp-json\/wp\/v2\/media?parent=2485"}],"wp:term":[{"taxonomy":"category","embeddable":true,"href":"https:\/\/blog.caule.com.br\/blog-2\/wp-json\/wp\/v2\/categories?post=2485"},{"taxonomy":"post_tag","embeddable":true,"href":"https:\/\/blog.caule.com.br\/blog-2\/wp-json\/wp\/v2\/tags?post=2485"}],"curies":[{"name":"wp","href":"https:\/\/api.w.org\/{rel}","templated":true}]}}