{"id":2479,"date":"2018-05-14T11:45:44","date_gmt":"2018-05-14T14:45:44","guid":{"rendered":"http:\/\/www.caule.com.br\/?p=1732"},"modified":"2025-09-24T18:36:33","modified_gmt":"2025-09-24T18:36:33","slug":"escova-de-bambu-97-biodegradavel","status":"publish","type":"post","link":"https:\/\/blog.caule.com.br\/blog-2\/2018\/escova-de-bambu-97-biodegradavel\/","title":{"rendered":"Eco escova de bambu 97% biodegrad\u00e1vel"},"content":{"rendered":"<div dir=\"ltr\">\n<p><span style=\"color: #000000;\"><span style=\"font-family: Arial, sans-serif;\">O bambu \u00e9 pop! A eco\u00a0<span class=\"il\">escova<\/span> de bambu 97% biodegrad\u00e1vel tamb\u00e9m!<\/span><\/span><\/p>\n<p><strong>Post atualizado: 09\/2025<\/strong><\/p>\n<p><span style=\"color: #000000;\"><span style=\"font-family: Arial, sans-serif;\">\u00a0<img decoding=\"async\" class=\"wp-image-1831 size-medium aligncenter\" src=\"https:\/\/caule.com.br\/blog-2\/wp-content\/uploads\/2018\/05\/essencia-bamboo-m-martan-100-ml-1-300x300.jpg\" alt=\"O bambu \u00e9 a mat\u00e9ria-prima do cabo da escova de bambu da Loja Caule. \" width=\"300\" height=\"300\" srcset=\"https:\/\/blog.caule.com.br\/blog-2\/wp-content\/uploads\/2018\/05\/essencia-bamboo-m-martan-100-ml-1-300x300.jpg 300w, https:\/\/blog.caule.com.br\/blog-2\/wp-content\/uploads\/2018\/05\/essencia-bamboo-m-martan-100-ml-1-100x100.jpg 100w, https:\/\/blog.caule.com.br\/blog-2\/wp-content\/uploads\/2018\/05\/essencia-bamboo-m-martan-100-ml-1-600x600.jpg 600w, https:\/\/blog.caule.com.br\/blog-2\/wp-content\/uploads\/2018\/05\/essencia-bamboo-m-martan-100-ml-1-150x150.jpg 150w, https:\/\/blog.caule.com.br\/blog-2\/wp-content\/uploads\/2018\/05\/essencia-bamboo-m-martan-100-ml-1-768x768.jpg 768w, https:\/\/blog.caule.com.br\/blog-2\/wp-content\/uploads\/2018\/05\/essencia-bamboo-m-martan-100-ml-1.jpg 800w\" sizes=\"(max-width: 300px) 100vw, 300px\" \/><\/span><\/span><\/p>\n<p>O bambu \u00e9 um dos materiais mais ecol\u00f3gicos. N\u00e3o s\u00f3 porque \u00e9 natural e portanto biodegrad\u00e1vel, mas porque \u00e9 de fonte rapidamente renov\u00e1vel.<\/p>\n<p>E n\u00e3o \u00e9 s\u00f3 isso! O bambu capta o g\u00e1s carb\u00f4nico (CO2) que est\u00e1 poluindo nosso ar. O bambu cresce espantosamente, podendo crescer at\u00e9 um metro por dia.<\/p>\n<h2 style=\"text-align: left;\"><span style=\"color: #000000;\"><span style=\"font-family: Arial, sans-serif;\">Minha hist\u00f3ria com o bambu<\/span><\/span><\/h2>\n<p><span style=\"color: #000000;\"><span style=\"font-family: Arial, sans-serif;\"><span style=\"color: #000000; font-family: Arial, sans-serif;\">O meu primeiro contato com bambu foi logo que me formei, em 2002. Estava naquela fase perdida p\u00f3s-faculdade e vi que teria uma oficina de p\u00e9rgola de bambu na Casa de Cultura Mario Quintana em Porto Alegre. <\/span><\/span><\/span><\/p>\n<p><span style=\"color: #000000;\"><span style=\"font-family: Arial, sans-serif;\"><span style=\"color: #000000; font-family: Arial, sans-serif;\">O in\u00edcio do que \u00e9 hoje o Jardim Lutzemberger (Jos\u00e9 Lutzemberger \u00e9 meu Ecoguru ascensionado). Liguei para minha ex-colega Simone Brenner e l\u00e1 fomos n\u00f3s fazer a oficina. Foi amor a primeira, segunda e todas as vistas! Bambu \u00e9 um material lindo, vers\u00e1til, leve e eco. Tudo que valo<\/span><\/span><\/span><span style=\"color: #000000; font-family: Arial, sans-serif; font-size: 1rem;\">rizo nessa vida.<img decoding=\"async\" class=\"alignleft wp-image-1804 size-medium\" src=\"http:\/\/caule.com.br\/blog-2\/wp-content\/uploads\/2018\/05\/image-1-300x225.jpg\" alt=\"Jardim sustent\u00e1vel no meio da cidade grande.\" width=\"300\" height=\"225\" srcset=\"https:\/\/blog.caule.com.br\/blog-2\/wp-content\/uploads\/2018\/05\/image-1-300x225.jpg 300w, https:\/\/blog.caule.com.br\/blog-2\/wp-content\/uploads\/2018\/05\/image-1-600x450.jpg 600w, https:\/\/blog.caule.com.br\/blog-2\/wp-content\/uploads\/2018\/05\/image-1-1024x768.jpg 1024w, https:\/\/blog.caule.com.br\/blog-2\/wp-content\/uploads\/2018\/05\/image-1-768x576.jpg 768w, https:\/\/blog.caule.com.br\/blog-2\/wp-content\/uploads\/2018\/05\/image-1-1536x1152.jpg 1536w, https:\/\/blog.caule.com.br\/blog-2\/wp-content\/uploads\/2018\/05\/image-1.jpg 2048w\" sizes=\"(max-width: 300px) 100vw, 300px\" \/><\/span><\/p>\n<p><span style=\"color: #000000;\"><span style=\"font-family: Arial, sans-serif;\">Qualquer coisa de bambu eu j\u00e1 admiro s\u00f3 por ser de bambu. Faz alguns anos fiz uma oficina de utens\u00edlios de bambu com o grande mestre bambuzal: Rodrigo Primavera, e foi incr\u00edvel. <\/span><\/span><\/p>\n<p><span style=\"color: #000000;\"><span style=\"font-family: Arial, sans-serif;\">Fiz um arquivo suspenso que era exatamente o que eu precisava no momento. O amor s\u00f3 cresceu! Queria que todos meus utens\u00edlios fossem de bambu. <\/span><\/span><\/p>\n<p><span style=\"color: #000000;\"><span style=\"font-family: Arial, sans-serif;\">Mas faz algum tempo, eu percebi mais utens\u00edlios no mercado. Fiquei feliz pela disponibilidade, mas triste porque todos eram feitos na China. Eu priorizo os \u201c<i>made in Brazil<\/i>\u201d e evito, especialmente, comprar coisas feitas na China, em fun\u00e7\u00e3o da dist\u00e2ncia do transporte e o alto \u00edndice de trabalho escravo no pa\u00eds.<\/span><\/span><\/p>\n<p><a href=\"https:\/\/caule.com.br\/produto-escova-de-dentes-de-bambu-97-biodegradavel-caule-cau01\" target=\"_blank\" rel=\"noopener\"><img decoding=\"async\" class=\"alignnone wp-image-7916 size-full\" src=\"http:\/\/caule.com.br\/blog-2\/wp-content\/uploads\/2018\/05\/clique-e-compre.jpg\" alt=\"CTA para clicar e comprar no post escova de bambu, Loja Caule.\" width=\"1200\" height=\"200\" srcset=\"https:\/\/blog.caule.com.br\/blog-2\/wp-content\/uploads\/2018\/05\/clique-e-compre.jpg 1200w, https:\/\/blog.caule.com.br\/blog-2\/wp-content\/uploads\/2018\/05\/clique-e-compre-300x50.jpg 300w, https:\/\/blog.caule.com.br\/blog-2\/wp-content\/uploads\/2018\/05\/clique-e-compre-1024x171.jpg 1024w, https:\/\/blog.caule.com.br\/blog-2\/wp-content\/uploads\/2018\/05\/clique-e-compre-768x128.jpg 768w\" sizes=\"(max-width: 1200px) 100vw, 1200px\" \/><\/a><\/p>\n<h2><span style=\"color: #000000;\"><span style=\"font-family: Arial, sans-serif;\">Bambu e China<\/span><\/span><\/h2>\n<p><span style=\"color: #000000;\"><span style=\"font-family: Arial, sans-serif;\">A quest\u00e3o \u00e9 que o bambu \u00e9 uma tradi\u00e7\u00e3o milenar na China. E por mais que tenhamos muitas esp\u00e9cies de bambu na Am\u00e9rica Latina, n\u00e3o \u00e9 tradi\u00e7\u00e3o aqui usarmos essa gram\u00ednea que cresce a jato para fazer utens\u00edlios. <\/span><\/span><\/p>\n<p><span style=\"color: #000000;\"><span style=\"font-family: Arial, sans-serif;\">Portanto n\u00e3o temos tecnologia\/maquin\u00e1rio para fazer esses lindos utens\u00edlios aqui. Nesse caso, melhor um utens\u00edlio de bambu biodegrad\u00e1vel feito na China do que um de pl\u00e1stico feito no Brasil. E olha que hoje a maior parte das <span class=\"il\">escovas<\/span> de dentes que encontrei no mercado s\u00e3o de pl\u00e1stico e feitas na China tamb\u00e9m.<\/span><\/span><\/p>\n<p><span style=\"color: #000000;\"><span style=\"font-family: Arial, sans-serif;\">Em fevereiro de 2013, contatei uma empresa de\u00a0<span class=\"il\">escovas<\/span>\u00a0de bambu nos Estados Unidos para importar para o Brasil. Como as\u00a0<span class=\"il\">escovas<\/span> de bambu eram feitas na China, por\u00e9m, desisti imediatamente pelos motivos acima.<\/span><\/span><\/p>\n<p><img decoding=\"async\" class=\"alignright wp-image-1828 size-medium\" src=\"http:\/\/caule.com.br\/blog-2\/wp-content\/uploads\/2018\/05\/WhatsApp-Image-2018-05-14-at-10.24.13-1-300x296.jpeg\" alt=\"Caneca esmaltada da Loja Caule.\" width=\"300\" height=\"296\" srcset=\"https:\/\/blog.caule.com.br\/blog-2\/wp-content\/uploads\/2018\/05\/WhatsApp-Image-2018-05-14-at-10.24.13-1-300x296.jpeg 300w, https:\/\/blog.caule.com.br\/blog-2\/wp-content\/uploads\/2018\/05\/WhatsApp-Image-2018-05-14-at-10.24.13-1-100x100.jpeg 100w, https:\/\/blog.caule.com.br\/blog-2\/wp-content\/uploads\/2018\/05\/WhatsApp-Image-2018-05-14-at-10.24.13-1-600x592.jpeg 600w, https:\/\/blog.caule.com.br\/blog-2\/wp-content\/uploads\/2018\/05\/WhatsApp-Image-2018-05-14-at-10.24.13-1.jpeg 748w\" sizes=\"(max-width: 300px) 100vw, 300px\" \/><\/p>\n<p><span style=\"color: #000000;\"><span style=\"font-family: Arial, sans-serif;\">Depois de toda essa hist\u00f3ria com o bambu e minha procura por\u00a0<span class=\"il\">escovas<\/span> de dentes de bambu:\u00a0agora temos um dos primeiros produtos da Caule!<\/span><\/span><\/p>\n<p><span style=\"color: #000000;\"><span style=\"font-family: Arial, sans-serif;\">A\u00a0<span class=\"il\">escova<\/span> de dentes de bambu. Antes ainda os dois primeiros produtos mesmo que fizemos foram a canequinha de \u00e1gata, a caneCaule, para evitar os copos descart\u00e1veis e depois a esp\u00e1tula de madeira para aplicar argila.<\/span><\/span><\/p>\n<p><span style=\"color: #000000;\"><span style=\"font-family: Arial, sans-serif;\">Quando experimentei a\u00a0<span class=\"il\">escova<\/span>\u00a0de bambu da Boni que come\u00e7amos a distribuir em mar\u00e7o de 2017, adorei que era de bambu, mas tamb\u00e9m gostei das cerdas. <\/span><\/span><\/p>\n<p><span style=\"color: #000000;\"><span style=\"font-family: Arial, sans-serif;\">As cerdas eram afinadas nas pontas. Sem falar da maciez! Depois de um ano esperando em v\u00e3o essa marca estabilizar os estoques, resolvemos buscar um outro fornecedor.<\/span><\/span><\/p>\n<h2><span style=\"color: #000000;\"><span style=\"font-family: Arial, sans-serif;\"><img decoding=\"async\" class=\"alignleft wp-image-1833 size-medium\" src=\"http:\/\/caule.com.br\/blog-2\/wp-content\/uploads\/2018\/05\/WhatsApp-Image-2018-05-14-at-11.07.00-1-300x294.jpeg\" alt=\"A escova de bambu \u00e9 uma alternativa sustent\u00e1vel da escova de pl\u00e1stico.\" width=\"300\" height=\"294\" srcset=\"https:\/\/blog.caule.com.br\/blog-2\/wp-content\/uploads\/2018\/05\/WhatsApp-Image-2018-05-14-at-11.07.00-1-300x294.jpeg 300w, https:\/\/blog.caule.com.br\/blog-2\/wp-content\/uploads\/2018\/05\/WhatsApp-Image-2018-05-14-at-11.07.00-1-600x587.jpeg 600w, https:\/\/blog.caule.com.br\/blog-2\/wp-content\/uploads\/2018\/05\/WhatsApp-Image-2018-05-14-at-11.07.00-1.jpeg 750w\" sizes=\"(max-width: 300px) 100vw, 300px\" \/>Minha hist\u00f3ria com <span class=\"il\">escovas<\/span>\u00a0de dentes!<\/span><\/span><\/h2>\n<p><span style=\"color: #000000;\"><span style=\"font-family: Arial, sans-serif;\">Se j\u00e1 viu minha foto, deve ter percebido que meus dentes s\u00e3o maiores do que da maioria das pessoas do mundo. <\/span><\/span><\/p>\n<p><span style=\"color: #000000;\"><span style=\"font-family: Arial, sans-serif;\">Ent\u00e3o, dentes \u00e9 uma quest\u00e3o na minha vida. Desde que ouvia uma historinha de inf\u00e2ncia em que o coelhinho orgulhoso quebrou seu dente da frente isso passou a ser motivo de pavor para mim. At\u00e9 hoje. Imagina um dent\u00e3o desses faltando?<\/span><\/span><\/p>\n<\/div>\n<p><span style=\"color: #000000;\"><span style=\"font-family: Arial, sans-serif;\">Depois das dificuldades de extrair os dentes de leite vieram os dentes definitivos, bem tortos, e por isso tive que usar aparelho por quatro anos, dos dez aos quatorze anos e da\u00ed se aprende muito sobre dentes,\u00a0<span class=\"il\">escovas<\/span>\u00a0e apetrechos dent\u00e1rios. N\u00e3o \u00e9?!<\/span><\/span><\/p>\n<h1><span style=\"font-family: Arial, sans-serif;\"><span style=\"color: #000000;\">A busca por <\/span><\/span><span style=\"font-family: Arial, sans-serif;\"><span style=\"color: #000000;\">uma\u00a0<span class=\"il\">escova<\/span>\u00a0saud\u00e1vel &#8211; macia<\/span><\/span><\/h1>\n<div dir=\"ltr\">\n<p><span style=\"color: #000000;\"><span style=\"font-family: Arial, sans-serif;\">Em 2016, sofri muito com um dente que estava com uma retra\u00e7\u00e3o de gengiva avan\u00e7ada e precisei fazer tratamento de canal. Fui em dois periodontistas. E a indica\u00e7\u00e3o foi de uso de\u00a0<span class=\"il\">escova<\/span>\u00a0macia e troca mensal da\u00a0<span class=\"il\">escova<\/span>. <\/span><\/span><\/p>\n<p><span style=\"color: #000000;\"><span style=\"font-family: Arial, sans-serif;\">Como se isso fosse f\u00e1cil, todas as\u00a0<span class=\"il\">escovas<\/span> que comprei estava escrito na caixa: macia, mas nenhuma era macia. Segundo meu conceito, a maioria era dura para minhas gengivas sens\u00edveis. E como posso trocar todo m\u00eas uma <span class=\"il\">escova<\/span>\u00a0de pl\u00e1stico, n\u00e3o \u00e9 gerar muito res\u00edduo?<\/span><\/span><\/p>\n<figure id=\"attachment_7919\" aria-describedby=\"caption-attachment-7919\" style=\"width: 500px\" class=\"wp-caption aligncenter\"><a href=\"https:\/\/caule.com.br\/produto-escova-de-dentes-de-bambu-97-biodegradavel-caule-cau01\" target=\"_blank\" rel=\"noopener\"><img decoding=\"async\" class=\"wp-image-7919\" src=\"http:\/\/caule.com.br\/blog-2\/wp-content\/uploads\/2018\/05\/escova-de-bambu-adulto-recorte-e1628197324684.jpg\" alt=\"Eco escova de Bambu Caule, Loja Caule.\" width=\"500\" height=\"129\" srcset=\"https:\/\/blog.caule.com.br\/blog-2\/wp-content\/uploads\/2018\/05\/escova-de-bambu-adulto-recorte-e1628197324684.jpg 1000w, https:\/\/blog.caule.com.br\/blog-2\/wp-content\/uploads\/2018\/05\/escova-de-bambu-adulto-recorte-e1628197324684-300x77.jpg 300w, https:\/\/blog.caule.com.br\/blog-2\/wp-content\/uploads\/2018\/05\/escova-de-bambu-adulto-recorte-e1628197324684-768x197.jpg 768w\" sizes=\"(max-width: 500px) 100vw, 500px\" \/><\/a><figcaption id=\"caption-attachment-7919\" class=\"wp-caption-text\">Escova de Bambu macia, resistente e ecol\u00f3gica!<\/figcaption><\/figure>\n<p><span style=\"color: #000000;\"><span style=\"font-family: Arial, sans-serif;\">Qualquer pessoa que tem retra\u00e7\u00e3o de gengiva sabe que precisa optar por uma\u00a0<span class=\"il\">escova<\/span>\u00a0realmente macia, a quest\u00e3o \u00e9 encontrar. Foi quando descobri as divertidas\u00a0<span class=\"il\">escovas<\/span>\u00a0coloridas da Cura Prox que realmente s\u00e3o macias. A segunda\u00a0<span class=\"il\">escova<\/span>\u00a0na minha vida que considerei macia, e consegui encontrar novamente para vender.<\/span><\/span><\/p>\n<p><span style=\"color: #000000;\"><span style=\"font-family: Arial, sans-serif;\">A minha quest\u00e3o, por\u00e9m, foi que al\u00e9m de ser de pl\u00e1stico, a Curaprox \u00e9 Su\u00ed\u00e7a e sai em torno de R$ 24,90, como dou prefer\u00eancia a produtos nacionais, a felicidade n\u00e3o foi completa. Apesar que casos de escravid\u00e3o na Su\u00ed\u00e7a, s\u00e3o mais raros do que na China. A outra quest\u00e3o \u00e9 que a Su\u00ed\u00e7a j\u00e1 \u00e9 bem rica e eu prefiro manter nossas divisas por aqui.<\/span><\/span><\/p>\n<p><strong>Neste v\u00eddeo eu mostro como a escova de bambu da Caule realmente \u00e9 bem macia:<\/strong><\/p>\n<div class=\"jetpack-video-wrapper\"><iframe loading=\"lazy\" title=\"Qual a melhor escova de bambu? Crit\u00e9rios para escolher a tua!\" width=\"800\" height=\"450\" src=\"https:\/\/www.youtube.com\/embed\/84AB0_hDklc?feature=oembed\" frameborder=\"0\" allow=\"accelerometer; autoplay; clipboard-write; encrypted-media; gyroscope; picture-in-picture; web-share\" referrerpolicy=\"strict-origin-when-cross-origin\" allowfullscreen><\/iframe><\/div>\n<p>.<\/p>\n<h3>E no Brasil?<\/h3>\n<p><span style=\"color: #000000;\"><span style=\"font-family: Arial, sans-serif;\">No Brasil, por\u00e9m, n\u00e3o tem maquin\u00e1rio para produzir as\u00a0<span class=\"il\">escovas<\/span> de bambu. Nem na Am\u00e9rica Latina achei. Mesmo na Europa onde s\u00e3o mais cuidadosos, em geral, com a origem dos produtos, as escovas de bambu que encontrei s\u00e3o feitas na China. <\/span><\/span><\/p>\n<p><span style=\"color: #000000;\"><span style=\"font-family: Arial, sans-serif;\">Ent\u00e3o s\u00f3 nos resta importar da China. Como a empresa que escolhemos conseguiu nos convencer dos seus padr\u00f5es e sempre se mostrou id\u00f4nea e como a tecnologia \u00e9 de dom\u00ednio Chin\u00eas, hoje estou mais tranquila com essa quest\u00e3o. <\/span><\/span><\/p>\n<p><span style=\"color: #000000;\"><span style=\"font-family: Arial, sans-serif;\">E, tcharan, apresento-lhes aqui a:<\/span><\/span><\/p>\n<ul>\n<li><span style=\"color: #000000;\"><span style=\"font-family: Arial, sans-serif;\"> <a href=\"https:\/\/caule.com.br\/produto-escova-de-dentes-de-bambu-97-biodegradavel-caule-cau01\" target=\"_blank\" rel=\"noopener\">Eco Escova de Dentes de Bambu 97% Biodegrad\u00e1vel da Caule<\/a> (inclusive a embalagem, de papel e cartolina, \u00e9 recicl\u00e1vel e biodegrad\u00e1vel!!<\/span><\/span><\/li>\n<\/ul>\n<p><a href=\"https:\/\/caule.com.br\/produto-escova-de-dentes-de-bambu-97-biodegradavel-caule-cau01\" target=\"_blank\" rel=\"noopener\"><img decoding=\"async\" class=\"alignleft wp-image-7533 size-medium\" src=\"http:\/\/caule.com.br\/blog-2\/wp-content\/uploads\/2018\/05\/escova-de-dente-de-bambu-cerdas-carvao-caule-e1621541419770-300x163.jpg\" alt=\"Escova de dente de bambu com cerdas de carv\u00e3o na Loja Caule.\" width=\"300\" height=\"163\" srcset=\"https:\/\/blog.caule.com.br\/blog-2\/wp-content\/uploads\/2018\/05\/escova-de-dente-de-bambu-cerdas-carvao-caule-e1621541419770-300x163.jpg 300w, https:\/\/blog.caule.com.br\/blog-2\/wp-content\/uploads\/2018\/05\/escova-de-dente-de-bambu-cerdas-carvao-caule-e1621541419770.jpg 500w\" sizes=\"(max-width: 300px) 100vw, 300px\" \/><\/a><span style=\"color: #000000;\"><span style=\"font-family: Arial, sans-serif;\"><br \/>\nBom, com isso fico feliz em ter depois dessa jornada com o bambu e com tantas\u00a0<span class=\"il\">escovas experimentadas<\/span> ter conseguido unir o que achei de mais saud\u00e1vel e sustent\u00e1vel, em termos de\u00a0<span class=\"il\">escova<\/span> de dentes.<\/span><\/span><\/p>\n<\/div>\n<p><strong>Obs.:<\/strong> Quando entramos em contato com o fabricante\u00a0 das escova nos disseram que era 100% natural &#8211; que era o que procur\u00e1vamos. Pela informa\u00e7\u00e3o que tivemos assim anunciamos. Uma pessoa explicou que n\u00e3o teria como as cerdas serem 100% naturais. Ouvi e fui conferir, da\u00ed mergulhei de cabe\u00e7a de novo na pesquisa e fui atr\u00e1s da empresa que faz as cerdas que explicou que as cerdas n\u00e3o s\u00e3o 100% naturais. O carv\u00e3o ativado de bambu nas cerdas \u00e9 natural, obviamente, mas o restante \u00e9 pl\u00e1stico.\u00a0 Ent\u00e3o se j\u00e1 leu esse post pode ser que esteja encontrando ao inv\u00e9s de 100% natural &#8211; 97% natural.\u00a0 Assim como sempre busquei\/buscamos aqui informa\u00e7\u00f5es o mais transparentes poss\u00edvel assim nos dedicamos a passar.<\/p>\n<h3>Eco Escova de Dente de Bambu Infantil<\/h3>\n<p>Agora tamb\u00e9m temos op\u00e7\u00e3o sustent\u00e1vel para escovar os dentes para as crian\u00e7as! Eis aqui:<\/p>\n<ul>\n<li>A <a href=\"https:\/\/caule.com.br\/produto-eco-escova-de-dentes-infantil-de-bambu-caule-cau12\" target=\"_blank\" rel=\"noopener\">Eco Escova de Dente de Bambu Infantil &#8211; Caule <\/a>com a mesma maciez nas cerdas e cabo de bambu de alta densidade.<\/li>\n<\/ul>\n<p>Escolhemos o Bicho Pregui\u00e7a como nosso personagem da mata brasileira.<\/p>\n<p><a href=\"https:\/\/caule.com.br\/produto-eco-escova-de-dentes-infantil-de-bambu-caule-cau12\" target=\"_blank\" rel=\"noopener\"><img decoding=\"async\" class=\"wp-image-7534 aligncenter\" src=\"http:\/\/caule.com.br\/blog-2\/wp-content\/uploads\/2018\/05\/eco-escova-de-bambu-infantil-bicho-preguica-300x300.jpg\" alt=\"Eco escova de dente de bambu infantil na Loja Caule.\" width=\"257\" height=\"257\" srcset=\"https:\/\/blog.caule.com.br\/blog-2\/wp-content\/uploads\/2018\/05\/eco-escova-de-bambu-infantil-bicho-preguica-300x300.jpg 300w, https:\/\/blog.caule.com.br\/blog-2\/wp-content\/uploads\/2018\/05\/eco-escova-de-bambu-infantil-bicho-preguica-150x150.jpg 150w, https:\/\/blog.caule.com.br\/blog-2\/wp-content\/uploads\/2018\/05\/eco-escova-de-bambu-infantil-bicho-preguica-768x768.jpg 768w, https:\/\/blog.caule.com.br\/blog-2\/wp-content\/uploads\/2018\/05\/eco-escova-de-bambu-infantil-bicho-preguica.jpg 1000w\" sizes=\"(max-width: 257px) 100vw, 257px\" \/><\/a><\/p>\n<h3>Escova de Bambu Atacado<\/h3>\n<p>Aqui na Caule a gente t\u00e1 sempre pensando em solu\u00e7\u00f5es sustent\u00e1veis e, sempre que poss\u00edvel mais econ\u00f4micas. Por isso, agora temos o op\u00e7\u00e3o de comprar escova de bambu atacado.<\/p>\n<p>Assim quem \u00e9 revendedora, lojista e at\u00e9 mesmo consumidora ou consumidor consciente, pode aproveitar da melhor escova de dente de bambu com valor mais econ\u00f4mico!<\/p>\n<ul>\n<li><a href=\"https:\/\/caule.com.br\/produto-kit-10-eco-escovas-de-dentes-infantil-de-bambu-caule-kit13\" target=\"_blank\" rel=\"noopener\">Kit 10 Eco Escovas de Dentes Infantil de Bambu \u2013 Caule<\/a><\/li>\n<\/ul>\n<p style=\"text-align: center;\"><a href=\"https:\/\/caule.com.br\/produto-kit-10-eco-escovas-de-dentes-infantil-de-bambu-caule-kit13\" target=\"_blank\" rel=\"noopener\"><img decoding=\"async\" class=\"alignnone wp-image-10287 size-large\" src=\"https:\/\/blog.caule.com.br\/blog-2\/wp-content\/uploads\/2018\/05\/kit-eco-escova-infantil-e1758734973201-1024x704.jpg\" alt=\"\" width=\"800\" height=\"550\" srcset=\"https:\/\/blog.caule.com.br\/blog-2\/wp-content\/uploads\/2018\/05\/kit-eco-escova-infantil-e1758734973201-1024x704.jpg 1024w, https:\/\/blog.caule.com.br\/blog-2\/wp-content\/uploads\/2018\/05\/kit-eco-escova-infantil-e1758734973201-300x206.jpg 300w, https:\/\/blog.caule.com.br\/blog-2\/wp-content\/uploads\/2018\/05\/kit-eco-escova-infantil-e1758734973201-768x528.jpg 768w, https:\/\/blog.caule.com.br\/blog-2\/wp-content\/uploads\/2018\/05\/kit-eco-escova-infantil-e1758734973201-130x90.jpg 130w, https:\/\/blog.caule.com.br\/blog-2\/wp-content\/uploads\/2018\/05\/kit-eco-escova-infantil-e1758734973201.jpg 1080w\" sizes=\"(max-width: 800px) 100vw, 800px\" \/><\/a><\/p>\n<ul>\n<li class=\"product_title entry-title teste\"><a href=\"https:\/\/caule.com.br\/produto-combo-10-escovas-de-dentes-de-bambu-97-biodegradavel-caule-com02\" target=\"_blank\" rel=\"noopener\">COMBO: 10 Escovas de Dentes de Bambu &#8211; 97% Biodegrad\u00e1vel &#8211; Caule<\/a><\/li>\n<\/ul>\n<p><a href=\"https:\/\/caule.com.br\/produto-combo-10-escovas-de-dentes-de-bambu-97-biodegradavel-caule-com02\" target=\"_blank\" rel=\"noopener\"><img decoding=\"async\" class=\"wp-image-7535 size-medium aligncenter\" src=\"http:\/\/caule.com.br\/blog-2\/wp-content\/uploads\/2018\/05\/combo-10-escovas-de-bambu-atacado-caule-e1621543403920-300x150.jpeg\" alt=\"Combo com 10 escovas de bambu atacado na Loja Caule.\" width=\"300\" height=\"150\" srcset=\"https:\/\/blog.caule.com.br\/blog-2\/wp-content\/uploads\/2018\/05\/combo-10-escovas-de-bambu-atacado-caule-e1621543403920-300x150.jpeg 300w, https:\/\/blog.caule.com.br\/blog-2\/wp-content\/uploads\/2018\/05\/combo-10-escovas-de-bambu-atacado-caule-e1621543403920-768x384.jpeg 768w, https:\/\/blog.caule.com.br\/blog-2\/wp-content\/uploads\/2018\/05\/combo-10-escovas-de-bambu-atacado-caule-e1621543403920.jpeg 910w\" sizes=\"(max-width: 300px) 100vw, 300px\" \/><\/a><\/p>\n<div dir=\"ltr\">\n<p><a href=\"https:\/\/caule.com.br\/revender\" target=\"_blank\" rel=\"noopener\"><img decoding=\"async\" class=\"alignnone wp-image-7450 size-full\" src=\"http:\/\/caule.com.br\/blog-2\/wp-content\/uploads\/2021\/05\/clique-e-compre.jpg\" alt=\"CTA para clicar e revender no post de escova de bambu\" width=\"1200\" height=\"200\" srcset=\"https:\/\/blog.caule.com.br\/blog-2\/wp-content\/uploads\/2021\/05\/clique-e-compre.jpg 1200w, https:\/\/blog.caule.com.br\/blog-2\/wp-content\/uploads\/2021\/05\/clique-e-compre-300x50.jpg 300w, https:\/\/blog.caule.com.br\/blog-2\/wp-content\/uploads\/2021\/05\/clique-e-compre-1024x171.jpg 1024w, https:\/\/blog.caule.com.br\/blog-2\/wp-content\/uploads\/2021\/05\/clique-e-compre-768x128.jpg 768w\" sizes=\"(max-width: 1200px) 100vw, 1200px\" \/><\/a><\/p>\n<\/div>\n","protected":false},"excerpt":{"rendered":"<p>O bambu \u00e9 pop! A eco\u00a0escova de bambu 97% biodegrad\u00e1vel tamb\u00e9m! Post atualizado: 09\/2025 \u00a0 O bambu \u00e9 um dos<\/p>\n","protected":false},"author":2,"featured_media":10284,"comment_status":"closed","ping_status":"closed","sticky":false,"template":"","format":"standard","meta":{"colormag_page_container_layout":"default_layout","colormag_page_sidebar_layout":"default_layout","_jetpack_memberships_contains_paid_content":false,"footnotes":""},"categories":[29,30,37],"tags":[1278,516,517,1281,1282,1283,1284,1579,1297,519,1301,1303],"class_list":["post-2479","post","type-post","status-publish","format-standard","has-post-thumbnail","hentry","category-causa-caule","category-consumo-consciente","category-estilo-de-vida-ecologico","tag-comprar-escova-de-bambu","tag-escova-biodegradavel","tag-escova-de-bambu","tag-escova-de-bambu-atacado","tag-escova-de-bambu-beneficios","tag-escova-de-bambu-com-cerdas-de-carvao","tag-escova-de-bambu-comprar","tag-escova-de-bambu-florianopolis","tag-escova-de-dente-ecologica-de-bambu","tag-escova-de-dentes-de-bambu","tag-escova-dental-de-bambu","tag-escova-dente-bambu"],"yoast_head":"<!-- This site is optimized with the Yoast SEO plugin v27.5 - https:\/\/yoast.com\/product\/yoast-seo-wordpress\/ -->\n<title>Eco escova de bambu 97% biodegrad\u00e1vel - Blog<\/title>\n<meta name=\"description\" content=\"Hist\u00f3ria da eco escova de bambu 97% biodegrad\u00e1vel da Caule eco.l\u00f3gicos e os motivos para preferir ela, pelo seu bem e do planeta!\" \/>\n<meta name=\"robots\" content=\"index, follow, max-snippet:-1, max-image-preview:large, max-video-preview:-1\" \/>\n<link rel=\"canonical\" href=\"https:\/\/blog.caule.com.br\/blog-2\/2018\/escova-de-bambu-97-biodegradavel\/\" \/>\n<meta property=\"og:locale\" content=\"pt_BR\" \/>\n<meta property=\"og:type\" content=\"article\" \/>\n<meta property=\"og:title\" content=\"Eco escova de bambu 97% biodegrad\u00e1vel - Blog\" \/>\n<meta property=\"og:description\" content=\"Hist\u00f3ria da eco escova de bambu 97% biodegrad\u00e1vel da Caule eco.l\u00f3gicos e os motivos para preferir ela, pelo seu bem e do planeta!\" \/>\n<meta property=\"og:url\" content=\"https:\/\/blog.caule.com.br\/blog-2\/2018\/escova-de-bambu-97-biodegradavel\/\" \/>\n<meta property=\"og:site_name\" content=\"Blog\" \/>\n<meta property=\"article:publisher\" content=\"https:\/\/www.facebook.com\/CauleDistribuidora\" \/>\n<meta property=\"article:published_time\" content=\"2018-05-14T14:45:44+00:00\" \/>\n<meta property=\"article:modified_time\" content=\"2025-09-24T18:36:33+00:00\" \/>\n<meta property=\"og:image\" content=\"https:\/\/blog.caule.com.br\/blog-2\/wp-content\/uploads\/2018\/05\/banner-post-escova-de-bambu.jpg\" \/>\n\t<meta property=\"og:image:width\" content=\"1280\" \/>\n\t<meta property=\"og:image:height\" content=\"720\" \/>\n\t<meta property=\"og:image:type\" content=\"image\/jpeg\" \/>\n<meta name=\"author\" content=\"Janine Schmitz\" \/>\n<meta name=\"twitter:card\" content=\"summary_large_image\" \/>\n<meta name=\"twitter:label1\" content=\"Escrito por\" \/>\n\t<meta name=\"twitter:data1\" content=\"Janine Schmitz\" \/>\n\t<meta name=\"twitter:label2\" content=\"Est. tempo de leitura\" \/>\n\t<meta name=\"twitter:data2\" content=\"10 minutos\" \/>\n<script type=\"application\/ld+json\" class=\"yoast-schema-graph\">{\"@context\":\"https:\\\/\\\/schema.org\",\"@graph\":[{\"@type\":\"Article\",\"@id\":\"https:\\\/\\\/blog.caule.com.br\\\/blog-2\\\/2018\\\/escova-de-bambu-97-biodegradavel\\\/#article\",\"isPartOf\":{\"@id\":\"https:\\\/\\\/blog.caule.com.br\\\/blog-2\\\/2018\\\/escova-de-bambu-97-biodegradavel\\\/\"},\"author\":{\"name\":\"Janine Schmitz\",\"@id\":\"https:\\\/\\\/blog.caule.com.br\\\/blog-2\\\/#\\\/schema\\\/person\\\/8da0d35def75a41f0bfc5549c0bef059\"},\"headline\":\"Eco escova de bambu 97% biodegrad\u00e1vel\",\"datePublished\":\"2018-05-14T14:45:44+00:00\",\"dateModified\":\"2025-09-24T18:36:33+00:00\",\"mainEntityOfPage\":{\"@id\":\"https:\\\/\\\/blog.caule.com.br\\\/blog-2\\\/2018\\\/escova-de-bambu-97-biodegradavel\\\/\"},\"wordCount\":1349,\"publisher\":{\"@id\":\"https:\\\/\\\/blog.caule.com.br\\\/blog-2\\\/#organization\"},\"image\":{\"@id\":\"https:\\\/\\\/blog.caule.com.br\\\/blog-2\\\/2018\\\/escova-de-bambu-97-biodegradavel\\\/#primaryimage\"},\"thumbnailUrl\":\"https:\\\/\\\/blog.caule.com.br\\\/blog-2\\\/wp-content\\\/uploads\\\/2018\\\/05\\\/banner-post-escova-de-bambu.jpg\",\"keywords\":[\"comprar escova de bambu\",\"escova biodegrad\u00e1vel\",\"escova de bambu\",\"escova de bambu atacado\",\"escova de bambu benef\u00edcios\",\"escova de bambu com cerdas de carv\u00e3o\",\"escova de bambu comprar\",\"escova de bambu florianopolis\",\"escova de dente ecol\u00f3gica de bambu\",\"escova de dentes de bambu\",\"escova dental de bambu\",\"escova dente bambu\"],\"articleSection\":[\"Causa Caule\",\"Consumo Consciente\",\"Estilo de Vida Ecol\u00f3gico\"],\"inLanguage\":\"pt-BR\"},{\"@type\":\"WebPage\",\"@id\":\"https:\\\/\\\/blog.caule.com.br\\\/blog-2\\\/2018\\\/escova-de-bambu-97-biodegradavel\\\/\",\"url\":\"https:\\\/\\\/blog.caule.com.br\\\/blog-2\\\/2018\\\/escova-de-bambu-97-biodegradavel\\\/\",\"name\":\"Eco escova de bambu 97% biodegrad\u00e1vel - Blog\",\"isPartOf\":{\"@id\":\"https:\\\/\\\/blog.caule.com.br\\\/blog-2\\\/#website\"},\"primaryImageOfPage\":{\"@id\":\"https:\\\/\\\/blog.caule.com.br\\\/blog-2\\\/2018\\\/escova-de-bambu-97-biodegradavel\\\/#primaryimage\"},\"image\":{\"@id\":\"https:\\\/\\\/blog.caule.com.br\\\/blog-2\\\/2018\\\/escova-de-bambu-97-biodegradavel\\\/#primaryimage\"},\"thumbnailUrl\":\"https:\\\/\\\/blog.caule.com.br\\\/blog-2\\\/wp-content\\\/uploads\\\/2018\\\/05\\\/banner-post-escova-de-bambu.jpg\",\"datePublished\":\"2018-05-14T14:45:44+00:00\",\"dateModified\":\"2025-09-24T18:36:33+00:00\",\"description\":\"Hist\u00f3ria da eco escova de bambu 97% biodegrad\u00e1vel da Caule eco.l\u00f3gicos e os motivos para preferir ela, pelo seu bem e do planeta!\",\"breadcrumb\":{\"@id\":\"https:\\\/\\\/blog.caule.com.br\\\/blog-2\\\/2018\\\/escova-de-bambu-97-biodegradavel\\\/#breadcrumb\"},\"inLanguage\":\"pt-BR\",\"potentialAction\":[{\"@type\":\"ReadAction\",\"target\":[\"https:\\\/\\\/blog.caule.com.br\\\/blog-2\\\/2018\\\/escova-de-bambu-97-biodegradavel\\\/\"]}]},{\"@type\":\"ImageObject\",\"inLanguage\":\"pt-BR\",\"@id\":\"https:\\\/\\\/blog.caule.com.br\\\/blog-2\\\/2018\\\/escova-de-bambu-97-biodegradavel\\\/#primaryimage\",\"url\":\"https:\\\/\\\/blog.caule.com.br\\\/blog-2\\\/wp-content\\\/uploads\\\/2018\\\/05\\\/banner-post-escova-de-bambu.jpg\",\"contentUrl\":\"https:\\\/\\\/blog.caule.com.br\\\/blog-2\\\/wp-content\\\/uploads\\\/2018\\\/05\\\/banner-post-escova-de-bambu.jpg\",\"width\":1280,\"height\":720},{\"@type\":\"BreadcrumbList\",\"@id\":\"https:\\\/\\\/blog.caule.com.br\\\/blog-2\\\/2018\\\/escova-de-bambu-97-biodegradavel\\\/#breadcrumb\",\"itemListElement\":[{\"@type\":\"ListItem\",\"position\":1,\"name\":\"Home\",\"item\":\"https:\\\/\\\/blog.caule.com.br\\\/blog-2\\\/\"},{\"@type\":\"ListItem\",\"position\":2,\"name\":\"Eco escova de bambu 97% biodegrad\u00e1vel\"}]},{\"@type\":\"WebSite\",\"@id\":\"https:\\\/\\\/blog.caule.com.br\\\/blog-2\\\/#website\",\"url\":\"https:\\\/\\\/blog.caule.com.br\\\/blog-2\\\/\",\"name\":\"Blog\",\"description\":\"Caule eco.l\u00f3gicos\",\"publisher\":{\"@id\":\"https:\\\/\\\/blog.caule.com.br\\\/blog-2\\\/#organization\"},\"potentialAction\":[{\"@type\":\"SearchAction\",\"target\":{\"@type\":\"EntryPoint\",\"urlTemplate\":\"https:\\\/\\\/blog.caule.com.br\\\/blog-2\\\/?s={search_term_string}\"},\"query-input\":{\"@type\":\"PropertyValueSpecification\",\"valueRequired\":true,\"valueName\":\"search_term_string\"}}],\"inLanguage\":\"pt-BR\"},{\"@type\":\"Organization\",\"@id\":\"https:\\\/\\\/blog.caule.com.br\\\/blog-2\\\/#organization\",\"name\":\"Caule eco.l\u00f3gicos\",\"url\":\"https:\\\/\\\/blog.caule.com.br\\\/blog-2\\\/\",\"logo\":{\"@type\":\"ImageObject\",\"inLanguage\":\"pt-BR\",\"@id\":\"https:\\\/\\\/blog.caule.com.br\\\/blog-2\\\/#\\\/schema\\\/logo\\\/image\\\/\",\"url\":\"https:\\\/\\\/blog.caule.com.br\\\/blog-2\\\/wp-content\\\/uploads\\\/2015\\\/07\\\/caule_horizontal_w90.png\",\"contentUrl\":\"https:\\\/\\\/blog.caule.com.br\\\/blog-2\\\/wp-content\\\/uploads\\\/2015\\\/07\\\/caule_horizontal_w90.png\",\"width\":213,\"height\":90,\"caption\":\"Caule eco.l\u00f3gicos\"},\"image\":{\"@id\":\"https:\\\/\\\/blog.caule.com.br\\\/blog-2\\\/#\\\/schema\\\/logo\\\/image\\\/\"},\"sameAs\":[\"https:\\\/\\\/www.facebook.com\\\/CauleDistribuidora\",\"https:\\\/\\\/www.instagram.com\\\/caule.eco.logicos\\\/\",\"https:\\\/\\\/br.pinterest.com\\\/cauleecologicos\\\/\",\"https:\\\/\\\/www.youtube.com\\\/cauleecologicos\"]},{\"@type\":\"Person\",\"@id\":\"https:\\\/\\\/blog.caule.com.br\\\/blog-2\\\/#\\\/schema\\\/person\\\/8da0d35def75a41f0bfc5549c0bef059\",\"name\":\"Janine Schmitz\",\"image\":{\"@type\":\"ImageObject\",\"inLanguage\":\"pt-BR\",\"@id\":\"https:\\\/\\\/secure.gravatar.com\\\/avatar\\\/b9c54b94c1bbbe36daed6c9b6c5db43cef19697831bab8a68d461c78586cfe7c?s=96&d=mm&r=g\",\"url\":\"https:\\\/\\\/secure.gravatar.com\\\/avatar\\\/b9c54b94c1bbbe36daed6c9b6c5db43cef19697831bab8a68d461c78586cfe7c?s=96&d=mm&r=g\",\"contentUrl\":\"https:\\\/\\\/secure.gravatar.com\\\/avatar\\\/b9c54b94c1bbbe36daed6c9b6c5db43cef19697831bab8a68d461c78586cfe7c?s=96&d=mm&r=g\",\"caption\":\"Janine Schmitz\"},\"url\":\"https:\\\/\\\/blog.caule.com.br\\\/blog-2\\\/author\\\/janineschmitz\\\/\"}]}<\/script>\n<!-- \/ Yoast SEO plugin. -->","yoast_head_json":{"title":"Eco escova de bambu 97% biodegrad\u00e1vel - Blog","description":"Hist\u00f3ria da eco escova de bambu 97% biodegrad\u00e1vel da Caule eco.l\u00f3gicos e os motivos para preferir ela, pelo seu bem e do planeta!","robots":{"index":"index","follow":"follow","max-snippet":"max-snippet:-1","max-image-preview":"max-image-preview:large","max-video-preview":"max-video-preview:-1"},"canonical":"https:\/\/blog.caule.com.br\/blog-2\/2018\/escova-de-bambu-97-biodegradavel\/","og_locale":"pt_BR","og_type":"article","og_title":"Eco escova de bambu 97% biodegrad\u00e1vel - Blog","og_description":"Hist\u00f3ria da eco escova de bambu 97% biodegrad\u00e1vel da Caule eco.l\u00f3gicos e os motivos para preferir ela, pelo seu bem e do planeta!","og_url":"https:\/\/blog.caule.com.br\/blog-2\/2018\/escova-de-bambu-97-biodegradavel\/","og_site_name":"Blog","article_publisher":"https:\/\/www.facebook.com\/CauleDistribuidora","article_published_time":"2018-05-14T14:45:44+00:00","article_modified_time":"2025-09-24T18:36:33+00:00","og_image":[{"width":1280,"height":720,"url":"https:\/\/blog.caule.com.br\/blog-2\/wp-content\/uploads\/2018\/05\/banner-post-escova-de-bambu.jpg","type":"image\/jpeg"}],"author":"Janine Schmitz","twitter_card":"summary_large_image","twitter_misc":{"Escrito por":"Janine Schmitz","Est. tempo de leitura":"10 minutos"},"schema":{"@context":"https:\/\/schema.org","@graph":[{"@type":"Article","@id":"https:\/\/blog.caule.com.br\/blog-2\/2018\/escova-de-bambu-97-biodegradavel\/#article","isPartOf":{"@id":"https:\/\/blog.caule.com.br\/blog-2\/2018\/escova-de-bambu-97-biodegradavel\/"},"author":{"name":"Janine Schmitz","@id":"https:\/\/blog.caule.com.br\/blog-2\/#\/schema\/person\/8da0d35def75a41f0bfc5549c0bef059"},"headline":"Eco escova de bambu 97% biodegrad\u00e1vel","datePublished":"2018-05-14T14:45:44+00:00","dateModified":"2025-09-24T18:36:33+00:00","mainEntityOfPage":{"@id":"https:\/\/blog.caule.com.br\/blog-2\/2018\/escova-de-bambu-97-biodegradavel\/"},"wordCount":1349,"publisher":{"@id":"https:\/\/blog.caule.com.br\/blog-2\/#organization"},"image":{"@id":"https:\/\/blog.caule.com.br\/blog-2\/2018\/escova-de-bambu-97-biodegradavel\/#primaryimage"},"thumbnailUrl":"https:\/\/blog.caule.com.br\/blog-2\/wp-content\/uploads\/2018\/05\/banner-post-escova-de-bambu.jpg","keywords":["comprar escova de bambu","escova biodegrad\u00e1vel","escova de bambu","escova de bambu atacado","escova de bambu benef\u00edcios","escova de bambu com cerdas de carv\u00e3o","escova de bambu comprar","escova de bambu florianopolis","escova de dente ecol\u00f3gica de bambu","escova de dentes de bambu","escova dental de bambu","escova dente bambu"],"articleSection":["Causa Caule","Consumo Consciente","Estilo de Vida Ecol\u00f3gico"],"inLanguage":"pt-BR"},{"@type":"WebPage","@id":"https:\/\/blog.caule.com.br\/blog-2\/2018\/escova-de-bambu-97-biodegradavel\/","url":"https:\/\/blog.caule.com.br\/blog-2\/2018\/escova-de-bambu-97-biodegradavel\/","name":"Eco escova de bambu 97% biodegrad\u00e1vel - Blog","isPartOf":{"@id":"https:\/\/blog.caule.com.br\/blog-2\/#website"},"primaryImageOfPage":{"@id":"https:\/\/blog.caule.com.br\/blog-2\/2018\/escova-de-bambu-97-biodegradavel\/#primaryimage"},"image":{"@id":"https:\/\/blog.caule.com.br\/blog-2\/2018\/escova-de-bambu-97-biodegradavel\/#primaryimage"},"thumbnailUrl":"https:\/\/blog.caule.com.br\/blog-2\/wp-content\/uploads\/2018\/05\/banner-post-escova-de-bambu.jpg","datePublished":"2018-05-14T14:45:44+00:00","dateModified":"2025-09-24T18:36:33+00:00","description":"Hist\u00f3ria da eco escova de bambu 97% biodegrad\u00e1vel da Caule eco.l\u00f3gicos e os motivos para preferir ela, pelo seu bem e do planeta!","breadcrumb":{"@id":"https:\/\/blog.caule.com.br\/blog-2\/2018\/escova-de-bambu-97-biodegradavel\/#breadcrumb"},"inLanguage":"pt-BR","potentialAction":[{"@type":"ReadAction","target":["https:\/\/blog.caule.com.br\/blog-2\/2018\/escova-de-bambu-97-biodegradavel\/"]}]},{"@type":"ImageObject","inLanguage":"pt-BR","@id":"https:\/\/blog.caule.com.br\/blog-2\/2018\/escova-de-bambu-97-biodegradavel\/#primaryimage","url":"https:\/\/blog.caule.com.br\/blog-2\/wp-content\/uploads\/2018\/05\/banner-post-escova-de-bambu.jpg","contentUrl":"https:\/\/blog.caule.com.br\/blog-2\/wp-content\/uploads\/2018\/05\/banner-post-escova-de-bambu.jpg","width":1280,"height":720},{"@type":"BreadcrumbList","@id":"https:\/\/blog.caule.com.br\/blog-2\/2018\/escova-de-bambu-97-biodegradavel\/#breadcrumb","itemListElement":[{"@type":"ListItem","position":1,"name":"Home","item":"https:\/\/blog.caule.com.br\/blog-2\/"},{"@type":"ListItem","position":2,"name":"Eco escova de bambu 97% biodegrad\u00e1vel"}]},{"@type":"WebSite","@id":"https:\/\/blog.caule.com.br\/blog-2\/#website","url":"https:\/\/blog.caule.com.br\/blog-2\/","name":"Blog","description":"Caule eco.l\u00f3gicos","publisher":{"@id":"https:\/\/blog.caule.com.br\/blog-2\/#organization"},"potentialAction":[{"@type":"SearchAction","target":{"@type":"EntryPoint","urlTemplate":"https:\/\/blog.caule.com.br\/blog-2\/?s={search_term_string}"},"query-input":{"@type":"PropertyValueSpecification","valueRequired":true,"valueName":"search_term_string"}}],"inLanguage":"pt-BR"},{"@type":"Organization","@id":"https:\/\/blog.caule.com.br\/blog-2\/#organization","name":"Caule eco.l\u00f3gicos","url":"https:\/\/blog.caule.com.br\/blog-2\/","logo":{"@type":"ImageObject","inLanguage":"pt-BR","@id":"https:\/\/blog.caule.com.br\/blog-2\/#\/schema\/logo\/image\/","url":"https:\/\/blog.caule.com.br\/blog-2\/wp-content\/uploads\/2015\/07\/caule_horizontal_w90.png","contentUrl":"https:\/\/blog.caule.com.br\/blog-2\/wp-content\/uploads\/2015\/07\/caule_horizontal_w90.png","width":213,"height":90,"caption":"Caule eco.l\u00f3gicos"},"image":{"@id":"https:\/\/blog.caule.com.br\/blog-2\/#\/schema\/logo\/image\/"},"sameAs":["https:\/\/www.facebook.com\/CauleDistribuidora","https:\/\/www.instagram.com\/caule.eco.logicos\/","https:\/\/br.pinterest.com\/cauleecologicos\/","https:\/\/www.youtube.com\/cauleecologicos"]},{"@type":"Person","@id":"https:\/\/blog.caule.com.br\/blog-2\/#\/schema\/person\/8da0d35def75a41f0bfc5549c0bef059","name":"Janine Schmitz","image":{"@type":"ImageObject","inLanguage":"pt-BR","@id":"https:\/\/secure.gravatar.com\/avatar\/b9c54b94c1bbbe36daed6c9b6c5db43cef19697831bab8a68d461c78586cfe7c?s=96&d=mm&r=g","url":"https:\/\/secure.gravatar.com\/avatar\/b9c54b94c1bbbe36daed6c9b6c5db43cef19697831bab8a68d461c78586cfe7c?s=96&d=mm&r=g","contentUrl":"https:\/\/secure.gravatar.com\/avatar\/b9c54b94c1bbbe36daed6c9b6c5db43cef19697831bab8a68d461c78586cfe7c?s=96&d=mm&r=g","caption":"Janine Schmitz"},"url":"https:\/\/blog.caule.com.br\/blog-2\/author\/janineschmitz\/"}]}},"jetpack_featured_media_url":"https:\/\/blog.caule.com.br\/blog-2\/wp-content\/uploads\/2018\/05\/banner-post-escova-de-bambu.jpg","jetpack_sharing_enabled":true,"_links":{"self":[{"href":"https:\/\/blog.caule.com.br\/blog-2\/wp-json\/wp\/v2\/posts\/2479","targetHints":{"allow":["GET"]}}],"collection":[{"href":"https:\/\/blog.caule.com.br\/blog-2\/wp-json\/wp\/v2\/posts"}],"about":[{"href":"https:\/\/blog.caule.com.br\/blog-2\/wp-json\/wp\/v2\/types\/post"}],"author":[{"embeddable":true,"href":"https:\/\/blog.caule.com.br\/blog-2\/wp-json\/wp\/v2\/users\/2"}],"replies":[{"embeddable":true,"href":"https:\/\/blog.caule.com.br\/blog-2\/wp-json\/wp\/v2\/comments?post=2479"}],"version-history":[{"count":23,"href":"https:\/\/blog.caule.com.br\/blog-2\/wp-json\/wp\/v2\/posts\/2479\/revisions"}],"predecessor-version":[{"id":10289,"href":"https:\/\/blog.caule.com.br\/blog-2\/wp-json\/wp\/v2\/posts\/2479\/revisions\/10289"}],"wp:featuredmedia":[{"embeddable":true,"href":"https:\/\/blog.caule.com.br\/blog-2\/wp-json\/wp\/v2\/media\/10284"}],"wp:attachment":[{"href":"https:\/\/blog.caule.com.br\/blog-2\/wp-json\/wp\/v2\/media?parent=2479"}],"wp:term":[{"taxonomy":"category","embeddable":true,"href":"https:\/\/blog.caule.com.br\/blog-2\/wp-json\/wp\/v2\/categories?post=2479"},{"taxonomy":"post_tag","embeddable":true,"href":"https:\/\/blog.caule.com.br\/blog-2\/wp-json\/wp\/v2\/tags?post=2479"}],"curies":[{"name":"wp","href":"https:\/\/api.w.org\/{rel}","templated":true}]}}