{"id":2470,"date":"2017-01-22T21:21:28","date_gmt":"2017-01-22T23:21:28","guid":{"rendered":"http:\/\/www.caule.com.br\/?p=1337"},"modified":"2022-01-03T18:40:50","modified_gmt":"2022-01-03T18:40:50","slug":"qualidade-da-agua","status":"publish","type":"post","link":"https:\/\/blog.caule.com.br\/blog-2\/2017\/qualidade-da-agua\/","title":{"rendered":"Qualidade da \u00e1gua para a sa\u00fade integral"},"content":{"rendered":"<figure id=\"attachment_1339\" aria-describedby=\"caption-attachment-1339\" style=\"width: 300px\" class=\"wp-caption alignright\"><a href=\"https:\/\/blog.caule.com.br\/blog-2\/wp-content\/uploads\/2017\/01\/ciclo_agua-2.jpg\" target=\"_blank\" rel=\"attachment noopener wp-att-1339\"><img decoding=\"async\" class=\"wp-image-1339 size-medium\" src=\"https:\/\/blog.caule.com.br\/blog-2\/wp-content\/uploads\/2017\/01\/sol-1058455_960_720-1-300x201.jpg\" alt=\"Ciclo da \u00e1gua\" width=\"300\" height=\"201\" srcset=\"https:\/\/blog.caule.com.br\/blog-2\/wp-content\/uploads\/2017\/01\/sol-1058455_960_720-1-300x201.jpg 300w, https:\/\/blog.caule.com.br\/blog-2\/wp-content\/uploads\/2017\/01\/sol-1058455_960_720-1-600x401.jpg 600w, https:\/\/blog.caule.com.br\/blog-2\/wp-content\/uploads\/2017\/01\/sol-1058455_960_720-1-768x514.jpg 768w, https:\/\/blog.caule.com.br\/blog-2\/wp-content\/uploads\/2017\/01\/sol-1058455_960_720-1.jpg 960w\" sizes=\"(max-width: 300px) 100vw, 300px\" \/><\/a><figcaption id=\"caption-attachment-1339\" class=\"wp-caption-text\">Ciclo da \u00e1gua &#8211; Clique na imagem para ampliar<\/figcaption><\/figure>\n<p>\u00c1gua \u00e9 sin\u00f4nimo de Vida. Desde que a qualidade da \u00e1gua seja boa! E certamente deveria estar relacionada \u00e0 purifica\u00e7\u00e3o, hidrata\u00e7\u00e3o e sa\u00fade do corpo. Mas geralmente n\u00e3o \u00e9 isso que acontece com a maioria da popula\u00e7\u00e3o mundial que n\u00e3o tem acesso nem a \u00e1gua pot\u00e1vel. Cerca\u00a0 de 97% da \u00e1gua do Planeta \u00e9 \u00e1gua do mar, impr\u00f3pria para o consumo humano. Os 3% \u00a0restantes s\u00e3o de \u00a0\u00e1gua doce. Por\u00e9m, mais da metade (1,75% do total) \u00e9 \u00e1gua congelada, localizada nos polos; e outra parte (1,243% do total) \u00e9 principalmente \u00e1gua subterr\u00e2nea, cujo aproveitamento \u00e9 bem mais caro. De acordo com o Servi\u00e7o Geol\u00f3gico do Brasil, sobra apenas uma parcela m\u00ednima de 0,007% de \u00e1gua boa e facilmente aproveit\u00e1vel. E este restinho de \u00e1gua \u201cboa\u201d est\u00e1 polu\u00edda pelas atividades humanas. Ou seja, mais da metade dos rios do mundo j\u00e1 est\u00e3o polu\u00eddos por esgotos, agrot\u00f3xicos ou lixo industrial (fonte:CPRM).<\/p>\n<h2>O Mega-Mercado da \u00c1gua<\/h2>\n<p><a href=\"https:\/\/blog.caule.com.br\/blog-2\/wp-content\/uploads\/2017\/01\/aguifero_guarani1-2.jpg\" target=\"_blank\" rel=\"attachment noopener wp-att-1340\"><img decoding=\"async\" class=\"alignright wp-image-1340 size-medium\" src=\"https:\/\/blog.caule.com.br\/blog-2\/wp-content\/uploads\/2017\/01\/aguifero_guarani1-2.jpg\" alt=\"Aqu\u00edfero Guarani e a qualidade da \u00e1gua do futuro\" width=\"300\" height=\"250\" \/><\/a>Nos \u00faltimos 15 anos, as grandes multinacionais de bebidas engarrafadas do tipo refrigerante est\u00e3o enfrentando queda de popularidade de suas marcas a\u00e7ucaradas. Primeiramente, apostaram nas vers\u00f5es Diet, depois come\u00e7aram a comprar muitas marcas de sucos (n\u00e3o menos a\u00e7ucarados). E para garantir, investiram pesado para criar um mercado de \u00e1gua pot\u00e1vel em presta\u00e7\u00f5es de 500 ml. Essas campanhas de marketing, destacando a \u00e1gua como algo agora realmente saud\u00e1vel tem at\u00e9 aspectos c\u00f4micos (n\u00e3o s\u00f3 de admitir que os refrigerantes n\u00e3o o s\u00e3o). Por exemplo, frizando na etiqueta\u00a0que a \u00e1gua mineral \u00e9 &#8220;diet&#8221;, \u201czero calorias\u201d, ou \u201csem colesterol\u201d! Da onde viriam as calorias ou o colesterol??? E muitas vezes, ao contr\u00e1rio do que diz o r\u00f3tulo, essa \u00e1gua nem \u00e9 \u201cmineral\u201d. \u00c9 uma \u00e1gua tratada e engarrafada com um lucro astron\u00f4mico!! Recentemente, surgiu a pol\u00eamica do Presidente da Nestl\u00e9 querer privatizar a \u00e1gua pot\u00e1vel e do governo interino brasileiro querer vender o Aqu\u00edfero Guarani para a iniciativa privada. Um mega-mercado, ent\u00e3o, que um dia pode ser maior do que o do petr\u00f3leo hoje.<\/p>\n<figure id=\"attachment_1341\" aria-describedby=\"caption-attachment-1341\" style=\"width: 242px\" class=\"wp-caption alignleft\"><a href=\"https:\/\/blog.caule.com.br\/blog-2\/wp-content\/uploads\/2017\/01\/urine-analysis_pee-water-bottles_image-2.jpg\" target=\"_blank\" rel=\"attachment noopener wp-att-1341\"><img decoding=\"async\" class=\"wp-image-1341\" src=\"https:\/\/blog.caule.com.br\/blog-2\/wp-content\/uploads\/2017\/01\/urine-analysis_pee-water-bottles_image-2.jpg\" alt=\"A qualidade da \u00e1gua vem da garrafinha?\" width=\"242\" height=\"162\" \/><\/a><figcaption id=\"caption-attachment-1341\" class=\"wp-caption-text\">A qualidade da \u00e1gua vem da garrafinha?<\/figcaption><\/figure>\n<p>Por que esse mercado prospera? N\u00e3o \u00e9 s\u00f3 por causa do marketing pesado das empresas na m\u00eddia. Em muitos locais, a qualidade da \u00e1gua da torneira \u00e9 baixa, sabor\/apar\u00eancia question\u00e1vel, a \u00e1gua est\u00e1 turva, cheia de cloro, fl\u00faor ou outros aditivos, e mesmo filtrada n\u00e3o convida para o consumo. N\u00e3o estou falando apenas de \u00e1reas com crise h\u00eddrica aguda como em algumas regi\u00f5es do Nordeste, na Grande S\u00e3o Paulo ou em regi\u00f5es com problemas s\u00e9rios de contamina\u00e7\u00e3o do tipo do desastre de Mariana. Esse acidente continua inviabilizando o uso de \u00e1gua de superf\u00edcie na regi\u00e3o. N\u00e3o h\u00e1 tratamento que tire os res\u00edduos t\u00f3xicos que continuam vazando daquelas barragens! Tamb\u00e9m em outras regi\u00f5es h\u00e1 uma contamina\u00e7\u00e3o pesada, por\u00e9m invis\u00edvel, pelo Agrobusiness, pelo uso maci\u00e7o dos chamados \u201cdefensivos agr\u00edcolas\u201d. Na verdade, eles apenas defendem o lucro dessas ind\u00fastrias e de quem vende os agrot\u00f3xicos. Os rios, as plantas, os animais, os seres humanos que aplicam os venenos ou vivem na regi\u00e3o e todos os que consomem os produtos desse mercado n\u00e3o t\u00eam como se defender.<\/p>\n<p>Ent\u00e3o, n\u00e3o vamos aceitar que no futuro a \u00e1gua pot\u00e1vel seja s\u00f3 a da garrafinha, certo?! Entre outras coisas por causa da polui\u00e7\u00e3o imensa por tantas garrafas de PET!<\/p>\n<h2><strong>Qualidade da \u00e1gua cada vez mais comprometida<\/strong><\/h2>\n<p>Mas ser\u00e1 que a qualidade da \u00e1gua tratada que chega \u00e0 sua casa faz bem \u00e0 sa\u00fade?<\/p>\n<p>Em 2015, o Minist\u00e9rio P\u00fablico Estadual e a Vigil\u00e2ncia Sanit\u00e1ria de Santa Catarina autuaram a Casan (Companhia Catarinense de \u00c1gua e Saneamento), por encontrar grandes quantidades de coliformes fecais e metais pesados prejudiciais \u00e0 sa\u00fade. Al\u00e9m disso, os valores de alum\u00ednio na \u00e1gua estavam mais de 3 vezes acima do valor permitido por lei e 6 vezes acima do recomend\u00e1vel. Sais e \u00f3xidos de alum\u00ednio ocorrem na terra e acabam sendo ingeridos com muitos alimentos normalmente. Por\u00e9m, o corpo n\u00e3o consegue eliminar rapidamente essas subst\u00e2ncias. Ou seja, quando um valor cr\u00edtico \u00e9 alcan\u00e7ado, pode ocorrer neurotoxicidade (aumentando o risco de Parkinson ou Alzheimer, entre outros) ou, junto com outros fatores, o risco de c\u00e2ncer aumenta. Voc\u00ea provavelmente j\u00e1 sabe que panelas de alum\u00ednio ou desodorantes com alum\u00ednio n\u00e3o s\u00e3o muito saud\u00e1veis. Resumindo, \u00e9 bom evitar o efeito cumulativo. Mas por que tem tanto alum\u00ednio na \u00e1gua tratada? Sulfato de alum\u00ednio ajuda a aglomerar e decantar o turvado de \u00e1guas de superf\u00edcie, por exemplo de rios. Al\u00e9m do processo pela baixa qualidade da \u00e1gua, a CASAN tamb\u00e9m respondeu a\u00e7\u00f5es civis p\u00fablicas federais por poluir aqu\u00edferos essenciais \u00e0 popula\u00e7\u00e3o ao jogar esgoto em afluentes que desembocam nos rios de capta\u00e7\u00e3o de \u00e1gua. O mesmo acontece com muitas tubula\u00e7\u00f5es de esgoto que s\u00e3o despejadas nas principais praias do litoral catarinense contaminando turistas e moradores. Se em Florian\u00f3polis, SC, tida como uma capital com boa qualidade de vida, a qualidade da \u00e1gua \u00e9 essa, imagina em outros lugares!<\/p>\n<h2><strong>Mude seu consumo, ajude a despoluir os rios e oceanos<\/strong><\/h2>\n<p>E ainda tem outras fontes de polui\u00e7\u00e3o das \u00e1guas que bebemos. Para abreviar essa hist\u00f3ria, tudo que em algum lugar desce em algum ralo, depois voltara pela torneira de algu\u00e9m. Os tratamentos de esgotos est\u00e3o focando principalmente na contamina\u00e7\u00e3o bacteriana e na suspens\u00e3o vis\u00edvel. Os ingredientes de produtos de higiene e beleza convencionais, por exemplo, fragr\u00e2ncias artificiais t\u00f3xicas, pseudohorm\u00f4nios e disruptores end\u00f3crinos, n\u00e3o s\u00e3o retirados. O ralo do chuveiro, da pia, do tanque, da m\u00e1quina de lavar n\u00e3o \u00e9 um port\u00e3o m\u00e1gico que faz desaparecer junto com a sujeira toda contamina\u00e7\u00e3o pelos produtos de lavagem! A contamina\u00e7\u00e3o constante da pouca \u00e1gua pot\u00e1vel no planeta por cada vez mais seres humanos \u00e9 uma bomba rel\u00f3gio da qual a maioria ainda n\u00e3o se deu conta. Usar produtos mais naturais de higiene e beleza s\u00e3o algumas a\u00e7\u00f5es necess\u00e1rios para ajudar a diminuir os impactos na qualidade da \u00e1gua dos rios e oceanos. A mudan\u00e7a no consumo pode fazer grande diferen\u00e7a cumulativamente. <a href=\"http:\/\/www.caule.com.br\/blog-2\/\">Encontre os in\u00fameros motivos para mudar de h\u00e1bito em nosso Blog e substitua seu shampoo, creme e maquiagens por produtos mais naturais e org\u00e2nicos.<\/a><\/p>\n<p>Mudar o consumo j\u00e1 \u00e9 um come\u00e7o, mas a qualidade da \u00e1gua tratada continuar\u00e1 sofrer por causa do\u00a0cloro, fl\u00faor ou at\u00e9 produtos sint\u00e9ticos e industriais altamente prejudiciais para nossa sa\u00fade. Portanto, pensamos numa solu\u00e7\u00e3o que n\u00e3o ir\u00e1 resolver todos os problemas, mas com certeza poder\u00e1 trazer mais qualidade de vida para nosso corpo e sa\u00fade integral. Quer saber como?<\/p>\n<p><strong>\u00a0<\/strong><\/p>\n<h2><strong>\u00c1gua de chuva<\/strong><\/h2>\n<figure id=\"attachment_1343\" aria-describedby=\"caption-attachment-1343\" style=\"width: 244px\" class=\"wp-caption alignleft\"><a href=\"https:\/\/blog.caule.com.br\/blog-2\/wp-content\/uploads\/2017\/01\/rafael-2-medium-2.jpg\" target=\"_blank\" rel=\"attachment noopener wp-att-1343\"><img decoding=\"async\" class=\"wp-image-1343\" src=\"https:\/\/blog.caule.com.br\/blog-2\/wp-content\/uploads\/2017\/01\/rafael-2-medium-2.jpg\" alt=\"Raphael Autran\" width=\"244\" height=\"244\" \/><\/a><figcaption id=\"caption-attachment-1343\" class=\"wp-caption-text\">Raphael Autran<\/figcaption><\/figure>\n<p>Entrevistamos dois especialistas em capta\u00e7\u00e3o de \u00e1gua de chuva e descobrimos que a \u00e1gua da ilha de Florian\u00f3polis, por exemplo, se bem filtrada, pode servir at\u00e9 para beber. De acordo com o ocean\u00f3grafo consultor da Baob\u00e1 Tecnologias Ambientais, Raphael Autran, com base em estudos t\u00e9cnicos a qualidade da \u00e1gua da chuva vinda do oceano na regi\u00e3o de Floripa \u00e9 muito boa. Ela\u00a0pode futuramente ser uma fonte de capta\u00e7\u00e3o para abastecer muitas casas da ilha gerando autonomia e efici\u00eancia h\u00eddrica. &#8220;Como n\u00e3o temos ind\u00fastrias poluentes na ilha, a qualidade da \u00e1gua de chuva, dependendo da filtragem, pode ser pr\u00f3pria at\u00e9 para beber&#8221;, ressalta.<\/p>\n<p><a href=\"https:\/\/blog.caule.com.br\/blog-2\/wp-content\/uploads\/2017\/01\/aproveitamento-agua-chuva-2-2.jpg\" target=\"_blank\" rel=\"attachment noopener wp-att-1344\"><img decoding=\"async\" class=\"alignright wp-image-1344\" src=\"https:\/\/blog.caule.com.br\/blog-2\/wp-content\/uploads\/2017\/01\/aproveitamento-agua-chuva-2-2.jpg\" alt=\"A qualidade da \u00e1gua da chuva filtrada \u00e9 boa\" width=\"557\" height=\"314\" \/><\/a>Para o engenheiro\u00a0 Sanitarista e Ambiental, Victor Ybarzo Fechine, a capta\u00e7\u00e3o de \u00e1gua da chuva \u00e9 um sistema simples. \u00c9 necess\u00e1ria somente uma \u00e1rea de capta\u00e7\u00e3o, tubula\u00e7\u00f5es para condu\u00e7\u00e3o da \u00e1gua, uma peneira para retirada dos solos grosseiros. Depois um sistema de descarte da primeira \u00e1gua da chuva e uma cisterna para armazenamento da \u00e1gua, podendo ela ser subterr\u00e2nea ou n\u00e3o completam a instala\u00e7\u00e3o. \u201c Al\u00e9m dessas partes &#8220;convencionais&#8221;, tamb\u00e9m est\u00e3o come\u00e7ando a utilizar um filtro de polimento (como se fosse um filtro de areia) para melhoria da qualidade da \u00e1gua armazenada. O engenheiro conta que no Brasil essa tecnologia \u00e9 mais conhecida na regi\u00e3o do semi\u00e1rido brasileiro,\u00a0 e vem ganhando espa\u00e7o no mercado ap\u00f3s a crise h\u00eddrica de SP. Poucas empresas fazem esse sistema de limpeza pr\u00e9vio da \u00e1gua de chuva e al\u00e9m do mais s\u00e3o caros, possibilitando com que inventemos os nossos pr\u00f3prios sistemas adaptados para nossas casas gerando autonomia e qualidade para o consumo humano.<\/p>\n<p>Segundo o c\u00f3digo de obras de Florian\u00f3polis, os lavadores de postos tem at\u00e9 julho deste ano para terem um sistema de capta\u00e7\u00e3o de \u00e1gua de chuva, enquanto ainda est\u00e1 para ser sancionado pelo prefeito a obrigatoriedade de armazenamento da \u00e1gua de chuva para constru\u00e7\u00f5es civis a cima de 200m\u00b2 (Art 188 do C\u00f3digo de Obras &#8211; <a href=\"https:\/\/leismunicipais.com.br\/codigo-de-obras-florianopolis-sc\">https:\/\/leismunicipais.com.br\/codigo-de-obras-florianopolis-sc<\/a>). Temos aqui uma tecnologia importante para o futuro, ent\u00e3o.<\/p>\n<p>Vamos come\u00e7ar a participar dessa mudan\u00e7a para reverter mais esse problem\u00e3o para futuras gera\u00e7\u00f5es?<\/p>\n<p>Compartilhe a sua vis\u00e3o ou experi\u00eancia aqui ou mande mail para caule@caule.com.br!<\/p>\n<p>&nbsp;<\/p>\n<h2><strong>Fontes para sua refer\u00eancia:<\/strong><\/h2>\n<p>Companhia de Pesquisa de Recursos Minerais (CPRM). Coisas que voc\u00ea deve saber sobre a \u00e1gua.\u00a0<a href=\"http:\/\/www.cprm.gov.br\/publique\/Redes-Institucionais\/Rede-de-Bibliotecas---Rede-Ametista\/Canal-Escola\/Coisas-que-Voce-Deve-Saber-sobre-a-Agua-1084.html\" target=\"_blank\" rel=\"noopener noreferrer\">http:\/\/www.cprm.gov.br\/publique\/Redes-Institucionais\/Rede-de-Bibliotecas&#8212;Rede-Ametista\/Canal-Escola\/Coisas-que-Voce-Deve-Saber-sobre-a-Agua-1084.html<\/a><\/p>\n<p>Rodrigues Rosalino, M.R. Potenciais Efeitos da Presen\u00e7a de Alum\u00ednio na \u00c1gua de Consumo Humano. Disserta\u00e7\u00e3o de Mestrado, \u00a0<a href=\"https:\/\/run.unl.pt\/bitstream\/10362\/6323\/1\/Rosalino_2011.pdf\" target=\"_blank\" rel=\"noopener noreferrer\">https:\/\/run.unl.pt\/bitstream\/10362\/6323\/1\/Rosalino_2011.pdf<\/a><\/p>\n<p>Costa Ferreira, P. et.al. Alum\u00ednio como fator de risco para a doen\u00e7a de Alzheimer. Revista Latino-Americana de Enfermagem.\u00a0<a href=\"http:\/\/www.scielo.br\/scielo.php?pid=S0104-11692008000100023&amp;script=sci_arttext&amp;tlng=pt\" target=\"_blank\" rel=\"noopener noreferrer\">http:\/\/www.scielo.br\/scielo.php?pid=S0104-11692008000100023&amp;script=sci_arttext&amp;tlng=pt<\/a><\/p>\n<p>Minist\u00e9rio P\u00fablico de SC Online:\u00a0<a href=\"https:\/\/www.mpsc.mp.br\/noticias\/casan-e-autuada-por-irregularidades-na-captacao-e-no-tratamento-de-agua-na-grande-florianopolis\" target=\"_blank\" rel=\"noopener noreferrer\">https:\/\/www.mpsc.mp.br\/noticias\/casan-e-autuada-por-irregularidades-na-captacao-e-no-tratamento-de-agua-na-grande-florianopolis<\/a><\/p>\n<p>Not\u00edcias do Dia Online:\u00a0<a href=\"http:\/\/ndonline.com.br\/florianopolis\/noticias\/casan-e-autuada-por-irregularidades-na-captacao-e-tratamento-de-agua-na-grande-florianopolis\" target=\"_blank\" rel=\"noopener noreferrer\">http:\/\/ndonline.com.br\/florianopolis\/noticias\/casan-e-autuada-por-irregularidades-na-captacao-e-tratamento-de-agua-na-grande-florianopolis<\/a><\/p>\n<p>Minist\u00e9rio da Sa\u00fade:\u00a0<a href=\"http:\/\/bvsms.saude.gov.br\/bvs\/trabalhador\/pdf\/texto_disruptores.pdf\" target=\"_blank\" rel=\"noopener noreferrer\">http:\/\/bvsms.saude.gov.br\/bvs\/trabalhador\/pdf\/texto_disruptores.pdf<\/a><\/p>\n<p>Autran, R.: Aproveitamento da \u00e1gua da chuva:\u00a0http:\/\/www.raphaelautran.com.br\/tecnologia.php?nome=aproveitamento-agua-da-chuva<\/p>\n","protected":false},"excerpt":{"rendered":"<p>\u00c1gua \u00e9 sin\u00f4nimo de Vida. Desde que a qualidade da \u00e1gua seja boa! E certamente deveria estar relacionada \u00e0 purifica\u00e7\u00e3o,<\/p>\n","protected":false},"author":2,"featured_media":1355,"comment_status":"closed","ping_status":"closed","sticky":false,"template":"","format":"standard","meta":{"colormag_page_container_layout":"default_layout","colormag_page_sidebar_layout":"default_layout","_jetpack_memberships_contains_paid_content":false,"footnotes":""},"categories":[29,31,37,76],"tags":[366,334,171,367,368,369],"class_list":["post-2470","post","type-post","status-publish","format-standard","has-post-thumbnail","hentry","category-causa-caule","category-cosmeticos-naturais","category-estilo-de-vida-ecologico","category-males-dos-cosmeticos-convencionais","tag-captacao-da-agua-da-chuva","tag-consumo-consciente","tag-disruptores-endocrinos","tag-poluicao-da-agua","tag-pseudo-hormonios","tag-qualidade-da-agua"],"yoast_head":"<!-- This site is optimized with the Yoast SEO plugin v27.5 - https:\/\/yoast.com\/product\/yoast-seo-wordpress\/ -->\n<title>Qualidade da \u00e1gua para a sa\u00fade integral - Blog<\/title>\n<meta name=\"description\" content=\"A qualidade da \u00e1gua pot\u00e1vel j\u00e1 \u00e9 um problema e se agravar\u00e1. Confira as informa\u00e7\u00f5es e sugest\u00f5es como participar da mudan\u00e7a necess\u00e1ria.\" \/>\n<meta name=\"robots\" content=\"index, follow, max-snippet:-1, max-image-preview:large, max-video-preview:-1\" \/>\n<link rel=\"canonical\" href=\"https:\/\/blog.caule.com.br\/blog-2\/2017\/qualidade-da-agua\/\" \/>\n<meta property=\"og:locale\" content=\"pt_BR\" \/>\n<meta property=\"og:type\" content=\"article\" \/>\n<meta property=\"og:title\" content=\"Qualidade da \u00e1gua para a sa\u00fade integral - Blog\" \/>\n<meta property=\"og:description\" content=\"A qualidade da \u00e1gua pot\u00e1vel j\u00e1 \u00e9 um problema e se agravar\u00e1. Confira as informa\u00e7\u00f5es e sugest\u00f5es como participar da mudan\u00e7a necess\u00e1ria.\" \/>\n<meta property=\"og:url\" content=\"https:\/\/blog.caule.com.br\/blog-2\/2017\/qualidade-da-agua\/\" \/>\n<meta property=\"og:site_name\" content=\"Blog\" \/>\n<meta property=\"article:publisher\" content=\"https:\/\/www.facebook.com\/CauleDistribuidora\" \/>\n<meta property=\"article:published_time\" content=\"2017-01-22T23:21:28+00:00\" \/>\n<meta property=\"article:modified_time\" content=\"2022-01-03T18:40:50+00:00\" \/>\n<meta property=\"og:image\" content=\"https:\/\/blog.caule.com.br\/blog-2\/wp-content\/uploads\/2017\/01\/urine-analysis_pee-water-bottles_image-2.jpg\" \/>\n\t<meta property=\"og:image:width\" content=\"1683\" \/>\n\t<meta property=\"og:image:height\" content=\"1129\" \/>\n\t<meta property=\"og:image:type\" content=\"image\/jpeg\" \/>\n<meta name=\"author\" content=\"Janine Schmitz\" \/>\n<meta name=\"twitter:card\" content=\"summary_large_image\" \/>\n<meta name=\"twitter:label1\" content=\"Escrito por\" \/>\n\t<meta name=\"twitter:data1\" content=\"Janine Schmitz\" \/>\n\t<meta name=\"twitter:label2\" content=\"Est. tempo de leitura\" \/>\n\t<meta name=\"twitter:data2\" content=\"10 minutos\" \/>\n<script type=\"application\/ld+json\" class=\"yoast-schema-graph\">{\"@context\":\"https:\\\/\\\/schema.org\",\"@graph\":[{\"@type\":\"Article\",\"@id\":\"https:\\\/\\\/blog.caule.com.br\\\/blog-2\\\/2017\\\/qualidade-da-agua\\\/#article\",\"isPartOf\":{\"@id\":\"https:\\\/\\\/blog.caule.com.br\\\/blog-2\\\/2017\\\/qualidade-da-agua\\\/\"},\"author\":{\"name\":\"Janine Schmitz\",\"@id\":\"https:\\\/\\\/blog.caule.com.br\\\/blog-2\\\/#\\\/schema\\\/person\\\/8da0d35def75a41f0bfc5549c0bef059\"},\"headline\":\"Qualidade da \u00e1gua para a sa\u00fade integral\",\"datePublished\":\"2017-01-22T23:21:28+00:00\",\"dateModified\":\"2022-01-03T18:40:50+00:00\",\"mainEntityOfPage\":{\"@id\":\"https:\\\/\\\/blog.caule.com.br\\\/blog-2\\\/2017\\\/qualidade-da-agua\\\/\"},\"wordCount\":1766,\"publisher\":{\"@id\":\"https:\\\/\\\/blog.caule.com.br\\\/blog-2\\\/#organization\"},\"image\":{\"@id\":\"https:\\\/\\\/blog.caule.com.br\\\/blog-2\\\/2017\\\/qualidade-da-agua\\\/#primaryimage\"},\"thumbnailUrl\":\"https:\\\/\\\/blog.caule.com.br\\\/blog-2\\\/wp-content\\\/uploads\\\/2017\\\/01\\\/urine-analysis_pee-water-bottles_image-2.jpg\",\"keywords\":[\"capta\u00e7\u00e3o da \u00e1gua da chuva\",\"consumo consciente\",\"disruptores end\u00f3crinos\",\"polui\u00e7\u00e3o da \u00e1gua\",\"pseudo-horm\u00f4nios\",\"qualidade da \u00e1gua\"],\"articleSection\":[\"Causa Caule\",\"Cosm\u00e9ticos Naturais\",\"Estilo de Vida Ecol\u00f3gico\",\"Males dos Cosm\u00e9ticos Convencionais\"],\"inLanguage\":\"pt-BR\"},{\"@type\":\"WebPage\",\"@id\":\"https:\\\/\\\/blog.caule.com.br\\\/blog-2\\\/2017\\\/qualidade-da-agua\\\/\",\"url\":\"https:\\\/\\\/blog.caule.com.br\\\/blog-2\\\/2017\\\/qualidade-da-agua\\\/\",\"name\":\"Qualidade da \u00e1gua para a sa\u00fade integral - Blog\",\"isPartOf\":{\"@id\":\"https:\\\/\\\/blog.caule.com.br\\\/blog-2\\\/#website\"},\"primaryImageOfPage\":{\"@id\":\"https:\\\/\\\/blog.caule.com.br\\\/blog-2\\\/2017\\\/qualidade-da-agua\\\/#primaryimage\"},\"image\":{\"@id\":\"https:\\\/\\\/blog.caule.com.br\\\/blog-2\\\/2017\\\/qualidade-da-agua\\\/#primaryimage\"},\"thumbnailUrl\":\"https:\\\/\\\/blog.caule.com.br\\\/blog-2\\\/wp-content\\\/uploads\\\/2017\\\/01\\\/urine-analysis_pee-water-bottles_image-2.jpg\",\"datePublished\":\"2017-01-22T23:21:28+00:00\",\"dateModified\":\"2022-01-03T18:40:50+00:00\",\"description\":\"A qualidade da \u00e1gua pot\u00e1vel j\u00e1 \u00e9 um problema e se agravar\u00e1. Confira as informa\u00e7\u00f5es e sugest\u00f5es como participar da mudan\u00e7a necess\u00e1ria.\",\"breadcrumb\":{\"@id\":\"https:\\\/\\\/blog.caule.com.br\\\/blog-2\\\/2017\\\/qualidade-da-agua\\\/#breadcrumb\"},\"inLanguage\":\"pt-BR\",\"potentialAction\":[{\"@type\":\"ReadAction\",\"target\":[\"https:\\\/\\\/blog.caule.com.br\\\/blog-2\\\/2017\\\/qualidade-da-agua\\\/\"]}]},{\"@type\":\"ImageObject\",\"inLanguage\":\"pt-BR\",\"@id\":\"https:\\\/\\\/blog.caule.com.br\\\/blog-2\\\/2017\\\/qualidade-da-agua\\\/#primaryimage\",\"url\":\"https:\\\/\\\/blog.caule.com.br\\\/blog-2\\\/wp-content\\\/uploads\\\/2017\\\/01\\\/urine-analysis_pee-water-bottles_image-2.jpg\",\"contentUrl\":\"https:\\\/\\\/blog.caule.com.br\\\/blog-2\\\/wp-content\\\/uploads\\\/2017\\\/01\\\/urine-analysis_pee-water-bottles_image-2.jpg\",\"width\":1683,\"height\":1129,\"caption\":\"A qualidade da \u00e1gua vem da garrafinha?\"},{\"@type\":\"BreadcrumbList\",\"@id\":\"https:\\\/\\\/blog.caule.com.br\\\/blog-2\\\/2017\\\/qualidade-da-agua\\\/#breadcrumb\",\"itemListElement\":[{\"@type\":\"ListItem\",\"position\":1,\"name\":\"Home\",\"item\":\"https:\\\/\\\/blog.caule.com.br\\\/blog-2\\\/\"},{\"@type\":\"ListItem\",\"position\":2,\"name\":\"Qualidade da \u00e1gua para a sa\u00fade integral\"}]},{\"@type\":\"WebSite\",\"@id\":\"https:\\\/\\\/blog.caule.com.br\\\/blog-2\\\/#website\",\"url\":\"https:\\\/\\\/blog.caule.com.br\\\/blog-2\\\/\",\"name\":\"Blog\",\"description\":\"Caule eco.l\u00f3gicos\",\"publisher\":{\"@id\":\"https:\\\/\\\/blog.caule.com.br\\\/blog-2\\\/#organization\"},\"potentialAction\":[{\"@type\":\"SearchAction\",\"target\":{\"@type\":\"EntryPoint\",\"urlTemplate\":\"https:\\\/\\\/blog.caule.com.br\\\/blog-2\\\/?s={search_term_string}\"},\"query-input\":{\"@type\":\"PropertyValueSpecification\",\"valueRequired\":true,\"valueName\":\"search_term_string\"}}],\"inLanguage\":\"pt-BR\"},{\"@type\":\"Organization\",\"@id\":\"https:\\\/\\\/blog.caule.com.br\\\/blog-2\\\/#organization\",\"name\":\"Caule eco.l\u00f3gicos\",\"url\":\"https:\\\/\\\/blog.caule.com.br\\\/blog-2\\\/\",\"logo\":{\"@type\":\"ImageObject\",\"inLanguage\":\"pt-BR\",\"@id\":\"https:\\\/\\\/blog.caule.com.br\\\/blog-2\\\/#\\\/schema\\\/logo\\\/image\\\/\",\"url\":\"https:\\\/\\\/blog.caule.com.br\\\/blog-2\\\/wp-content\\\/uploads\\\/2015\\\/07\\\/caule_horizontal_w90.png\",\"contentUrl\":\"https:\\\/\\\/blog.caule.com.br\\\/blog-2\\\/wp-content\\\/uploads\\\/2015\\\/07\\\/caule_horizontal_w90.png\",\"width\":213,\"height\":90,\"caption\":\"Caule eco.l\u00f3gicos\"},\"image\":{\"@id\":\"https:\\\/\\\/blog.caule.com.br\\\/blog-2\\\/#\\\/schema\\\/logo\\\/image\\\/\"},\"sameAs\":[\"https:\\\/\\\/www.facebook.com\\\/CauleDistribuidora\",\"https:\\\/\\\/www.instagram.com\\\/caule.eco.logicos\\\/\",\"https:\\\/\\\/br.pinterest.com\\\/cauleecologicos\\\/\",\"https:\\\/\\\/www.youtube.com\\\/cauleecologicos\"]},{\"@type\":\"Person\",\"@id\":\"https:\\\/\\\/blog.caule.com.br\\\/blog-2\\\/#\\\/schema\\\/person\\\/8da0d35def75a41f0bfc5549c0bef059\",\"name\":\"Janine Schmitz\",\"image\":{\"@type\":\"ImageObject\",\"inLanguage\":\"pt-BR\",\"@id\":\"https:\\\/\\\/secure.gravatar.com\\\/avatar\\\/b9c54b94c1bbbe36daed6c9b6c5db43cef19697831bab8a68d461c78586cfe7c?s=96&d=mm&r=g\",\"url\":\"https:\\\/\\\/secure.gravatar.com\\\/avatar\\\/b9c54b94c1bbbe36daed6c9b6c5db43cef19697831bab8a68d461c78586cfe7c?s=96&d=mm&r=g\",\"contentUrl\":\"https:\\\/\\\/secure.gravatar.com\\\/avatar\\\/b9c54b94c1bbbe36daed6c9b6c5db43cef19697831bab8a68d461c78586cfe7c?s=96&d=mm&r=g\",\"caption\":\"Janine Schmitz\"},\"url\":\"https:\\\/\\\/blog.caule.com.br\\\/blog-2\\\/author\\\/janineschmitz\\\/\"}]}<\/script>\n<!-- \/ Yoast SEO plugin. -->","yoast_head_json":{"title":"Qualidade da \u00e1gua para a sa\u00fade integral - Blog","description":"A qualidade da \u00e1gua pot\u00e1vel j\u00e1 \u00e9 um problema e se agravar\u00e1. Confira as informa\u00e7\u00f5es e sugest\u00f5es como participar da mudan\u00e7a necess\u00e1ria.","robots":{"index":"index","follow":"follow","max-snippet":"max-snippet:-1","max-image-preview":"max-image-preview:large","max-video-preview":"max-video-preview:-1"},"canonical":"https:\/\/blog.caule.com.br\/blog-2\/2017\/qualidade-da-agua\/","og_locale":"pt_BR","og_type":"article","og_title":"Qualidade da \u00e1gua para a sa\u00fade integral - Blog","og_description":"A qualidade da \u00e1gua pot\u00e1vel j\u00e1 \u00e9 um problema e se agravar\u00e1. Confira as informa\u00e7\u00f5es e sugest\u00f5es como participar da mudan\u00e7a necess\u00e1ria.","og_url":"https:\/\/blog.caule.com.br\/blog-2\/2017\/qualidade-da-agua\/","og_site_name":"Blog","article_publisher":"https:\/\/www.facebook.com\/CauleDistribuidora","article_published_time":"2017-01-22T23:21:28+00:00","article_modified_time":"2022-01-03T18:40:50+00:00","og_image":[{"width":1683,"height":1129,"url":"https:\/\/blog.caule.com.br\/blog-2\/wp-content\/uploads\/2017\/01\/urine-analysis_pee-water-bottles_image-2.jpg","type":"image\/jpeg"}],"author":"Janine Schmitz","twitter_card":"summary_large_image","twitter_misc":{"Escrito por":"Janine Schmitz","Est. tempo de leitura":"10 minutos"},"schema":{"@context":"https:\/\/schema.org","@graph":[{"@type":"Article","@id":"https:\/\/blog.caule.com.br\/blog-2\/2017\/qualidade-da-agua\/#article","isPartOf":{"@id":"https:\/\/blog.caule.com.br\/blog-2\/2017\/qualidade-da-agua\/"},"author":{"name":"Janine Schmitz","@id":"https:\/\/blog.caule.com.br\/blog-2\/#\/schema\/person\/8da0d35def75a41f0bfc5549c0bef059"},"headline":"Qualidade da \u00e1gua para a sa\u00fade integral","datePublished":"2017-01-22T23:21:28+00:00","dateModified":"2022-01-03T18:40:50+00:00","mainEntityOfPage":{"@id":"https:\/\/blog.caule.com.br\/blog-2\/2017\/qualidade-da-agua\/"},"wordCount":1766,"publisher":{"@id":"https:\/\/blog.caule.com.br\/blog-2\/#organization"},"image":{"@id":"https:\/\/blog.caule.com.br\/blog-2\/2017\/qualidade-da-agua\/#primaryimage"},"thumbnailUrl":"https:\/\/blog.caule.com.br\/blog-2\/wp-content\/uploads\/2017\/01\/urine-analysis_pee-water-bottles_image-2.jpg","keywords":["capta\u00e7\u00e3o da \u00e1gua da chuva","consumo consciente","disruptores end\u00f3crinos","polui\u00e7\u00e3o da \u00e1gua","pseudo-horm\u00f4nios","qualidade da \u00e1gua"],"articleSection":["Causa Caule","Cosm\u00e9ticos Naturais","Estilo de Vida Ecol\u00f3gico","Males dos Cosm\u00e9ticos Convencionais"],"inLanguage":"pt-BR"},{"@type":"WebPage","@id":"https:\/\/blog.caule.com.br\/blog-2\/2017\/qualidade-da-agua\/","url":"https:\/\/blog.caule.com.br\/blog-2\/2017\/qualidade-da-agua\/","name":"Qualidade da \u00e1gua para a sa\u00fade integral - Blog","isPartOf":{"@id":"https:\/\/blog.caule.com.br\/blog-2\/#website"},"primaryImageOfPage":{"@id":"https:\/\/blog.caule.com.br\/blog-2\/2017\/qualidade-da-agua\/#primaryimage"},"image":{"@id":"https:\/\/blog.caule.com.br\/blog-2\/2017\/qualidade-da-agua\/#primaryimage"},"thumbnailUrl":"https:\/\/blog.caule.com.br\/blog-2\/wp-content\/uploads\/2017\/01\/urine-analysis_pee-water-bottles_image-2.jpg","datePublished":"2017-01-22T23:21:28+00:00","dateModified":"2022-01-03T18:40:50+00:00","description":"A qualidade da \u00e1gua pot\u00e1vel j\u00e1 \u00e9 um problema e se agravar\u00e1. Confira as informa\u00e7\u00f5es e sugest\u00f5es como participar da mudan\u00e7a necess\u00e1ria.","breadcrumb":{"@id":"https:\/\/blog.caule.com.br\/blog-2\/2017\/qualidade-da-agua\/#breadcrumb"},"inLanguage":"pt-BR","potentialAction":[{"@type":"ReadAction","target":["https:\/\/blog.caule.com.br\/blog-2\/2017\/qualidade-da-agua\/"]}]},{"@type":"ImageObject","inLanguage":"pt-BR","@id":"https:\/\/blog.caule.com.br\/blog-2\/2017\/qualidade-da-agua\/#primaryimage","url":"https:\/\/blog.caule.com.br\/blog-2\/wp-content\/uploads\/2017\/01\/urine-analysis_pee-water-bottles_image-2.jpg","contentUrl":"https:\/\/blog.caule.com.br\/blog-2\/wp-content\/uploads\/2017\/01\/urine-analysis_pee-water-bottles_image-2.jpg","width":1683,"height":1129,"caption":"A qualidade da \u00e1gua vem da garrafinha?"},{"@type":"BreadcrumbList","@id":"https:\/\/blog.caule.com.br\/blog-2\/2017\/qualidade-da-agua\/#breadcrumb","itemListElement":[{"@type":"ListItem","position":1,"name":"Home","item":"https:\/\/blog.caule.com.br\/blog-2\/"},{"@type":"ListItem","position":2,"name":"Qualidade da \u00e1gua para a sa\u00fade integral"}]},{"@type":"WebSite","@id":"https:\/\/blog.caule.com.br\/blog-2\/#website","url":"https:\/\/blog.caule.com.br\/blog-2\/","name":"Blog","description":"Caule eco.l\u00f3gicos","publisher":{"@id":"https:\/\/blog.caule.com.br\/blog-2\/#organization"},"potentialAction":[{"@type":"SearchAction","target":{"@type":"EntryPoint","urlTemplate":"https:\/\/blog.caule.com.br\/blog-2\/?s={search_term_string}"},"query-input":{"@type":"PropertyValueSpecification","valueRequired":true,"valueName":"search_term_string"}}],"inLanguage":"pt-BR"},{"@type":"Organization","@id":"https:\/\/blog.caule.com.br\/blog-2\/#organization","name":"Caule eco.l\u00f3gicos","url":"https:\/\/blog.caule.com.br\/blog-2\/","logo":{"@type":"ImageObject","inLanguage":"pt-BR","@id":"https:\/\/blog.caule.com.br\/blog-2\/#\/schema\/logo\/image\/","url":"https:\/\/blog.caule.com.br\/blog-2\/wp-content\/uploads\/2015\/07\/caule_horizontal_w90.png","contentUrl":"https:\/\/blog.caule.com.br\/blog-2\/wp-content\/uploads\/2015\/07\/caule_horizontal_w90.png","width":213,"height":90,"caption":"Caule eco.l\u00f3gicos"},"image":{"@id":"https:\/\/blog.caule.com.br\/blog-2\/#\/schema\/logo\/image\/"},"sameAs":["https:\/\/www.facebook.com\/CauleDistribuidora","https:\/\/www.instagram.com\/caule.eco.logicos\/","https:\/\/br.pinterest.com\/cauleecologicos\/","https:\/\/www.youtube.com\/cauleecologicos"]},{"@type":"Person","@id":"https:\/\/blog.caule.com.br\/blog-2\/#\/schema\/person\/8da0d35def75a41f0bfc5549c0bef059","name":"Janine Schmitz","image":{"@type":"ImageObject","inLanguage":"pt-BR","@id":"https:\/\/secure.gravatar.com\/avatar\/b9c54b94c1bbbe36daed6c9b6c5db43cef19697831bab8a68d461c78586cfe7c?s=96&d=mm&r=g","url":"https:\/\/secure.gravatar.com\/avatar\/b9c54b94c1bbbe36daed6c9b6c5db43cef19697831bab8a68d461c78586cfe7c?s=96&d=mm&r=g","contentUrl":"https:\/\/secure.gravatar.com\/avatar\/b9c54b94c1bbbe36daed6c9b6c5db43cef19697831bab8a68d461c78586cfe7c?s=96&d=mm&r=g","caption":"Janine Schmitz"},"url":"https:\/\/blog.caule.com.br\/blog-2\/author\/janineschmitz\/"}]}},"jetpack_featured_media_url":"https:\/\/blog.caule.com.br\/blog-2\/wp-content\/uploads\/2017\/01\/urine-analysis_pee-water-bottles_image-2.jpg","jetpack_sharing_enabled":true,"_links":{"self":[{"href":"https:\/\/blog.caule.com.br\/blog-2\/wp-json\/wp\/v2\/posts\/2470","targetHints":{"allow":["GET"]}}],"collection":[{"href":"https:\/\/blog.caule.com.br\/blog-2\/wp-json\/wp\/v2\/posts"}],"about":[{"href":"https:\/\/blog.caule.com.br\/blog-2\/wp-json\/wp\/v2\/types\/post"}],"author":[{"embeddable":true,"href":"https:\/\/blog.caule.com.br\/blog-2\/wp-json\/wp\/v2\/users\/2"}],"replies":[{"embeddable":true,"href":"https:\/\/blog.caule.com.br\/blog-2\/wp-json\/wp\/v2\/comments?post=2470"}],"version-history":[{"count":7,"href":"https:\/\/blog.caule.com.br\/blog-2\/wp-json\/wp\/v2\/posts\/2470\/revisions"}],"predecessor-version":[{"id":9089,"href":"https:\/\/blog.caule.com.br\/blog-2\/wp-json\/wp\/v2\/posts\/2470\/revisions\/9089"}],"wp:featuredmedia":[{"embeddable":true,"href":"https:\/\/blog.caule.com.br\/blog-2\/wp-json\/wp\/v2\/media\/1355"}],"wp:attachment":[{"href":"https:\/\/blog.caule.com.br\/blog-2\/wp-json\/wp\/v2\/media?parent=2470"}],"wp:term":[{"taxonomy":"category","embeddable":true,"href":"https:\/\/blog.caule.com.br\/blog-2\/wp-json\/wp\/v2\/categories?post=2470"},{"taxonomy":"post_tag","embeddable":true,"href":"https:\/\/blog.caule.com.br\/blog-2\/wp-json\/wp\/v2\/tags?post=2470"}],"curies":[{"name":"wp","href":"https:\/\/api.w.org\/{rel}","templated":true}]}}