{"id":2352,"date":"2019-11-15T08:06:22","date_gmt":"2019-11-15T11:06:22","guid":{"rendered":"http:\/\/www.caule.com.br\/?p=2352"},"modified":"2022-01-08T14:38:33","modified_gmt":"2022-01-08T14:38:33","slug":"me-tirem-do-tedio-com-proposito","status":"publish","type":"post","link":"https:\/\/blog.caule.com.br\/blog-2\/2019\/me-tirem-do-tedio-com-proposito\/","title":{"rendered":"Me tirem do t\u00e9dio com prop\u00f3sito!"},"content":{"rendered":"<figure id=\"attachment_2364\" aria-describedby=\"caption-attachment-2364\" style=\"width: 280px\" class=\"wp-caption alignright\"><img decoding=\"async\" class=\"wp-image-2364\" src=\"https:\/\/blog.caule.com.br\/blog-2\/wp-content\/uploads\/2019\/11\/beakman-2.jpg\" alt=\"Mundo de Beakman: ant\u00eddoto do Me tirem do t\u00e9dio!\" width=\"280\" height=\"158\" \/><figcaption id=\"caption-attachment-2364\" class=\"wp-caption-text\">Mundo de Beakman<\/figcaption><\/figure>\n<p>Me tirem do t\u00e9dio ! Essa foi a frase da minha adolesc\u00eancia. A primeira vez que acessei a internet foi em 1997 aos 18 anos e mesmo a\u00ed a internet tinha bem pouco o que ver.\u00a0 Na minha adolesc\u00eancia livros eram caros, nas bibliotecas s\u00f3 havia livros antigos.\u00a0 Eu ainda n\u00e3o tinha idade para sair e at\u00e9 os 16 anos, nem para trabalhar. Eram dias longos e chatos. Assistia algumas s\u00e9ries que passavam na TV como Confiss\u00f5es de Adolescente, Mundo de Beakman e Anos Incr\u00edveis. Fazia gin\u00e1stica enquanto via esses programas. Sim, eu sentia que tava derretendo de tanto t\u00e9dio e ativar os m\u00fasculos me fazia me sentir menos sol\u00favel. Se hoje \u00e9 complicado descobrir programa\u00e7\u00e3o cultural, imagina nos anos 90, morando na periferia de Gravata\u00ed, cidade pr\u00f3xima de Porto Alegre. Se tivesse o Google eu certamente teclaria: Me tirem do t\u00e9dio ! Ou melhor! N\u00e3o teria mais t\u00e9dio porque eu realmente amo pesquisar!<\/p>\n<p>Hoje me angustia pensar em qualquer ser humano no planeta passando t\u00e9dio. Isso porque al\u00e9m de saber o quanto \u00e9 ruim, hoje percebo que temos muito o que fazer pra deixar o mundo melhor. Essa \u00e9 uma vis\u00e3o que justamente eu n\u00e3o tinha na minha adolesc\u00eancia e por isso passava t\u00e9dio. Eu n\u00e3o me via como uma protagonista no mundo. Eu me via como uma coadjuvante, esperando minha hora de entrar e representar meu papel insignificante.<\/p>\n<h2>&#8221; Me tirem do t\u00e9dio &#8221; indica fazer parte da minoria privilegiada<\/h2>\n<p>E o que seria esse papel? Seria praticamente entrar numa esteira, numa linha de montagem. Fazer faculdade \u2014- casar \u2014- ter filhos \u2014- seguir uma carreira profissional para me sustentar \u2014- ser v\u00f3 \u2014- me aposentar \u2014- morrer. Talvez voc\u00ea ache cada uma dessas etapas da vida fant\u00e1stica! E sim! Tem momentos especiais, mas eu sinto que esse \u00e9 s\u00f3 o pano de fundo, que temos muito mais a fazer.<\/p>\n<p>Algu\u00e9m pode pensar em algo mais entediante do que entrar numa esteira de uma linha de montagem sem saber o que se quer e sem ter espa\u00e7o pra expressar o que se \u00e9?<\/p>\n<p>Ent\u00e3o eu n\u00e3o s\u00f3 levava uma vida entediante como eu tinha perspectiva de ter uma vida entediante, at\u00e9 morrer. Eu n\u00e3o me sentia viva. E assim sendo qual seria diferen\u00e7a se eu n\u00e3o estivesse mais viva? Com isso por muitas vezes me passava pela cabe\u00e7a suic\u00eddio, porque eu realmente n\u00e3o via sentido na vida. Inclusive minha amiga psic\u00f3loga M\u00edriam Schnomberger de Souza explicou: o t\u00e9dio pode ser o in\u00edcio da depress\u00e3o.<\/p>\n<p>Talvez o grito &#8221; Me tirem do t\u00e9dio !&#8221; seja algo mais de uma minoria privilegiada da qual fa\u00e7o parte. Na adolesc\u00eancia eu tive tempo pra sentir t\u00e9dio porque os meus pais podiam me sustentar. Eu n\u00e3o precisava trabalhar pra me sustentar ou pra ajudar em casa. A minha m\u00e3e trabalhou desde a inf\u00e2ncia. Ela n\u00e3o teve tempo pra sentir t\u00e9dio na adolesc\u00eancia.<\/p>\n<figure id=\"attachment_2365\" aria-describedby=\"caption-attachment-2365\" style=\"width: 393px\" class=\"wp-caption alignright\"><a href=\"https:\/\/blog.caule.com.br\/blog-2\/wp-content\/uploads\/2019\/11\/1280px-Hierarquia_das_necessidades_de_Maslow.svg_-2.png\" target=\"_blank\" rel=\"noopener\"><img decoding=\"async\" class=\"wp-image-2365\" src=\"https:\/\/blog.caule.com.br\/blog-2\/wp-content\/uploads\/2019\/11\/1280px-Hierarquia_das_necessidades_de_Maslow.svg_-2.png\" alt=\"Autorealiza\u00e7\u00e3o \u00e9 o topo da pir\u00e2mide.\" width=\"393\" height=\"257\" \/><\/a><figcaption id=\"caption-attachment-2365\" class=\"wp-caption-text\">Pir\u00e2mide de Maslow &#8211; Clique na imagem para aumentar<\/figcaption><\/figure>\n<h2>Teoria<\/h2>\n<p>Privil\u00e9gios me lembra a Pir\u00e2mide de Maslow, ela \u00e9 muito interessante porque mostra que n\u00f3s temos muitas necessidades: necessidades mais b\u00e1sicas, necessidades intermedi\u00e1rias e necessidades mais sutis. Grande parte da popula\u00e7\u00e3o se dedica e muitos n\u00e3o conseguem nem alcan\u00e7ar a satisfa\u00e7\u00e3o das necessidades b\u00e1sicas, ou seja, comer, descansar ter um abrigo e seguran\u00e7a. \u00c9 s\u00f3 depois que a gente alcan\u00e7ou as necessidades mais b\u00e1sicas que a gente come\u00e7a sentir falta de necessidades mais de topo, as necessidades que pode-se dizer mais espirituais: como prop\u00f3sito. Ent\u00e3o, por exemplo, se eu n\u00e3o tivesse as minhas necessidades mais b\u00e1sicas satisfeitas eu n\u00e3o teria chegado ao ponto do t\u00e9dio em que eu me perguntaria que sentido faz a minha vida porque eu estaria muito ocupada trabalhando me dedicando a suprir as minhas necessidades b\u00e1sicas.<\/p>\n<p>Essa \u00e9 uma teoria! Ser\u00e1 mesmo que as pessoas que mau est\u00e3o suprindo as necessidades b\u00e1sicas gostariam de trabalhar com prop\u00f3sito?! Acredito que sim! Afinal Viktor Frankl que j\u00e1 trabalhava como psic\u00f3logo foi mandado ao campo de concentra\u00e7\u00e3o e atribuiu a sua sobreviv\u00eancia e de outras pessoas a tantos horrores justamente ao sentido que viam na vida.<\/p>\n<p>Vejo como se tiv\u00e9ssemos duas conex\u00f5es extremas e imprescind\u00edveis: as necessidades b\u00e1sicas na sola dos p\u00e9s e o prop\u00f3sito, o sentido na vida, a sensa\u00e7\u00e3o de pertencimento no topo da cabe\u00e7a.<\/p>\n<h2>Pr\u00e1tica<\/h2>\n<p>Eu estou falando da minha experi\u00eancia com o t\u00e9dio que foi na adolesc\u00eancia, mas voc\u00ea pode viver esse per\u00edodo de t\u00e9dio em v\u00e1rias fases da vida. O pedido \u201c Me tirem do t\u00e9dio \u201c pode vir quando os filhos cresceram e o tempo ocupado pelos filhos agora est\u00e1 vazio. Um vazio cheio de t\u00e9dio. Pode ser um tempo em que se est\u00e1 desempregado e se tem condi\u00e7\u00f5es de continuar vivendo com as necessidades b\u00e1sicas supridas. Pode ser quando voc\u00ea fica desempregado ou desempregada, mas algu\u00e9m ainda cuida das necessidades b\u00e1sicas, como seus pais ou companheir@. Pode ser na aposentadoria, depois de uma vida super dedicada ao trabalho di\u00e1rio. De uma hora para outra n\u00e3o dedica mais 10 horas de vida diariamente ao trabalho e o caminho at\u00e9 ele.<\/p>\n<p>Resumindo a \u00f3pera at\u00e9 aqui: t\u00e9dio em geral \u00e9 algo que acontece na vida de pessoas mais privilegiadas. T\u00e9dio \u00e9 tamb\u00e9m o que antecipa uma necessidade de prop\u00f3sito de sentido na vida.<\/p>\n<p>E o que fez com que o t\u00e9dio acabasse definitivamente para todo sempre na minha vida foi me ver como protagonista no mundo e n\u00e3o como coadjuvante. Como protagonista que escreve o seu papel, se dirige e que ao mesmo tempo se assiste da plateia. Sim esse \u00e9 o observador externo que tanto se fala no Yoga.<\/p>\n<p>Se desde o sof\u00e1 de onde est\u00e1 passando t\u00e9dio voc\u00ea passasse a se ver n\u00e3o mais como coadjuvante, mas como protagonista? Ser\u00e1 que ainda bradaria \u201cMe tirem desse t\u00e9dio\u201d? E \u00e9 protagonista de tudo que est\u00e1 acontecendo no mundo, viu?! Mudando a perspectiva, o t\u00e9dio se desmaterializaria, como por passe de m\u00e1gica.<\/p>\n<h2>Vamos transformar o: Me tirem do t\u00e9dio em um: Como sair do t\u00e9dio?<\/h2>\n<p>Sim, porque se voc\u00ea olha pro mundo e sofre com as crian\u00e7as que est\u00e3o abandonadas, com a destrui\u00e7\u00e3o da natureza, com a pol\u00edtica, com a educa\u00e7\u00e3o em decl\u00ednio ou como est\u00e3o os servi\u00e7os oferecidos e se visse como co-respons\u00e1vel por tudo, o t\u00e9dio acabaria. Porque muitas vezes quando a gente percebe um sil\u00eancio, \u00e9 esse o momento de n\u00f3s falarmos, de n\u00f3s agirmos. Bom e da\u00ed vem seu sonho das v\u00edsceras. E se os seus talentos est\u00e3o a\u00ed para oferecer ao mundo algo para deixar ele melhor?<\/p>\n<p>Do estado de quase derretimento do corpo a carne se contrai, acorda. Sim! Isso \u00e9 \u00e2nimo para acordar, levantar e encarar de frente cada coisa que v\u00ea errada no mundo e pensar no que fazer para melhorar.<\/p>\n<p>Cuide-se! Sim! Para cuidar de seu corpinho, cora\u00e7\u00e3o, massa cinzenta e espiritinho tem tanta, mas tannnnta coisa para se fazer que s\u00f3 isso pode ocupar a vida inteira de um ser humano! Casa\/corpo: Desde coisas simples como uma m\u00e1scara de argila, uma massagem facial relaxante at\u00e9 um esporte que vai mudar toda a sua vida, tem um menu extenso!<br \/>\nCora\u00e7\u00e3o: tem um monte de dorzinhas a\u00ed mal resolvidas? Que tal psicoterapia? Um profissional que lhe d\u00e1 a m\u00e3o e assiste uma reprise da sua vida com voc\u00ea. Dando um pause em algumas cenas para ver onde tem outras perspectivas poss\u00edveis!<\/p>\n<p>Massa cinzenta: sabe umas ideias fixas que deixam os ombros e os maxilares doendo? Tipo \u201cTudo vai dar errado.\u201d O psic\u00f3logo e outras terapias cognitivas podem ajudar. Dependendo da quest\u00e3o, a arte pode ajudar organizar a bagun\u00e7a nos pensamentos. Ler sobre e praticar filosofia tamb\u00e9m ajuda muito! \u201cEspritu\u201d experimenta falar assim! \u00c9 muito bom! ? Bom aqui tem mais um universo de possibilidades a que eu indico \u00e9 Medita\u00e7\u00e3o.<\/p>\n<figure id=\"attachment_2362\" aria-describedby=\"caption-attachment-2362\" style=\"width: 235px\" class=\"wp-caption alignleft\"><a href=\"https:\/\/blog.caule.com.br\/blog-2\/wp-content\/uploads\/2019\/11\/janinemiriam2.jpeg\"><img decoding=\"async\" class=\" wp-image-2362\" src=\"https:\/\/blog.caule.com.br\/blog-2\/wp-content\/uploads\/2019\/11\/janinemiriam2.jpeg\" alt=\"\" width=\"235\" height=\"188\" srcset=\"https:\/\/blog.caule.com.br\/blog-2\/wp-content\/uploads\/2019\/11\/janinemiriam2.jpeg 799w, https:\/\/blog.caule.com.br\/blog-2\/wp-content\/uploads\/2019\/11\/janinemiriam2-600x481.jpeg 600w, https:\/\/blog.caule.com.br\/blog-2\/wp-content\/uploads\/2019\/11\/janinemiriam2-300x240.jpeg 300w, https:\/\/blog.caule.com.br\/blog-2\/wp-content\/uploads\/2019\/11\/janinemiriam2-768x615.jpeg 768w\" sizes=\"(max-width: 235px) 100vw, 235px\" \/><\/a><figcaption id=\"caption-attachment-2362\" class=\"wp-caption-text\">J\u00e1 com 15 anos n\u00e3o tinha mais: Me tirem do t\u00e9dio<\/figcaption><\/figure>\n<figure id=\"attachment_2363\" aria-describedby=\"caption-attachment-2363\" style=\"width: 191px\" class=\"wp-caption alignright\"><a href=\"https:\/\/blog.caule.com.br\/blog-2\/wp-content\/uploads\/2019\/11\/Janine-e-Miriam.jpeg\"><img decoding=\"async\" class=\" wp-image-2363\" src=\"https:\/\/blog.caule.com.br\/blog-2\/wp-content\/uploads\/2019\/11\/Janine-e-Miriam.jpeg\" alt=\"Com prop\u00f3sito de vida n\u00e3o tem: Me tirem do t\u00e9dio\" width=\"191\" height=\"196\" \/><\/a><figcaption id=\"caption-attachment-2363\" class=\"wp-caption-text\">&#8230; 25 anos depois, continua n\u00e3o tendo!<\/figcaption><\/figure>\n<h2>Assim nosso ser inteiro estar\u00e1 bem preparado para encarar o mund\u00e3o e deix\u00e1-lo ainda mais tudo de bom!<\/h2>\n<p>Da\u00ed confere a\u00ed nas tuas reclama\u00e7\u00f5es recorrentes, o que mais te incomoda! Somos bons em identificar problemas e falar deles, como brasileir@s. Agora \u00e9 arrega\u00e7ar as mangas e botar para restaurar! Porque quebrar \u00e9 f\u00e1cil! Restaurar \u00e9 que \u00e9 o desafio!<\/p>\n<p>A tua quest\u00e3o \u00e9 a situa\u00e7\u00e3o das crian\u00e7as? Sabe quem \u00e9 o conselheiro tutelar no seu bairro? Em qual entidade pode fazer um trabalho volunt\u00e1rio? Que tal adotar uma crian\u00e7a? Ou apadrinhar uma crian\u00e7a afetivamente?<\/p>\n<p>Se indigna com o lixo no mundo? Pode nos ajudar divulgando o site, pode revender com a gente os produtos, pode fazer mutir\u00f5es para limpar a cidade.<\/p>\n<p>Pode se cadastrar em <a href=\"http:\/\/caule.com.br\/revender\" target=\"_blank\" rel=\"noopener noreferrer\">caule.com.br\/revender<\/a><\/p>\n<p>Fica triste por ver a desvaloriza\u00e7\u00e3o da arte? Pode ajudar a divulgar a programa\u00e7\u00e3o cultural da cidade, convidar os amigos para os programas culturais, pode conversar com as pessoas sobre a import\u00e2ncia da arte, da cultura e de frequentar atividades relacionadas. Pode at\u00e9 fazer um perfil e v\u00eddeos s\u00f3 para falar do assunto.<\/p>\n<p>Eu brinco que tenho trabalho para toda popula\u00e7\u00e3o da terra, infelizmente ainda n\u00e3o remunera\u00e7\u00e3o, mas alguns trabalhos remunerados com prop\u00f3sito j\u00e1 geramos!<\/p>\n<p>Se quiser me ajudar a gerar essa renda para criar esses trabalhos pode conferir a nossa loja virtual <a href=\"http:\/\/www.caule.com.br\" target=\"_blank\" rel=\"noopener noreferrer\">clicando aqui em www.caule.com.br<\/a><\/p>\n<p>Bom pensa, desenha, sonha a\u00ed e age, repete o ciclo muitas vezes e, quando se der conta, j\u00e1 ter\u00e1 se passado muito tempo na sua vida sem: \u201c Me tirem do t\u00e9dio \u201d.<\/p>\n<hr \/>\n<p><strong>Se quiser ler outros textos sobre o assunto: <\/strong><\/p>\n<p><a href=\"http:\/\/blog.caule.com.br\/blog-2\/2016\/quanto-vale-a-vida-sem-causa\/\" target=\"_blank\" rel=\"noopener noreferrer\">Quanto vale uma vida sem causa?<\/a><\/p>\n<p><a href=\"https:\/\/blog.caule.com.br\/blog-2\/2019\/porque-eu-decidi-revender-cosmeticos-naturais-e-veganos\/\" target=\"_blank\" rel=\"noopener noreferrer\">Por que decidi revender cosm\u00e9ticos naturais e veganos<\/a><\/p>\n<p><a href=\"http:\/\/blog.caule.com.br\/blog-2\/2016\/trabalho-com-causa\/\">Trabalho com causa: um caso de sa\u00fade integral<\/a> (Entrevista com Mirele Porto)<\/p>\n<p><a href=\"http:\/\/materiais.caule.com.br\/a-causa-da-beleza-e-a-realizacao-no-trabalho\" target=\"_blank\" rel=\"noopener noreferrer\">E-Book: A causa da beleza e a realiza\u00e7\u00e3o no trabalho<\/a> (Como trabalhar com causa e ter auto-realiza\u00e7\u00e3o)<\/p>\n","protected":false},"excerpt":{"rendered":"<p>Me tirem do t\u00e9dio ! Essa foi a frase da minha adolesc\u00eancia. A primeira vez que acessei a internet foi<\/p>\n","protected":false},"author":2,"featured_media":2375,"comment_status":"closed","ping_status":"closed","sticky":false,"template":"","format":"standard","meta":{"colormag_page_container_layout":"default_layout","colormag_page_sidebar_layout":"default_layout","_jetpack_memberships_contains_paid_content":false,"footnotes":""},"categories":[29,37,65],"tags":[289,595,596,597,598,327],"class_list":["post-2352","post","type-post","status-publish","format-standard","has-post-thumbnail","hentry","category-causa-caule","category-estilo-de-vida-ecologico","category-saude-e-beleza-integral","tag-auto-realizacao","tag-causa","tag-descobrir-o-seu-proposito","tag-me-tirem-do-tedio","tag-piramide-de-maslow","tag-trabalho-com-causa"],"yoast_head":"<!-- This site is optimized with the Yoast SEO plugin v27.5 - https:\/\/yoast.com\/product\/yoast-seo-wordpress\/ -->\n<title>Me tirem do t\u00e9dio com prop\u00f3sito! - Blog<\/title>\n<meta name=\"description\" content=\"&quot;Me tirem do t\u00e9dio!&quot; \u00e9 o grito que indica que ainda n\u00e3o somos protagonistas da nossa vida, ainda n\u00e3o nos conectamos com o nosso prop\u00f3sito\/nossa causa!\" \/>\n<meta name=\"robots\" content=\"index, follow, max-snippet:-1, max-image-preview:large, max-video-preview:-1\" \/>\n<link rel=\"canonical\" href=\"https:\/\/blog.caule.com.br\/blog-2\/2019\/me-tirem-do-tedio-com-proposito\/\" \/>\n<meta property=\"og:locale\" content=\"pt_BR\" \/>\n<meta property=\"og:type\" content=\"article\" \/>\n<meta property=\"og:title\" content=\"Me tirem do t\u00e9dio com prop\u00f3sito! - Blog\" \/>\n<meta property=\"og:description\" content=\"&quot;Me tirem do t\u00e9dio!&quot; \u00e9 o grito que indica que ainda n\u00e3o somos protagonistas da nossa vida, ainda n\u00e3o nos conectamos com o nosso prop\u00f3sito\/nossa causa!\" \/>\n<meta property=\"og:url\" content=\"https:\/\/blog.caule.com.br\/blog-2\/2019\/me-tirem-do-tedio-com-proposito\/\" \/>\n<meta property=\"og:site_name\" content=\"Blog\" \/>\n<meta property=\"article:publisher\" content=\"https:\/\/www.facebook.com\/CauleDistribuidora\" \/>\n<meta property=\"article:published_time\" content=\"2019-11-15T11:06:22+00:00\" \/>\n<meta property=\"article:modified_time\" content=\"2022-01-08T14:38:33+00:00\" \/>\n<meta property=\"og:image\" content=\"https:\/\/blog.caule.com.br\/blog-2\/wp-content\/uploads\/2019\/11\/Me_tirem_do_tedio-2.jpeg\" \/>\n\t<meta property=\"og:image:width\" content=\"1024\" \/>\n\t<meta property=\"og:image:height\" content=\"768\" \/>\n\t<meta property=\"og:image:type\" content=\"image\/jpeg\" \/>\n<meta name=\"author\" content=\"Janine Schmitz\" \/>\n<meta name=\"twitter:card\" content=\"summary_large_image\" \/>\n<meta name=\"twitter:label1\" content=\"Escrito por\" \/>\n\t<meta name=\"twitter:data1\" content=\"Janine Schmitz\" \/>\n\t<meta name=\"twitter:label2\" content=\"Est. tempo de leitura\" \/>\n\t<meta name=\"twitter:data2\" content=\"10 minutos\" \/>\n<script type=\"application\/ld+json\" class=\"yoast-schema-graph\">{\"@context\":\"https:\\\/\\\/schema.org\",\"@graph\":[{\"@type\":\"Article\",\"@id\":\"https:\\\/\\\/blog.caule.com.br\\\/blog-2\\\/2019\\\/me-tirem-do-tedio-com-proposito\\\/#article\",\"isPartOf\":{\"@id\":\"https:\\\/\\\/blog.caule.com.br\\\/blog-2\\\/2019\\\/me-tirem-do-tedio-com-proposito\\\/\"},\"author\":{\"name\":\"Janine Schmitz\",\"@id\":\"https:\\\/\\\/blog.caule.com.br\\\/blog-2\\\/#\\\/schema\\\/person\\\/8da0d35def75a41f0bfc5549c0bef059\"},\"headline\":\"Me tirem do t\u00e9dio com prop\u00f3sito!\",\"datePublished\":\"2019-11-15T11:06:22+00:00\",\"dateModified\":\"2022-01-08T14:38:33+00:00\",\"mainEntityOfPage\":{\"@id\":\"https:\\\/\\\/blog.caule.com.br\\\/blog-2\\\/2019\\\/me-tirem-do-tedio-com-proposito\\\/\"},\"wordCount\":1781,\"publisher\":{\"@id\":\"https:\\\/\\\/blog.caule.com.br\\\/blog-2\\\/#organization\"},\"image\":{\"@id\":\"https:\\\/\\\/blog.caule.com.br\\\/blog-2\\\/2019\\\/me-tirem-do-tedio-com-proposito\\\/#primaryimage\"},\"thumbnailUrl\":\"https:\\\/\\\/blog.caule.com.br\\\/blog-2\\\/wp-content\\\/uploads\\\/2019\\\/11\\\/Me_tirem_do_tedio-2.jpeg\",\"keywords\":[\"auto-realiza\u00e7\u00e3o\",\"causa\",\"descobrir o seu prop\u00f3sito\",\"Me tirem do t\u00e9dio\",\"Pir\u00e2mide de Maslow\",\"Trabalho com causa\"],\"articleSection\":[\"Causa Caule\",\"Estilo de Vida Ecol\u00f3gico\",\"Sa\u00fade e Beleza Integral\"],\"inLanguage\":\"pt-BR\"},{\"@type\":\"WebPage\",\"@id\":\"https:\\\/\\\/blog.caule.com.br\\\/blog-2\\\/2019\\\/me-tirem-do-tedio-com-proposito\\\/\",\"url\":\"https:\\\/\\\/blog.caule.com.br\\\/blog-2\\\/2019\\\/me-tirem-do-tedio-com-proposito\\\/\",\"name\":\"Me tirem do t\u00e9dio com prop\u00f3sito! - Blog\",\"isPartOf\":{\"@id\":\"https:\\\/\\\/blog.caule.com.br\\\/blog-2\\\/#website\"},\"primaryImageOfPage\":{\"@id\":\"https:\\\/\\\/blog.caule.com.br\\\/blog-2\\\/2019\\\/me-tirem-do-tedio-com-proposito\\\/#primaryimage\"},\"image\":{\"@id\":\"https:\\\/\\\/blog.caule.com.br\\\/blog-2\\\/2019\\\/me-tirem-do-tedio-com-proposito\\\/#primaryimage\"},\"thumbnailUrl\":\"https:\\\/\\\/blog.caule.com.br\\\/blog-2\\\/wp-content\\\/uploads\\\/2019\\\/11\\\/Me_tirem_do_tedio-2.jpeg\",\"datePublished\":\"2019-11-15T11:06:22+00:00\",\"dateModified\":\"2022-01-08T14:38:33+00:00\",\"description\":\"\\\"Me tirem do t\u00e9dio!\\\" \u00e9 o grito que indica que ainda n\u00e3o somos protagonistas da nossa vida, ainda n\u00e3o nos conectamos com o nosso prop\u00f3sito\\\/nossa causa!\",\"breadcrumb\":{\"@id\":\"https:\\\/\\\/blog.caule.com.br\\\/blog-2\\\/2019\\\/me-tirem-do-tedio-com-proposito\\\/#breadcrumb\"},\"inLanguage\":\"pt-BR\",\"potentialAction\":[{\"@type\":\"ReadAction\",\"target\":[\"https:\\\/\\\/blog.caule.com.br\\\/blog-2\\\/2019\\\/me-tirem-do-tedio-com-proposito\\\/\"]}]},{\"@type\":\"ImageObject\",\"inLanguage\":\"pt-BR\",\"@id\":\"https:\\\/\\\/blog.caule.com.br\\\/blog-2\\\/2019\\\/me-tirem-do-tedio-com-proposito\\\/#primaryimage\",\"url\":\"https:\\\/\\\/blog.caule.com.br\\\/blog-2\\\/wp-content\\\/uploads\\\/2019\\\/11\\\/Me_tirem_do_tedio-2.jpeg\",\"contentUrl\":\"https:\\\/\\\/blog.caule.com.br\\\/blog-2\\\/wp-content\\\/uploads\\\/2019\\\/11\\\/Me_tirem_do_tedio-2.jpeg\",\"width\":1024,\"height\":768,\"caption\":\"Me tirem do t\u00e9dio\"},{\"@type\":\"BreadcrumbList\",\"@id\":\"https:\\\/\\\/blog.caule.com.br\\\/blog-2\\\/2019\\\/me-tirem-do-tedio-com-proposito\\\/#breadcrumb\",\"itemListElement\":[{\"@type\":\"ListItem\",\"position\":1,\"name\":\"Home\",\"item\":\"https:\\\/\\\/blog.caule.com.br\\\/blog-2\\\/\"},{\"@type\":\"ListItem\",\"position\":2,\"name\":\"Me tirem do t\u00e9dio com prop\u00f3sito!\"}]},{\"@type\":\"WebSite\",\"@id\":\"https:\\\/\\\/blog.caule.com.br\\\/blog-2\\\/#website\",\"url\":\"https:\\\/\\\/blog.caule.com.br\\\/blog-2\\\/\",\"name\":\"Blog\",\"description\":\"Caule eco.l\u00f3gicos\",\"publisher\":{\"@id\":\"https:\\\/\\\/blog.caule.com.br\\\/blog-2\\\/#organization\"},\"potentialAction\":[{\"@type\":\"SearchAction\",\"target\":{\"@type\":\"EntryPoint\",\"urlTemplate\":\"https:\\\/\\\/blog.caule.com.br\\\/blog-2\\\/?s={search_term_string}\"},\"query-input\":{\"@type\":\"PropertyValueSpecification\",\"valueRequired\":true,\"valueName\":\"search_term_string\"}}],\"inLanguage\":\"pt-BR\"},{\"@type\":\"Organization\",\"@id\":\"https:\\\/\\\/blog.caule.com.br\\\/blog-2\\\/#organization\",\"name\":\"Caule eco.l\u00f3gicos\",\"url\":\"https:\\\/\\\/blog.caule.com.br\\\/blog-2\\\/\",\"logo\":{\"@type\":\"ImageObject\",\"inLanguage\":\"pt-BR\",\"@id\":\"https:\\\/\\\/blog.caule.com.br\\\/blog-2\\\/#\\\/schema\\\/logo\\\/image\\\/\",\"url\":\"https:\\\/\\\/blog.caule.com.br\\\/blog-2\\\/wp-content\\\/uploads\\\/2015\\\/07\\\/caule_horizontal_w90.png\",\"contentUrl\":\"https:\\\/\\\/blog.caule.com.br\\\/blog-2\\\/wp-content\\\/uploads\\\/2015\\\/07\\\/caule_horizontal_w90.png\",\"width\":213,\"height\":90,\"caption\":\"Caule eco.l\u00f3gicos\"},\"image\":{\"@id\":\"https:\\\/\\\/blog.caule.com.br\\\/blog-2\\\/#\\\/schema\\\/logo\\\/image\\\/\"},\"sameAs\":[\"https:\\\/\\\/www.facebook.com\\\/CauleDistribuidora\",\"https:\\\/\\\/www.instagram.com\\\/caule.eco.logicos\\\/\",\"https:\\\/\\\/br.pinterest.com\\\/cauleecologicos\\\/\",\"https:\\\/\\\/www.youtube.com\\\/cauleecologicos\"]},{\"@type\":\"Person\",\"@id\":\"https:\\\/\\\/blog.caule.com.br\\\/blog-2\\\/#\\\/schema\\\/person\\\/8da0d35def75a41f0bfc5549c0bef059\",\"name\":\"Janine Schmitz\",\"image\":{\"@type\":\"ImageObject\",\"inLanguage\":\"pt-BR\",\"@id\":\"https:\\\/\\\/secure.gravatar.com\\\/avatar\\\/b9c54b94c1bbbe36daed6c9b6c5db43cef19697831bab8a68d461c78586cfe7c?s=96&d=mm&r=g\",\"url\":\"https:\\\/\\\/secure.gravatar.com\\\/avatar\\\/b9c54b94c1bbbe36daed6c9b6c5db43cef19697831bab8a68d461c78586cfe7c?s=96&d=mm&r=g\",\"contentUrl\":\"https:\\\/\\\/secure.gravatar.com\\\/avatar\\\/b9c54b94c1bbbe36daed6c9b6c5db43cef19697831bab8a68d461c78586cfe7c?s=96&d=mm&r=g\",\"caption\":\"Janine Schmitz\"},\"url\":\"https:\\\/\\\/blog.caule.com.br\\\/blog-2\\\/author\\\/janineschmitz\\\/\"}]}<\/script>\n<!-- \/ Yoast SEO plugin. -->","yoast_head_json":{"title":"Me tirem do t\u00e9dio com prop\u00f3sito! - Blog","description":"\"Me tirem do t\u00e9dio!\" \u00e9 o grito que indica que ainda n\u00e3o somos protagonistas da nossa vida, ainda n\u00e3o nos conectamos com o nosso prop\u00f3sito\/nossa causa!","robots":{"index":"index","follow":"follow","max-snippet":"max-snippet:-1","max-image-preview":"max-image-preview:large","max-video-preview":"max-video-preview:-1"},"canonical":"https:\/\/blog.caule.com.br\/blog-2\/2019\/me-tirem-do-tedio-com-proposito\/","og_locale":"pt_BR","og_type":"article","og_title":"Me tirem do t\u00e9dio com prop\u00f3sito! - Blog","og_description":"\"Me tirem do t\u00e9dio!\" \u00e9 o grito que indica que ainda n\u00e3o somos protagonistas da nossa vida, ainda n\u00e3o nos conectamos com o nosso prop\u00f3sito\/nossa causa!","og_url":"https:\/\/blog.caule.com.br\/blog-2\/2019\/me-tirem-do-tedio-com-proposito\/","og_site_name":"Blog","article_publisher":"https:\/\/www.facebook.com\/CauleDistribuidora","article_published_time":"2019-11-15T11:06:22+00:00","article_modified_time":"2022-01-08T14:38:33+00:00","og_image":[{"width":1024,"height":768,"url":"https:\/\/blog.caule.com.br\/blog-2\/wp-content\/uploads\/2019\/11\/Me_tirem_do_tedio-2.jpeg","type":"image\/jpeg"}],"author":"Janine Schmitz","twitter_card":"summary_large_image","twitter_misc":{"Escrito por":"Janine Schmitz","Est. tempo de leitura":"10 minutos"},"schema":{"@context":"https:\/\/schema.org","@graph":[{"@type":"Article","@id":"https:\/\/blog.caule.com.br\/blog-2\/2019\/me-tirem-do-tedio-com-proposito\/#article","isPartOf":{"@id":"https:\/\/blog.caule.com.br\/blog-2\/2019\/me-tirem-do-tedio-com-proposito\/"},"author":{"name":"Janine Schmitz","@id":"https:\/\/blog.caule.com.br\/blog-2\/#\/schema\/person\/8da0d35def75a41f0bfc5549c0bef059"},"headline":"Me tirem do t\u00e9dio com prop\u00f3sito!","datePublished":"2019-11-15T11:06:22+00:00","dateModified":"2022-01-08T14:38:33+00:00","mainEntityOfPage":{"@id":"https:\/\/blog.caule.com.br\/blog-2\/2019\/me-tirem-do-tedio-com-proposito\/"},"wordCount":1781,"publisher":{"@id":"https:\/\/blog.caule.com.br\/blog-2\/#organization"},"image":{"@id":"https:\/\/blog.caule.com.br\/blog-2\/2019\/me-tirem-do-tedio-com-proposito\/#primaryimage"},"thumbnailUrl":"https:\/\/blog.caule.com.br\/blog-2\/wp-content\/uploads\/2019\/11\/Me_tirem_do_tedio-2.jpeg","keywords":["auto-realiza\u00e7\u00e3o","causa","descobrir o seu prop\u00f3sito","Me tirem do t\u00e9dio","Pir\u00e2mide de Maslow","Trabalho com causa"],"articleSection":["Causa Caule","Estilo de Vida Ecol\u00f3gico","Sa\u00fade e Beleza Integral"],"inLanguage":"pt-BR"},{"@type":"WebPage","@id":"https:\/\/blog.caule.com.br\/blog-2\/2019\/me-tirem-do-tedio-com-proposito\/","url":"https:\/\/blog.caule.com.br\/blog-2\/2019\/me-tirem-do-tedio-com-proposito\/","name":"Me tirem do t\u00e9dio com prop\u00f3sito! - Blog","isPartOf":{"@id":"https:\/\/blog.caule.com.br\/blog-2\/#website"},"primaryImageOfPage":{"@id":"https:\/\/blog.caule.com.br\/blog-2\/2019\/me-tirem-do-tedio-com-proposito\/#primaryimage"},"image":{"@id":"https:\/\/blog.caule.com.br\/blog-2\/2019\/me-tirem-do-tedio-com-proposito\/#primaryimage"},"thumbnailUrl":"https:\/\/blog.caule.com.br\/blog-2\/wp-content\/uploads\/2019\/11\/Me_tirem_do_tedio-2.jpeg","datePublished":"2019-11-15T11:06:22+00:00","dateModified":"2022-01-08T14:38:33+00:00","description":"\"Me tirem do t\u00e9dio!\" \u00e9 o grito que indica que ainda n\u00e3o somos protagonistas da nossa vida, ainda n\u00e3o nos conectamos com o nosso prop\u00f3sito\/nossa causa!","breadcrumb":{"@id":"https:\/\/blog.caule.com.br\/blog-2\/2019\/me-tirem-do-tedio-com-proposito\/#breadcrumb"},"inLanguage":"pt-BR","potentialAction":[{"@type":"ReadAction","target":["https:\/\/blog.caule.com.br\/blog-2\/2019\/me-tirem-do-tedio-com-proposito\/"]}]},{"@type":"ImageObject","inLanguage":"pt-BR","@id":"https:\/\/blog.caule.com.br\/blog-2\/2019\/me-tirem-do-tedio-com-proposito\/#primaryimage","url":"https:\/\/blog.caule.com.br\/blog-2\/wp-content\/uploads\/2019\/11\/Me_tirem_do_tedio-2.jpeg","contentUrl":"https:\/\/blog.caule.com.br\/blog-2\/wp-content\/uploads\/2019\/11\/Me_tirem_do_tedio-2.jpeg","width":1024,"height":768,"caption":"Me tirem do t\u00e9dio"},{"@type":"BreadcrumbList","@id":"https:\/\/blog.caule.com.br\/blog-2\/2019\/me-tirem-do-tedio-com-proposito\/#breadcrumb","itemListElement":[{"@type":"ListItem","position":1,"name":"Home","item":"https:\/\/blog.caule.com.br\/blog-2\/"},{"@type":"ListItem","position":2,"name":"Me tirem do t\u00e9dio com prop\u00f3sito!"}]},{"@type":"WebSite","@id":"https:\/\/blog.caule.com.br\/blog-2\/#website","url":"https:\/\/blog.caule.com.br\/blog-2\/","name":"Blog","description":"Caule eco.l\u00f3gicos","publisher":{"@id":"https:\/\/blog.caule.com.br\/blog-2\/#organization"},"potentialAction":[{"@type":"SearchAction","target":{"@type":"EntryPoint","urlTemplate":"https:\/\/blog.caule.com.br\/blog-2\/?s={search_term_string}"},"query-input":{"@type":"PropertyValueSpecification","valueRequired":true,"valueName":"search_term_string"}}],"inLanguage":"pt-BR"},{"@type":"Organization","@id":"https:\/\/blog.caule.com.br\/blog-2\/#organization","name":"Caule eco.l\u00f3gicos","url":"https:\/\/blog.caule.com.br\/blog-2\/","logo":{"@type":"ImageObject","inLanguage":"pt-BR","@id":"https:\/\/blog.caule.com.br\/blog-2\/#\/schema\/logo\/image\/","url":"https:\/\/blog.caule.com.br\/blog-2\/wp-content\/uploads\/2015\/07\/caule_horizontal_w90.png","contentUrl":"https:\/\/blog.caule.com.br\/blog-2\/wp-content\/uploads\/2015\/07\/caule_horizontal_w90.png","width":213,"height":90,"caption":"Caule eco.l\u00f3gicos"},"image":{"@id":"https:\/\/blog.caule.com.br\/blog-2\/#\/schema\/logo\/image\/"},"sameAs":["https:\/\/www.facebook.com\/CauleDistribuidora","https:\/\/www.instagram.com\/caule.eco.logicos\/","https:\/\/br.pinterest.com\/cauleecologicos\/","https:\/\/www.youtube.com\/cauleecologicos"]},{"@type":"Person","@id":"https:\/\/blog.caule.com.br\/blog-2\/#\/schema\/person\/8da0d35def75a41f0bfc5549c0bef059","name":"Janine Schmitz","image":{"@type":"ImageObject","inLanguage":"pt-BR","@id":"https:\/\/secure.gravatar.com\/avatar\/b9c54b94c1bbbe36daed6c9b6c5db43cef19697831bab8a68d461c78586cfe7c?s=96&d=mm&r=g","url":"https:\/\/secure.gravatar.com\/avatar\/b9c54b94c1bbbe36daed6c9b6c5db43cef19697831bab8a68d461c78586cfe7c?s=96&d=mm&r=g","contentUrl":"https:\/\/secure.gravatar.com\/avatar\/b9c54b94c1bbbe36daed6c9b6c5db43cef19697831bab8a68d461c78586cfe7c?s=96&d=mm&r=g","caption":"Janine Schmitz"},"url":"https:\/\/blog.caule.com.br\/blog-2\/author\/janineschmitz\/"}]}},"jetpack_featured_media_url":"https:\/\/blog.caule.com.br\/blog-2\/wp-content\/uploads\/2019\/11\/Me_tirem_do_tedio-2.jpeg","jetpack_sharing_enabled":true,"_links":{"self":[{"href":"https:\/\/blog.caule.com.br\/blog-2\/wp-json\/wp\/v2\/posts\/2352","targetHints":{"allow":["GET"]}}],"collection":[{"href":"https:\/\/blog.caule.com.br\/blog-2\/wp-json\/wp\/v2\/posts"}],"about":[{"href":"https:\/\/blog.caule.com.br\/blog-2\/wp-json\/wp\/v2\/types\/post"}],"author":[{"embeddable":true,"href":"https:\/\/blog.caule.com.br\/blog-2\/wp-json\/wp\/v2\/users\/2"}],"replies":[{"embeddable":true,"href":"https:\/\/blog.caule.com.br\/blog-2\/wp-json\/wp\/v2\/comments?post=2352"}],"version-history":[{"count":13,"href":"https:\/\/blog.caule.com.br\/blog-2\/wp-json\/wp\/v2\/posts\/2352\/revisions"}],"predecessor-version":[{"id":9224,"href":"https:\/\/blog.caule.com.br\/blog-2\/wp-json\/wp\/v2\/posts\/2352\/revisions\/9224"}],"wp:featuredmedia":[{"embeddable":true,"href":"https:\/\/blog.caule.com.br\/blog-2\/wp-json\/wp\/v2\/media\/2375"}],"wp:attachment":[{"href":"https:\/\/blog.caule.com.br\/blog-2\/wp-json\/wp\/v2\/media?parent=2352"}],"wp:term":[{"taxonomy":"category","embeddable":true,"href":"https:\/\/blog.caule.com.br\/blog-2\/wp-json\/wp\/v2\/categories?post=2352"},{"taxonomy":"post_tag","embeddable":true,"href":"https:\/\/blog.caule.com.br\/blog-2\/wp-json\/wp\/v2\/tags?post=2352"}],"curies":[{"name":"wp","href":"https:\/\/api.w.org\/{rel}","templated":true}]}}