{"id":1816,"date":"2018-09-20T14:23:50","date_gmt":"2018-09-20T17:23:50","guid":{"rendered":"http:\/\/www.caule.com.br\/?p=1816"},"modified":"2022-11-09T20:49:10","modified_gmt":"2022-11-09T20:49:10","slug":"plantar-a-lua","status":"publish","type":"post","link":"https:\/\/blog.caule.com.br\/blog-2\/2018\/plantar-a-lua\/","title":{"rendered":"Plantar a Lua: Reconex\u00e3o com a Natureza Feminina!"},"content":{"rendered":"<p>O ato de <strong>Plantar a Lua \u00e9 um resgate a sabedoria de nossas ancestrais<\/strong>, que acompanhavam seu ciclo menstrual atrav\u00e9s das fases da lua.<\/p>\n<p><strong>Post atualizado 09\/11\/2022<\/strong><\/p>\n<p>Em tempos aonde n\u00e3o existia a energia el\u00e9trica e a alimenta\u00e7\u00e3o era cultivada pelas comunidades, sem o consumo dos alimentos artificiais.<img decoding=\"async\" class=\"wp-image-7622 size-medium alignright\" src=\"http:\/\/caule.com.br\/blog-2\/wp-content\/uploads\/2018\/09\/plantar-a-lua-plantinha-225x300.jpg\" alt=\"Plantar a lua e adubar plantas com o sangue menstrual, usando o coletor da Loja Caule.\" width=\"225\" height=\"300\" srcset=\"https:\/\/blog.caule.com.br\/blog-2\/wp-content\/uploads\/2018\/09\/plantar-a-lua-plantinha-225x300.jpg 225w, https:\/\/blog.caule.com.br\/blog-2\/wp-content\/uploads\/2018\/09\/plantar-a-lua-plantinha.jpg 300w\" sizes=\"(max-width: 225px) 100vw, 225px\" \/><\/p>\n<p>Nesse tempo as Mulheres assumiam um grande papel na comunidade &#8211; que por muitas vezes eram n\u00f4mades \u2013 pois quando chegava a Lua Nova elas menstruavam juntas.<\/p>\n<p>Se recolhiam em <strong>\u201cTendas da Lua Vermelha\u201d<\/strong>, sendo um <strong>momento de muita sabedoria e renascimento<\/strong> para a comunidade.<\/p>\n<p>Ao sa\u00edrem da \u201cTenda da Lua Vermelha\u201d <strong>eram recebidas com muito respeito e escuta<\/strong>, pois traziam informa\u00e7\u00f5es dos pr\u00f3ximos caminhos da comunidade.<\/p>\n<h2><strong>Plantar a Lua&#8230;<\/strong><\/h2>\n<p>O nome Plantar a Lua, surgiu do entendimento que o ciclo menstrual \u00e9 regido pelo ciclo lunar. Por isso na Ginecologia Natural <strong>chamamos o Ciclo Menstrual de Luna\u00e7\u00e3o e a Menstrua\u00e7\u00e3o de Lua. <\/strong><\/p>\n<p>Nesse sentido, o acompanhamento do ciclo \u00e9 seguido atrav\u00e9s das fases da lua. <strong>E Plantar \u00e9 entregar a sua Lua \u2013 seu sangue menstrual \u2013 \u00e0 Terra em agradecimento a todos os ensinamentos<\/strong> que foram relembrados durante toda a Luna\u00e7\u00e3o.<\/p>\n<p>Em reconhecimento das mem\u00f3rias de nossas Ancestrais, <strong>da cura do feminino, da nutri\u00e7\u00e3o e do perd\u00e3o<\/strong>. Para que a Terra transforme em novos ensinamentos.<\/p>\n<p>Sendo assim <strong>uma oportunidade de reconhecer esse processo vital da natureza feminina<\/strong> e incentivar ao autoconhecimento.<\/p>\n<p>Al\u00e9m disso, <strong>a menstrua\u00e7\u00e3o tem seu valor biol\u00f3gico para Terra como fertilizante.<\/strong><\/p>\n<p>Isso justifica o aprofundamento de pesquisas no campo acad\u00eamico voltadas para <strong>o uso do Sangue menstrual na recupera\u00e7\u00e3o de \u00f3rg\u00e3os.<\/strong><\/p>\n<p>Em raz\u00e3o de sua alta capacidade de <strong>ser transformado em tecidos do corpo,<\/strong> por ser rico em c\u00e9lulas Mesenquimais a<strong> \u201cc\u00e9lula do futuro\u201d<\/strong>.<\/p>\n<p><strong>J\u00e1 conhece a categoria <a href=\"https:\/\/caule.com.br\/categoria-higiene-e-beleza\/categoria-menstruacao-natural\/\" target=\"_blank\" rel=\"noopener\">MENSTRUA\u00c7\u00c3O NATURAL<\/a> em nosso site:<\/strong><\/p>\n<p><a href=\"https:\/\/caule.com.br\/categoria-higiene-e-beleza\/categoria-menstruacao-natural\/\" target=\"_blank\" rel=\"noopener\"><img decoding=\"async\" class=\"alignnone wp-image-7445 size-full\" src=\"http:\/\/caule.com.br\/blog-2\/wp-content\/uploads\/2021\/03\/clique-aqui-e-compre-2.jpg\" alt=\"CTA para clicar e comprar no post de plantar a lua.\" width=\"1200\" height=\"200\" srcset=\"https:\/\/blog.caule.com.br\/blog-2\/wp-content\/uploads\/2021\/03\/clique-aqui-e-compre-2.jpg 1200w, https:\/\/blog.caule.com.br\/blog-2\/wp-content\/uploads\/2021\/03\/clique-aqui-e-compre-2-300x50.jpg 300w, https:\/\/blog.caule.com.br\/blog-2\/wp-content\/uploads\/2021\/03\/clique-aqui-e-compre-2-1024x171.jpg 1024w, https:\/\/blog.caule.com.br\/blog-2\/wp-content\/uploads\/2021\/03\/clique-aqui-e-compre-2-768x128.jpg 768w\" sizes=\"(max-width: 1200px) 100vw, 1200px\" \/><\/a><\/p>\n<h2><strong>Como Coletar o Sangue Menstrual?<\/strong><\/h2>\n<p class=\"alignnone\">Primordialmente, podemos agradecer o momento no qual estamos. Temos novas e boas alternativas que est\u00e3o dispon\u00edveis para auxiliar na <strong>harmoniza\u00e7\u00e3o com o ciclo menstrual e com a sustentabilidade do nosso planeta.<\/strong><\/p>\n<p><strong>Se quer coletar o Sangue Menstrual para Plantar a Lua, pode usar:<\/strong><\/p>\n<ul>\n<li><strong>Coletor Menstrual<\/strong> ou copo coletor \u00e9 um copinho de silicone no qual \u00e9 introduzido no canal vaginal e o sangue \u00e9 coletado.<\/li>\n<\/ul>\n<p>Ele \u00e9 bem aceito pelas mulheres, pelo reconhecimento do pr\u00f3prio sangue, <strong>conectando-as ao cheiro, a textura e a cor do seu sangue.<\/strong><\/p>\n<p>E tamb\u00e9m pela possibilidade de <strong>ser reutiliz\u00e1vel, podendo ser utilizado a cada luna\u00e7\u00e3o<\/strong>. A durabilidade do coletor menstrual pode chegar h\u00e1 at\u00e9 10 anos.<\/p>\n<p><strong>Uma observa\u00e7\u00e3o a ser compartilhada:<\/strong> \u00e9 que o uso do copinho \u00e9 feito durante o dia. \u00c9 importante dormir \u00e0\u00a0noite sem o copinho para que o fluxo saia livremente.<\/p>\n<ul>\n<li><strong>Absorvente reutiliz\u00e1vel ou Calcinha Absorvente<\/strong>, tamb\u00e9m \u00e9 reutiliz\u00e1vel. Geralmente s\u00e3o confeccionados com tecidos de fibras naturais. S\u00e3o imperme\u00e1veis, sendo respir\u00e1veis e saud\u00e1veis para natureza feminina, pois permite que o fluxo flua livremente.<\/li>\n<\/ul>\n<p>Muitas <strong>mulheres se adaptam facilmente aos Absorventes de pano e Calcinhas absorventes. <\/strong>No caso dos absorventes, por serem envolvidos na calcinha e suas abas abotoadas, deixando-os presos facilitando na mobilidade. E no caso das calcinhas, por serem confort\u00e1veis e muito pr\u00e1ticas de usar.<\/p>\n<p>Para <strong>mulheres que passam por fluxos bem intensos, existe uma variedade de tamanhos dos absorventes de tecido<\/strong>. Al\u00e9m de serem coloridos e com estampas divertidas.<\/p>\n<p><a href=\"https:\/\/caule.com.br\" target=\"_blank\" rel=\"noopener\"><img decoding=\"async\" class=\"alignnone wp-image-7449 size-full\" src=\"http:\/\/caule.com.br\/blog-2\/wp-content\/uploads\/2021\/05\/clique-e-encontre.jpg\" alt=\"CTA para clicar e encontre no post de plantar a lua.\" width=\"1200\" height=\"200\" srcset=\"https:\/\/blog.caule.com.br\/blog-2\/wp-content\/uploads\/2021\/05\/clique-e-encontre.jpg 1200w, https:\/\/blog.caule.com.br\/blog-2\/wp-content\/uploads\/2021\/05\/clique-e-encontre-300x50.jpg 300w, https:\/\/blog.caule.com.br\/blog-2\/wp-content\/uploads\/2021\/05\/clique-e-encontre-1024x171.jpg 1024w, https:\/\/blog.caule.com.br\/blog-2\/wp-content\/uploads\/2021\/05\/clique-e-encontre-768x128.jpg 768w\" sizes=\"(max-width: 1200px) 100vw, 1200px\" \/><\/a><\/p>\n<h3><strong>Como plantar a Lua com sangue menstrual?<\/strong><\/h3>\n<p>Primeiramente, separe um recipiente como uma bacia lunar ou um frasco de vidro para que possa utilizar nas suas luna\u00e7\u00f5es.<\/p>\n<p><strong>Se voc\u00ea usa o coletor menstrual:<\/strong>\u00a0dilua o sangue com \u00e1gua em sua bacia lunar e entregue a Terra.<\/p>\n<figure id=\"attachment_7608\" aria-describedby=\"caption-attachment-7608\" style=\"width: 261px\" class=\"wp-caption aligncenter\"><a href=\"https:\/\/caule.com.br\/produto-coletor-menstrual-korui-normal-cor-pitanga-vermelho-kor28\" target=\"_blank\" rel=\"noopener\"><img decoding=\"async\" class=\"wp-image-7608 \" src=\"http:\/\/caule.com.br\/blog-2\/wp-content\/uploads\/2018\/09\/coletor-korui-pitanga-vermelho-e1621887058576-300x206.jpg\" alt=\"Coletor menstrual korui para plantar a lua, na Loja Caule.\" width=\"261\" height=\"179\" srcset=\"https:\/\/blog.caule.com.br\/blog-2\/wp-content\/uploads\/2018\/09\/coletor-korui-pitanga-vermelho-e1621887058576-300x206.jpg 300w, https:\/\/blog.caule.com.br\/blog-2\/wp-content\/uploads\/2018\/09\/coletor-korui-pitanga-vermelho-e1621887058576-768x528.jpg 768w, https:\/\/blog.caule.com.br\/blog-2\/wp-content\/uploads\/2018\/09\/coletor-korui-pitanga-vermelho-e1621887058576.jpg 840w\" sizes=\"(max-width: 261px) 100vw, 261px\" \/><\/a><figcaption id=\"caption-attachment-7608\" class=\"wp-caption-text\">Coletor Menstrual Korui \u2013 Normal \u2013 Avermelhado (Pitanga)<\/figcaption><\/figure>\n<p><strong>Ou se voc\u00ea usa o Absorvente de pano:<\/strong> deixe-o de molho em \u00e1gua fria por alguns minutos dentro da sua bacia lunar at\u00e9 o sangue sair do paninho. Ap\u00f3s coletar o sangue, o paninho pode ser lavado com \u00e1gua morna e sab\u00e3o de coco.<\/p>\n<figure id=\"attachment_7609\" aria-describedby=\"caption-attachment-7609\" style=\"width: 300px\" class=\"wp-caption aligncenter\"><a href=\"https:\/\/caule.com.br\/produto-absorvente-de-pano-korui-noturno-conforto-seco-astral-kor49\" target=\"_blank\" rel=\"noopener\"><img decoding=\"async\" class=\"wp-image-7609 size-medium\" src=\"http:\/\/caule.com.br\/blog-2\/wp-content\/uploads\/2018\/09\/absorvente-korui-noturno-conforto-seco-astral-300x300.jpg\" alt=\"Absorvente korui para coletar a menstrua\u00e7\u00e3o e plantar a lua, na Loja Caule.\" width=\"300\" height=\"300\" srcset=\"https:\/\/blog.caule.com.br\/blog-2\/wp-content\/uploads\/2018\/09\/absorvente-korui-noturno-conforto-seco-astral-300x300.jpg 300w, https:\/\/blog.caule.com.br\/blog-2\/wp-content\/uploads\/2018\/09\/absorvente-korui-noturno-conforto-seco-astral-150x150.jpg 150w, https:\/\/blog.caule.com.br\/blog-2\/wp-content\/uploads\/2018\/09\/absorvente-korui-noturno-conforto-seco-astral-768x768.jpg 768w, https:\/\/blog.caule.com.br\/blog-2\/wp-content\/uploads\/2018\/09\/absorvente-korui-noturno-conforto-seco-astral.jpg 1000w\" sizes=\"(max-width: 300px) 100vw, 300px\" \/><\/a><figcaption id=\"caption-attachment-7609\" class=\"wp-caption-text\">Absorvente de Pano Korui \u2013 Noturno \u2013 Conforto Seco \u2013 Astral<\/figcaption><\/figure>\n<p><strong>Mas se prefere usar a Calcinha Absorvente:\u00a0<\/strong>basta seguir as mesmas orienta\u00e7\u00f5es do absorvente de pano. Deixando de molho um pouquinho para soltar o sangue e logo ap\u00f3s lavar conforme o indicado.<\/p>\n<p><a href=\"https:\/\/caule.com.br\/categoria-higiene-e-beleza\/categoria-menstruacao-natural\/categoria-calcinha-absorvente\"><img decoding=\"async\" class=\"size-medium wp-image-7610 aligncenter\" src=\"http:\/\/caule.com.br\/blog-2\/wp-content\/uploads\/2018\/09\/Calcinha-Korui-Preta-Branca-P-Bela-Gil-300x300.jpg\" alt=\"Calcinha absorvente korui para coletar a menstrua\u00e7\u00e3o e plantar a lua, na Loja Caule.\" width=\"300\" height=\"300\" srcset=\"https:\/\/blog.caule.com.br\/blog-2\/wp-content\/uploads\/2018\/09\/Calcinha-Korui-Preta-Branca-P-Bela-Gil-300x300.jpg 300w, https:\/\/blog.caule.com.br\/blog-2\/wp-content\/uploads\/2018\/09\/Calcinha-Korui-Preta-Branca-P-Bela-Gil-150x150.jpg 150w, https:\/\/blog.caule.com.br\/blog-2\/wp-content\/uploads\/2018\/09\/Calcinha-Korui-Preta-Branca-P-Bela-Gil-768x768.jpg 768w, https:\/\/blog.caule.com.br\/blog-2\/wp-content\/uploads\/2018\/09\/Calcinha-Korui-Preta-Branca-P-Bela-Gil.jpg 1000w\" sizes=\"(max-width: 300px) 100vw, 300px\" \/><\/a><\/p>\n<p>E <strong>o sangue que ficou no recipiente \u00e9 utilizado para Plantar sua Lua<\/strong>. Cada mulher vai sentir a melhor forma de entregar sua Lua a Terra.<\/p>\n<p><strong>A criatividade \u00e9 infinita, voc\u00ea pode entregar a cada dia da sua menstrua\u00e7\u00e3o<\/strong>. Ou reservar o sangue coletado em uma garrafa de vidro e entregar em um s\u00f3 dia, ap\u00f3s terminar o fluxo.<\/p>\n<p>Para esse momento, <strong>retire um espa\u00e7o de tempo para voc\u00ea silenciar e se acolher<\/strong>, conectando com suas inten\u00e7\u00f5es para a luna\u00e7\u00e3o que est\u00e1 por vir, como tamb\u00e9m para o que \u00e9 preciso deixar ir.<\/p>\n<blockquote><p>Crie seu ritual para plantar a lua, de cantar, tirar um or\u00e1culo, acender uma vela e\/ou dan\u00e7ar. Deixe que a criatividade brote atrav\u00e9s de voc\u00ea!<\/p><\/blockquote>\n<h3>Menstrua\u00e7\u00e3o saud\u00e1vel e sustent\u00e1vel<\/h3>\n<figure id=\"attachment_7614\" aria-describedby=\"caption-attachment-7614\" style=\"width: 300px\" class=\"wp-caption alignleft\"><a href=\"https:\/\/caule.com.br\/produto-coletor-menstrual-korui-normal-cor-pitanga-vermelho-kor28\"><img decoding=\"async\" class=\"wp-image-7614 size-full\" src=\"https:\/\/blog.caule.com.br\/blog-2\/wp-content\/uploads\/2018\/09\/plantar-a-lua-1.jpg\" alt=\"Um brinde ao plantar a lua com o coletor menstrual da Loja Caule.\" width=\"300\" height=\"225\" \/><\/a><figcaption id=\"caption-attachment-7614\" class=\"wp-caption-text\">Coletores Korui incolor e um brinde \u00e0 plantar a Lua.<\/figcaption><\/figure>\n<p><span style=\"font-size: 16px;\">Reconhecer a natureza c\u00edclica de uma mulher \u00e9 <strong>abrir um novo olhar para sustentabilidade.<\/strong> Pois quando estamos em harmonia com o feminino em n\u00f3s, estamos em harmonia com a Terra.<\/span><\/p>\n<p>Sendo <strong>a Terra uma representa\u00e7\u00e3o da M\u00e3e Universal<\/strong> que tudo acolhe e transforma.<\/p>\n<p>Enfim se chegou at\u00e9 aqui \u00e9 porque est\u00e1 interessada em plantar a lua e <strong>utilizar produtos sustent\u00e1veis para a menstrua\u00e7\u00e3o.<\/strong><\/p>\n<p>Caso sua escolha tenha sido os coletores menstruais, <strong>para fazer a esteriliza\u00e7\u00e3o do coletor menstrual temos:<\/strong><\/p>\n<ul>\n<li>\n<div class=\"woocommerce-loop-product__title\"><a href=\"https:\/\/caule.com.br\/produto-copo-de-silicone-retratil-laranja-200-ml-caule-cau39\" target=\"_blank\" rel=\"noopener\">Copo de Silicone Laranja<\/a>: muito pr\u00e1tico de utilizar, basta colocar 5 minutos no microondas (n\u00e3o tampar);<\/div>\n<\/li>\n<\/ul>\n<figure id=\"attachment_7616\" aria-describedby=\"caption-attachment-7616\" style=\"width: 243px\" class=\"wp-caption aligncenter\"><a href=\"https:\/\/caule.com.br\/produto-copo-de-silicone-retratil-laranja-200-ml-caule-cau39\" target=\"_blank\" rel=\"noopener\"><img decoding=\"async\" class=\"wp-image-7616\" src=\"http:\/\/caule.com.br\/blog-2\/wp-content\/uploads\/2018\/09\/copo-silicone-esterilizador-coletor-e1621890018388-300x282.jpg\" alt=\"Copo de silicone para esterilizar o coletor menstrual, na Loja Caule.\" width=\"243\" height=\"229\" srcset=\"https:\/\/blog.caule.com.br\/blog-2\/wp-content\/uploads\/2018\/09\/copo-silicone-esterilizador-coletor-e1621890018388-300x282.jpg 300w, https:\/\/blog.caule.com.br\/blog-2\/wp-content\/uploads\/2018\/09\/copo-silicone-esterilizador-coletor-e1621890018388.jpg 590w\" sizes=\"(max-width: 243px) 100vw, 243px\" \/><\/a><figcaption id=\"caption-attachment-7616\" class=\"wp-caption-text\">Copo de Silicone Retr\u00e1til Laranja 200 ml \u2013 Caule<\/figcaption><\/figure>\n<p><strong>Obs.:<\/strong> Se tiver interesse em saber mais sobre os produtos mencionados no texto, clique nas fotos!<\/p>\n<p><em><strong>Informa\u00e7\u00f5es sobre a autora:<\/strong> Marthina R. Hanemann &#8211; Peregrina do Ser, Artista, estudante da ginecologia natural, da ancestralidade, da uni\u00e3o sagrada, da medicina das plantas, dos Florais das \u00c1guas e das Flores da Chapada dos Veadeiros e do Yoga.<\/em><\/p>\n<p><strong>Interessada em mostrar pra outras mulheres op\u00e7\u00f5es sustent\u00e1veis para plantar a lua e ganhar uma renda extra?<\/strong><\/p>\n<p><a href=\"https:\/\/caule.com.br\/revender\" target=\"_blank\" rel=\"noopener\"><img decoding=\"async\" class=\"alignnone wp-image-7450 size-full\" src=\"http:\/\/caule.com.br\/blog-2\/wp-content\/uploads\/2021\/05\/clique-e-compre.jpg\" alt=\"CTA para clicar e revender no post de plantar a lua.\" width=\"1200\" height=\"200\" srcset=\"https:\/\/blog.caule.com.br\/blog-2\/wp-content\/uploads\/2021\/05\/clique-e-compre.jpg 1200w, https:\/\/blog.caule.com.br\/blog-2\/wp-content\/uploads\/2021\/05\/clique-e-compre-300x50.jpg 300w, https:\/\/blog.caule.com.br\/blog-2\/wp-content\/uploads\/2021\/05\/clique-e-compre-1024x171.jpg 1024w, https:\/\/blog.caule.com.br\/blog-2\/wp-content\/uploads\/2021\/05\/clique-e-compre-768x128.jpg 768w\" sizes=\"(max-width: 1200px) 100vw, 1200px\" \/><\/a><\/p>\n","protected":false},"excerpt":{"rendered":"<p>O ato de Plantar a Lua \u00e9 um resgate a sabedoria de nossas ancestrais, que acompanhavam seu ciclo menstrual atrav\u00e9s<\/p>\n","protected":false},"author":2,"featured_media":7622,"comment_status":"closed","ping_status":"closed","sticky":false,"template":"","format":"standard","meta":{"colormag_page_container_layout":"default_layout","colormag_page_sidebar_layout":"default_layout","_jetpack_memberships_contains_paid_content":false,"footnotes":""},"categories":[30,37,65],"tags":[1362,1351,966,1361,1354,1353,1368,469,1357,1372,1359,1371,1367,1352,1360,1363,1366,1355],"class_list":["post-1816","post","type-post","status-publish","format-standard","has-post-thumbnail","hentry","category-consumo-consciente","category-estilo-de-vida-ecologico","category-saude-e-beleza-integral","tag-lua-plantar","tag-menstruacao-saudavel","tag-menstruacao-sustentavel","tag-oq-e-plantar-a-lua","tag-planta-a-lua","tag-planta-lua","tag-planta-lua-menstruacao","tag-plantar-a-lua","tag-plantar-a-lua-beneficios","tag-plantar-a-lua-com-sangue-menstrual","tag-plantar-a-lua-menstruacao","tag-plantar-a-menstruacao","tag-plantar-a-sua-lua","tag-plantar-lua","tag-plantar-lua-com-sangue-menstrual","tag-plantar-menstruacao","tag-plantar-minha-lua","tag-plante-sua-lua"],"yoast_head":"<!-- This site is optimized with the Yoast SEO plugin v27.4 - https:\/\/yoast.com\/product\/yoast-seo-wordpress\/ -->\n<title>Plantar a Lua: Reconex\u00e3o com a Natureza Feminina! - Blog<\/title>\n<meta name=\"description\" content=\"Plantar a Lua \u00e9 uma forma de se conectar mais com a sua natureza feminina poderosa, criando mais consci\u00eancia da beleza do significado criativo do seu ciclo.\" \/>\n<meta name=\"robots\" content=\"index, follow, max-snippet:-1, max-image-preview:large, max-video-preview:-1\" \/>\n<link rel=\"canonical\" href=\"https:\/\/blog.caule.com.br\/blog-2\/2018\/plantar-a-lua\/\" \/>\n<meta property=\"og:locale\" content=\"pt_BR\" \/>\n<meta property=\"og:type\" content=\"article\" \/>\n<meta property=\"og:title\" content=\"Plantar a Lua: Reconex\u00e3o com a Natureza Feminina! - Blog\" \/>\n<meta property=\"og:description\" content=\"Plantar a Lua \u00e9 uma forma de se conectar mais com a sua natureza feminina poderosa, criando mais consci\u00eancia da beleza do significado criativo do seu ciclo.\" \/>\n<meta property=\"og:url\" content=\"https:\/\/blog.caule.com.br\/blog-2\/2018\/plantar-a-lua\/\" \/>\n<meta property=\"og:site_name\" content=\"Blog\" \/>\n<meta property=\"article:publisher\" content=\"https:\/\/www.facebook.com\/CauleDistribuidora\" \/>\n<meta property=\"article:published_time\" content=\"2018-09-20T17:23:50+00:00\" \/>\n<meta property=\"article:modified_time\" content=\"2022-11-09T20:49:10+00:00\" \/>\n<meta property=\"og:image\" content=\"https:\/\/blog.caule.com.br\/blog-2\/wp-content\/uploads\/2018\/09\/plantar-a-lua-plantinha.jpg\" \/>\n\t<meta property=\"og:image:width\" content=\"300\" \/>\n\t<meta property=\"og:image:height\" content=\"400\" \/>\n\t<meta property=\"og:image:type\" content=\"image\/jpeg\" \/>\n<meta name=\"author\" content=\"Janine Schmitz\" \/>\n<meta name=\"twitter:card\" content=\"summary_large_image\" \/>\n<meta name=\"twitter:label1\" content=\"Escrito por\" \/>\n\t<meta name=\"twitter:data1\" content=\"Janine Schmitz\" \/>\n\t<meta name=\"twitter:label2\" content=\"Est. tempo de leitura\" \/>\n\t<meta name=\"twitter:data2\" content=\"8 minutos\" \/>\n<script type=\"application\/ld+json\" class=\"yoast-schema-graph\">{\"@context\":\"https:\\\/\\\/schema.org\",\"@graph\":[{\"@type\":\"Article\",\"@id\":\"https:\\\/\\\/blog.caule.com.br\\\/blog-2\\\/2018\\\/plantar-a-lua\\\/#article\",\"isPartOf\":{\"@id\":\"https:\\\/\\\/blog.caule.com.br\\\/blog-2\\\/2018\\\/plantar-a-lua\\\/\"},\"author\":{\"name\":\"Janine Schmitz\",\"@id\":\"https:\\\/\\\/blog.caule.com.br\\\/blog-2\\\/#\\\/schema\\\/person\\\/8da0d35def75a41f0bfc5549c0bef059\"},\"headline\":\"Plantar a Lua: Reconex\u00e3o com a Natureza Feminina!\",\"datePublished\":\"2018-09-20T17:23:50+00:00\",\"dateModified\":\"2022-11-09T20:49:10+00:00\",\"mainEntityOfPage\":{\"@id\":\"https:\\\/\\\/blog.caule.com.br\\\/blog-2\\\/2018\\\/plantar-a-lua\\\/\"},\"wordCount\":1070,\"publisher\":{\"@id\":\"https:\\\/\\\/blog.caule.com.br\\\/blog-2\\\/#organization\"},\"image\":{\"@id\":\"https:\\\/\\\/blog.caule.com.br\\\/blog-2\\\/2018\\\/plantar-a-lua\\\/#primaryimage\"},\"thumbnailUrl\":\"https:\\\/\\\/blog.caule.com.br\\\/blog-2\\\/wp-content\\\/uploads\\\/2018\\\/09\\\/plantar-a-lua-plantinha.jpg\",\"keywords\":[\"lua plantar\",\"menstrua\u00e7\u00e3o saud\u00e1vel\",\"menstrua\u00e7\u00e3o sustent\u00e1vel\",\"oq \u00e9 plantar a lua\",\"planta a lua\",\"planta lua\",\"planta lua menstrua\u00e7\u00e3o\",\"plantar a lua\",\"plantar a lua benef\u00edcios\",\"plantar a lua com sangue menstrual\",\"plantar a lua menstrua\u00e7\u00e3o\",\"plantar a menstrua\u00e7\u00e3o\",\"plantar a sua lua\",\"plantar lua\",\"plantar lua com sangue menstrual\",\"plantar menstrua\u00e7\u00e3o\",\"plantar minha lua\",\"plante sua lua\"],\"articleSection\":[\"Consumo Consciente\",\"Estilo de Vida Ecol\u00f3gico\",\"Sa\u00fade e Beleza Integral\"],\"inLanguage\":\"pt-BR\"},{\"@type\":\"WebPage\",\"@id\":\"https:\\\/\\\/blog.caule.com.br\\\/blog-2\\\/2018\\\/plantar-a-lua\\\/\",\"url\":\"https:\\\/\\\/blog.caule.com.br\\\/blog-2\\\/2018\\\/plantar-a-lua\\\/\",\"name\":\"Plantar a Lua: Reconex\u00e3o com a Natureza Feminina! - Blog\",\"isPartOf\":{\"@id\":\"https:\\\/\\\/blog.caule.com.br\\\/blog-2\\\/#website\"},\"primaryImageOfPage\":{\"@id\":\"https:\\\/\\\/blog.caule.com.br\\\/blog-2\\\/2018\\\/plantar-a-lua\\\/#primaryimage\"},\"image\":{\"@id\":\"https:\\\/\\\/blog.caule.com.br\\\/blog-2\\\/2018\\\/plantar-a-lua\\\/#primaryimage\"},\"thumbnailUrl\":\"https:\\\/\\\/blog.caule.com.br\\\/blog-2\\\/wp-content\\\/uploads\\\/2018\\\/09\\\/plantar-a-lua-plantinha.jpg\",\"datePublished\":\"2018-09-20T17:23:50+00:00\",\"dateModified\":\"2022-11-09T20:49:10+00:00\",\"description\":\"Plantar a Lua \u00e9 uma forma de se conectar mais com a sua natureza feminina poderosa, criando mais consci\u00eancia da beleza do significado criativo do seu ciclo.\",\"breadcrumb\":{\"@id\":\"https:\\\/\\\/blog.caule.com.br\\\/blog-2\\\/2018\\\/plantar-a-lua\\\/#breadcrumb\"},\"inLanguage\":\"pt-BR\",\"potentialAction\":[{\"@type\":\"ReadAction\",\"target\":[\"https:\\\/\\\/blog.caule.com.br\\\/blog-2\\\/2018\\\/plantar-a-lua\\\/\"]}]},{\"@type\":\"ImageObject\",\"inLanguage\":\"pt-BR\",\"@id\":\"https:\\\/\\\/blog.caule.com.br\\\/blog-2\\\/2018\\\/plantar-a-lua\\\/#primaryimage\",\"url\":\"https:\\\/\\\/blog.caule.com.br\\\/blog-2\\\/wp-content\\\/uploads\\\/2018\\\/09\\\/plantar-a-lua-plantinha.jpg\",\"contentUrl\":\"https:\\\/\\\/blog.caule.com.br\\\/blog-2\\\/wp-content\\\/uploads\\\/2018\\\/09\\\/plantar-a-lua-plantinha.jpg\",\"width\":300,\"height\":400,\"caption\":\"Plantar a lua e adubar plantas com o sangue menstrual, usando o coletor da Loja Caule.\"},{\"@type\":\"BreadcrumbList\",\"@id\":\"https:\\\/\\\/blog.caule.com.br\\\/blog-2\\\/2018\\\/plantar-a-lua\\\/#breadcrumb\",\"itemListElement\":[{\"@type\":\"ListItem\",\"position\":1,\"name\":\"Home\",\"item\":\"https:\\\/\\\/blog.caule.com.br\\\/blog-2\\\/\"},{\"@type\":\"ListItem\",\"position\":2,\"name\":\"Plantar a Lua: Reconex\u00e3o com a Natureza Feminina!\"}]},{\"@type\":\"WebSite\",\"@id\":\"https:\\\/\\\/blog.caule.com.br\\\/blog-2\\\/#website\",\"url\":\"https:\\\/\\\/blog.caule.com.br\\\/blog-2\\\/\",\"name\":\"Blog\",\"description\":\"Caule eco.l\u00f3gicos\",\"publisher\":{\"@id\":\"https:\\\/\\\/blog.caule.com.br\\\/blog-2\\\/#organization\"},\"potentialAction\":[{\"@type\":\"SearchAction\",\"target\":{\"@type\":\"EntryPoint\",\"urlTemplate\":\"https:\\\/\\\/blog.caule.com.br\\\/blog-2\\\/?s={search_term_string}\"},\"query-input\":{\"@type\":\"PropertyValueSpecification\",\"valueRequired\":true,\"valueName\":\"search_term_string\"}}],\"inLanguage\":\"pt-BR\"},{\"@type\":\"Organization\",\"@id\":\"https:\\\/\\\/blog.caule.com.br\\\/blog-2\\\/#organization\",\"name\":\"Caule eco.l\u00f3gicos\",\"url\":\"https:\\\/\\\/blog.caule.com.br\\\/blog-2\\\/\",\"logo\":{\"@type\":\"ImageObject\",\"inLanguage\":\"pt-BR\",\"@id\":\"https:\\\/\\\/blog.caule.com.br\\\/blog-2\\\/#\\\/schema\\\/logo\\\/image\\\/\",\"url\":\"https:\\\/\\\/blog.caule.com.br\\\/blog-2\\\/wp-content\\\/uploads\\\/2015\\\/07\\\/caule_horizontal_w90.png\",\"contentUrl\":\"https:\\\/\\\/blog.caule.com.br\\\/blog-2\\\/wp-content\\\/uploads\\\/2015\\\/07\\\/caule_horizontal_w90.png\",\"width\":213,\"height\":90,\"caption\":\"Caule eco.l\u00f3gicos\"},\"image\":{\"@id\":\"https:\\\/\\\/blog.caule.com.br\\\/blog-2\\\/#\\\/schema\\\/logo\\\/image\\\/\"},\"sameAs\":[\"https:\\\/\\\/www.facebook.com\\\/CauleDistribuidora\",\"https:\\\/\\\/www.instagram.com\\\/caule.eco.logicos\\\/\",\"https:\\\/\\\/br.pinterest.com\\\/cauleecologicos\\\/\",\"https:\\\/\\\/www.youtube.com\\\/cauleecologicos\"]},{\"@type\":\"Person\",\"@id\":\"https:\\\/\\\/blog.caule.com.br\\\/blog-2\\\/#\\\/schema\\\/person\\\/8da0d35def75a41f0bfc5549c0bef059\",\"name\":\"Janine Schmitz\",\"image\":{\"@type\":\"ImageObject\",\"inLanguage\":\"pt-BR\",\"@id\":\"https:\\\/\\\/secure.gravatar.com\\\/avatar\\\/b9c54b94c1bbbe36daed6c9b6c5db43cef19697831bab8a68d461c78586cfe7c?s=96&d=mm&r=g\",\"url\":\"https:\\\/\\\/secure.gravatar.com\\\/avatar\\\/b9c54b94c1bbbe36daed6c9b6c5db43cef19697831bab8a68d461c78586cfe7c?s=96&d=mm&r=g\",\"contentUrl\":\"https:\\\/\\\/secure.gravatar.com\\\/avatar\\\/b9c54b94c1bbbe36daed6c9b6c5db43cef19697831bab8a68d461c78586cfe7c?s=96&d=mm&r=g\",\"caption\":\"Janine Schmitz\"},\"url\":\"https:\\\/\\\/blog.caule.com.br\\\/blog-2\\\/author\\\/janineschmitz\\\/\"}]}<\/script>\n<!-- \/ Yoast SEO plugin. -->","yoast_head_json":{"title":"Plantar a Lua: Reconex\u00e3o com a Natureza Feminina! - Blog","description":"Plantar a Lua \u00e9 uma forma de se conectar mais com a sua natureza feminina poderosa, criando mais consci\u00eancia da beleza do significado criativo do seu ciclo.","robots":{"index":"index","follow":"follow","max-snippet":"max-snippet:-1","max-image-preview":"max-image-preview:large","max-video-preview":"max-video-preview:-1"},"canonical":"https:\/\/blog.caule.com.br\/blog-2\/2018\/plantar-a-lua\/","og_locale":"pt_BR","og_type":"article","og_title":"Plantar a Lua: Reconex\u00e3o com a Natureza Feminina! - Blog","og_description":"Plantar a Lua \u00e9 uma forma de se conectar mais com a sua natureza feminina poderosa, criando mais consci\u00eancia da beleza do significado criativo do seu ciclo.","og_url":"https:\/\/blog.caule.com.br\/blog-2\/2018\/plantar-a-lua\/","og_site_name":"Blog","article_publisher":"https:\/\/www.facebook.com\/CauleDistribuidora","article_published_time":"2018-09-20T17:23:50+00:00","article_modified_time":"2022-11-09T20:49:10+00:00","og_image":[{"width":300,"height":400,"url":"https:\/\/blog.caule.com.br\/blog-2\/wp-content\/uploads\/2018\/09\/plantar-a-lua-plantinha.jpg","type":"image\/jpeg"}],"author":"Janine Schmitz","twitter_card":"summary_large_image","twitter_misc":{"Escrito por":"Janine Schmitz","Est. tempo de leitura":"8 minutos"},"schema":{"@context":"https:\/\/schema.org","@graph":[{"@type":"Article","@id":"https:\/\/blog.caule.com.br\/blog-2\/2018\/plantar-a-lua\/#article","isPartOf":{"@id":"https:\/\/blog.caule.com.br\/blog-2\/2018\/plantar-a-lua\/"},"author":{"name":"Janine Schmitz","@id":"https:\/\/blog.caule.com.br\/blog-2\/#\/schema\/person\/8da0d35def75a41f0bfc5549c0bef059"},"headline":"Plantar a Lua: Reconex\u00e3o com a Natureza Feminina!","datePublished":"2018-09-20T17:23:50+00:00","dateModified":"2022-11-09T20:49:10+00:00","mainEntityOfPage":{"@id":"https:\/\/blog.caule.com.br\/blog-2\/2018\/plantar-a-lua\/"},"wordCount":1070,"publisher":{"@id":"https:\/\/blog.caule.com.br\/blog-2\/#organization"},"image":{"@id":"https:\/\/blog.caule.com.br\/blog-2\/2018\/plantar-a-lua\/#primaryimage"},"thumbnailUrl":"https:\/\/blog.caule.com.br\/blog-2\/wp-content\/uploads\/2018\/09\/plantar-a-lua-plantinha.jpg","keywords":["lua plantar","menstrua\u00e7\u00e3o saud\u00e1vel","menstrua\u00e7\u00e3o sustent\u00e1vel","oq \u00e9 plantar a lua","planta a lua","planta lua","planta lua menstrua\u00e7\u00e3o","plantar a lua","plantar a lua benef\u00edcios","plantar a lua com sangue menstrual","plantar a lua menstrua\u00e7\u00e3o","plantar a menstrua\u00e7\u00e3o","plantar a sua lua","plantar lua","plantar lua com sangue menstrual","plantar menstrua\u00e7\u00e3o","plantar minha lua","plante sua lua"],"articleSection":["Consumo Consciente","Estilo de Vida Ecol\u00f3gico","Sa\u00fade e Beleza Integral"],"inLanguage":"pt-BR"},{"@type":"WebPage","@id":"https:\/\/blog.caule.com.br\/blog-2\/2018\/plantar-a-lua\/","url":"https:\/\/blog.caule.com.br\/blog-2\/2018\/plantar-a-lua\/","name":"Plantar a Lua: Reconex\u00e3o com a Natureza Feminina! - Blog","isPartOf":{"@id":"https:\/\/blog.caule.com.br\/blog-2\/#website"},"primaryImageOfPage":{"@id":"https:\/\/blog.caule.com.br\/blog-2\/2018\/plantar-a-lua\/#primaryimage"},"image":{"@id":"https:\/\/blog.caule.com.br\/blog-2\/2018\/plantar-a-lua\/#primaryimage"},"thumbnailUrl":"https:\/\/blog.caule.com.br\/blog-2\/wp-content\/uploads\/2018\/09\/plantar-a-lua-plantinha.jpg","datePublished":"2018-09-20T17:23:50+00:00","dateModified":"2022-11-09T20:49:10+00:00","description":"Plantar a Lua \u00e9 uma forma de se conectar mais com a sua natureza feminina poderosa, criando mais consci\u00eancia da beleza do significado criativo do seu ciclo.","breadcrumb":{"@id":"https:\/\/blog.caule.com.br\/blog-2\/2018\/plantar-a-lua\/#breadcrumb"},"inLanguage":"pt-BR","potentialAction":[{"@type":"ReadAction","target":["https:\/\/blog.caule.com.br\/blog-2\/2018\/plantar-a-lua\/"]}]},{"@type":"ImageObject","inLanguage":"pt-BR","@id":"https:\/\/blog.caule.com.br\/blog-2\/2018\/plantar-a-lua\/#primaryimage","url":"https:\/\/blog.caule.com.br\/blog-2\/wp-content\/uploads\/2018\/09\/plantar-a-lua-plantinha.jpg","contentUrl":"https:\/\/blog.caule.com.br\/blog-2\/wp-content\/uploads\/2018\/09\/plantar-a-lua-plantinha.jpg","width":300,"height":400,"caption":"Plantar a lua e adubar plantas com o sangue menstrual, usando o coletor da Loja Caule."},{"@type":"BreadcrumbList","@id":"https:\/\/blog.caule.com.br\/blog-2\/2018\/plantar-a-lua\/#breadcrumb","itemListElement":[{"@type":"ListItem","position":1,"name":"Home","item":"https:\/\/blog.caule.com.br\/blog-2\/"},{"@type":"ListItem","position":2,"name":"Plantar a Lua: Reconex\u00e3o com a Natureza Feminina!"}]},{"@type":"WebSite","@id":"https:\/\/blog.caule.com.br\/blog-2\/#website","url":"https:\/\/blog.caule.com.br\/blog-2\/","name":"Blog","description":"Caule eco.l\u00f3gicos","publisher":{"@id":"https:\/\/blog.caule.com.br\/blog-2\/#organization"},"potentialAction":[{"@type":"SearchAction","target":{"@type":"EntryPoint","urlTemplate":"https:\/\/blog.caule.com.br\/blog-2\/?s={search_term_string}"},"query-input":{"@type":"PropertyValueSpecification","valueRequired":true,"valueName":"search_term_string"}}],"inLanguage":"pt-BR"},{"@type":"Organization","@id":"https:\/\/blog.caule.com.br\/blog-2\/#organization","name":"Caule eco.l\u00f3gicos","url":"https:\/\/blog.caule.com.br\/blog-2\/","logo":{"@type":"ImageObject","inLanguage":"pt-BR","@id":"https:\/\/blog.caule.com.br\/blog-2\/#\/schema\/logo\/image\/","url":"https:\/\/blog.caule.com.br\/blog-2\/wp-content\/uploads\/2015\/07\/caule_horizontal_w90.png","contentUrl":"https:\/\/blog.caule.com.br\/blog-2\/wp-content\/uploads\/2015\/07\/caule_horizontal_w90.png","width":213,"height":90,"caption":"Caule eco.l\u00f3gicos"},"image":{"@id":"https:\/\/blog.caule.com.br\/blog-2\/#\/schema\/logo\/image\/"},"sameAs":["https:\/\/www.facebook.com\/CauleDistribuidora","https:\/\/www.instagram.com\/caule.eco.logicos\/","https:\/\/br.pinterest.com\/cauleecologicos\/","https:\/\/www.youtube.com\/cauleecologicos"]},{"@type":"Person","@id":"https:\/\/blog.caule.com.br\/blog-2\/#\/schema\/person\/8da0d35def75a41f0bfc5549c0bef059","name":"Janine Schmitz","image":{"@type":"ImageObject","inLanguage":"pt-BR","@id":"https:\/\/secure.gravatar.com\/avatar\/b9c54b94c1bbbe36daed6c9b6c5db43cef19697831bab8a68d461c78586cfe7c?s=96&d=mm&r=g","url":"https:\/\/secure.gravatar.com\/avatar\/b9c54b94c1bbbe36daed6c9b6c5db43cef19697831bab8a68d461c78586cfe7c?s=96&d=mm&r=g","contentUrl":"https:\/\/secure.gravatar.com\/avatar\/b9c54b94c1bbbe36daed6c9b6c5db43cef19697831bab8a68d461c78586cfe7c?s=96&d=mm&r=g","caption":"Janine Schmitz"},"url":"https:\/\/blog.caule.com.br\/blog-2\/author\/janineschmitz\/"}]}},"jetpack_featured_media_url":"https:\/\/blog.caule.com.br\/blog-2\/wp-content\/uploads\/2018\/09\/plantar-a-lua-plantinha.jpg","jetpack_sharing_enabled":true,"_links":{"self":[{"href":"https:\/\/blog.caule.com.br\/blog-2\/wp-json\/wp\/v2\/posts\/1816","targetHints":{"allow":["GET"]}}],"collection":[{"href":"https:\/\/blog.caule.com.br\/blog-2\/wp-json\/wp\/v2\/posts"}],"about":[{"href":"https:\/\/blog.caule.com.br\/blog-2\/wp-json\/wp\/v2\/types\/post"}],"author":[{"embeddable":true,"href":"https:\/\/blog.caule.com.br\/blog-2\/wp-json\/wp\/v2\/users\/2"}],"replies":[{"embeddable":true,"href":"https:\/\/blog.caule.com.br\/blog-2\/wp-json\/wp\/v2\/comments?post=1816"}],"version-history":[{"count":17,"href":"https:\/\/blog.caule.com.br\/blog-2\/wp-json\/wp\/v2\/posts\/1816\/revisions"}],"predecessor-version":[{"id":9453,"href":"https:\/\/blog.caule.com.br\/blog-2\/wp-json\/wp\/v2\/posts\/1816\/revisions\/9453"}],"wp:featuredmedia":[{"embeddable":true,"href":"https:\/\/blog.caule.com.br\/blog-2\/wp-json\/wp\/v2\/media\/7622"}],"wp:attachment":[{"href":"https:\/\/blog.caule.com.br\/blog-2\/wp-json\/wp\/v2\/media?parent=1816"}],"wp:term":[{"taxonomy":"category","embeddable":true,"href":"https:\/\/blog.caule.com.br\/blog-2\/wp-json\/wp\/v2\/categories?post=1816"},{"taxonomy":"post_tag","embeddable":true,"href":"https:\/\/blog.caule.com.br\/blog-2\/wp-json\/wp\/v2\/tags?post=1816"}],"curies":[{"name":"wp","href":"https:\/\/api.w.org\/{rel}","templated":true}]}}