{"id":1576,"date":"2017-11-19T13:12:06","date_gmt":"2017-11-19T15:12:06","guid":{"rendered":"http:\/\/www.caule.com.br\/?p=1576"},"modified":"2022-01-03T17:07:25","modified_gmt":"2022-01-03T17:07:25","slug":"hidratantes-naturais","status":"publish","type":"post","link":"https:\/\/blog.caule.com.br\/blog-2\/2017\/hidratantes-naturais\/","title":{"rendered":"Hidratantes naturais: pele verdadeiramente saud\u00e1vel"},"content":{"rendered":"<p>Ver\u00e3o chegando e muito ouviremos falar sobre a import\u00e2ncia da hidrata\u00e7\u00e3o. Em se tratando de pele, sabemos que saud\u00e1vel \u00e9 aquela corretamente hidratada. Assim como os l\u00edquidos naturais (ch\u00e1s, sucos e, sobretudo, \u00e1gua) s\u00e3o ideais para uma boa hidrata\u00e7\u00e3o, devemos dar prefer\u00eancia aos cremes, lo\u00e7\u00f5es e hidratantes naturais. A explica\u00e7\u00e3o \u00e9 simples: os poros absorvem tudo o que se passa sobre a epiderme. Os hidratantes naturais s\u00e3o metabolizados pelo nosso organismo e funcionam como nutrientes; j\u00e1 os convencionais s\u00e3o sint\u00e9ticos e compostos de ingredientes que fazem mal \u00e0 sa\u00fade \u2013 humana e planet\u00e1ria.<\/p>\n<h2>Hidratantes naturais &#8211; nutri\u00e7\u00e3o via pele<\/h2>\n<p>Formula\u00e7\u00f5es dos hidratantes naturais trazem a sabedoria, a riqueza e os aromas da natureza. Se tamb\u00e9m somos natureza e nossa epiderme \u00e9 nutrida por vitaminas e sais minerais, ent\u00e3o h\u00e1 uma intera\u00e7\u00e3o, uma linguagem falada e compreendida entre esses elementos. Al\u00e9m disso, a espalhabilidade dos hidratantes naturais tamb\u00e9m \u00e9 um diferencial desses produtos. Al\u00e9m de uma melhor absor\u00e7\u00e3o, possuem um maior rendimento. J\u00e1 as subst\u00e2ncias sint\u00e9ticas comportam-se como estranhos, s\u00e3o pass\u00edveis de rejei\u00e7\u00e3o, o que ocasiona em muitas vezes, diversas alergias.<\/p>\n<h2>Op\u00e7\u00f5es de hidratantes naturais:<\/h2>\n<p>Dentre as <a href=\"https:\/\/caule.com.br\/busca?search=hidratante\">op\u00e7\u00f5es comercializadas pela Caule, temos da Multi Vegetal, Herbia, Bhava e Boni Natural<\/a>. Apesar de o da Boni Natural conter fragr\u00e2ncia sint\u00e9tica, os ativos naturais presentes promovem efic\u00e1cia superior a qualquer outro convencional.<\/p>\n<p><a href=\"https:\/\/caule.com.br\/produto-locao-corporal-natural-e-vegana-hidratante-multi-vegetal-mvg04\"><img decoding=\"async\" class=\"size-medium wp-image-7357 alignleft\" src=\"https:\/\/blog.caule.com.br\/blog-2\/wp-content\/uploads\/2021\/04\/capa-hidratante-300x169.jpg\" alt=\"\" width=\"300\" height=\"169\" srcset=\"https:\/\/blog.caule.com.br\/blog-2\/wp-content\/uploads\/2021\/04\/capa-hidratante-300x169.jpg 300w, https:\/\/blog.caule.com.br\/blog-2\/wp-content\/uploads\/2021\/04\/capa-hidratante-1024x576.jpg 1024w, https:\/\/blog.caule.com.br\/blog-2\/wp-content\/uploads\/2021\/04\/capa-hidratante-768x432.jpg 768w, https:\/\/blog.caule.com.br\/blog-2\/wp-content\/uploads\/2021\/04\/capa-hidratante.jpg 1280w\" sizes=\"(max-width: 300px) 100vw, 300px\" \/><\/a><\/p>\n<h3>Multi Vegetal<\/h3>\n<p>A Multi Vegetal tem a Lo\u00e7\u00e3o Corporal de Rosa Mosqueta que \u00e9 simplesmente IN-CR\u00cd-VEL!! Perfeita para recupera\u00e7\u00e3o de pele ressecada pelo sol ou pelo frio. O cheiro \u00e9 maravilhoso! Al\u00e9m desse, h\u00e1 outros produtos para cuidados espec\u00edficos como m\u00e3os, p\u00e9s, pernas, seios, pesco\u00e7o. Cada f\u00f3rmula com extratos e \u00f3leos vegetais que atuam com maestria nessas \u00e1reas. A linha Multi Vegetal \u00e9 livre de parabenos, corantes, fragr\u00e2ncias artificiais, ingredientes de origem animal, derivados de petr\u00f3leo e carb\u00f4mero. N\u00e3o testado em animais.<\/p>\n<h3><\/h3>\n<h3>Herbia<\/h3>\n<p>A Herbia oferece duas op\u00e7\u00f5es de hidratantes, que s\u00e3o 100% naturais: <a href=\"https:\/\/caule.com.br\/produto-emulsao-hidratante-organica-e-vegana-lavanda-e-verbena-herbia-200-ml-her08\">Lavanda e Verbena<\/a>; e <a href=\"https:\/\/caule.com.br\/produto-emulsao-hidratante-organica-e-vegana-lippia-alba-herbia-200ml-her07\">Lippia Alba<\/a>. Esta \u00e9 formulada com uma criteriosa combina\u00e7\u00e3o de 11 \u00f3leos essenciais ricos em bio-flavon\u00f3ides, \u00e1cidos ol\u00e9icos e linoleicos que s\u00e3o regenerativos, retardam o envelhecimento e recuperam o col\u00e1geno.<\/p>\n<p>O hidratante de Lavanda e Verbena possui propriedades calmantes, e tem sido a op\u00e7\u00e3o mais saud\u00e1vel e tamb\u00e9m econ\u00f4mica no seguinte exemplo de duas m\u00e3es que utilizaram hidratantes naturais para resolver o problema de ressecamento de pele em suas crian\u00e7as.<\/p>\n<h2>Casos<\/h2>\n<p>H\u00e1 mais de tr\u00eas anos a empres\u00e1ria Marisa Ara\u00fajo, de Pernambuco, gastava muito co<img decoding=\"async\" class=\"alignright wp-image-1577 size-medium\" src=\"https:\/\/blog.caule.com.br\/blog-2\/wp-content\/uploads\/2017\/11\/WhatsApp-Image-2017-11-17-at-10.44.56-300x300.jpeg\" alt=\"mae e filho usam hidratantes naturais\" width=\"300\" height=\"300\" srcset=\"https:\/\/blog.caule.com.br\/blog-2\/wp-content\/uploads\/2017\/11\/WhatsApp-Image-2017-11-17-at-10.44.56-300x300.jpeg 300w, https:\/\/blog.caule.com.br\/blog-2\/wp-content\/uploads\/2017\/11\/WhatsApp-Image-2017-11-17-at-10.44.56-100x100.jpeg 100w, https:\/\/blog.caule.com.br\/blog-2\/wp-content\/uploads\/2017\/11\/WhatsApp-Image-2017-11-17-at-10.44.56-600x600.jpeg 600w, https:\/\/blog.caule.com.br\/blog-2\/wp-content\/uploads\/2017\/11\/WhatsApp-Image-2017-11-17-at-10.44.56-150x150.jpeg 150w, https:\/\/blog.caule.com.br\/blog-2\/wp-content\/uploads\/2017\/11\/WhatsApp-Image-2017-11-17-at-10.44.56.jpeg 640w\" sizes=\"(max-width: 300px) 100vw, 300px\" \/>m diversas lo\u00e7\u00f5es sint\u00e9ticas, manipuladas, indicadas por dermatologistas e nada resolvia o problema de seu filho Tiago Ara\u00fajo, 8. Com menos de 10 dias do uso do hidratante, o resultado surpreendente. \u201cMuito dinheiro foi gasto com dermatologistas e hidratantes caros, que nunca melhoraram. Com poucos dias usando o da Herbia a pele dele melhorou muito. E um cheiro suave, muito bom\u201d, conta Marisa.<\/p>\n<p>Situa\u00e7\u00e3o parecida ocorreu com a policial e enfermeira Marta L\u00facia Gonzaga da Silva, em Alagoas. Antes de adquirir a lo\u00e7\u00e3o indicada pela dermatologista, que custava 3 vezes mais, resolveu usar o hidratante da Herbia para tratar o ressecamento na pele de sua filha Sofia, 8. \u201cAt\u00e9 agora est\u00e1 dando certo e n\u00e3o penso em usar outro produto, principalmente por ser natural\u201d, disse a m\u00e3e.<\/p>\n<p>\u00c9 Justamente o que se espera das formula\u00e7\u00f5es naturais: melhor efic\u00e1cia, multifuncionalidade e, por consequ\u00eancia, economia.<\/p>\n<h2>Dicas para melhor aproveitamento<\/h2>\n<p>Espalhe com movimentos suaves e circulares;<\/p>\n<p>Hidrate o corpo duas vezes: pela manh\u00e3 e \u00e0 noite;<\/p>\n<p>Evite subst\u00e2ncias como parabenos e \u00f3leo mineral.<br \/>\nParabenos s\u00e3o comprovadamente cancer\u00edgenos. \u00d3leos minerais podem sensibilizar a pele e podem estar contaminados com subst\u00e2ncias tamb\u00e9m potencialmente cancer\u00edgenas.<\/p>\n<p>&nbsp;<\/p>\n<h2>Subst\u00e2ncias prejudiciais<\/h2>\n<p>Aqui relacionamos as principais subst\u00e2ncias prejudiciais \u00e0 sa\u00fade mais comuns nos hidratantes mas tamb\u00e9m em cosm\u00e9ticos (produtos de higiene e beleza), produtos de limpeza e outros e que podem estar ressecando a sua pele e desencadeando alergias:<\/p>\n<h5>1 \u2013 Parabeno<\/h5>\n<p>\u00c9 adicionado a produtos com a finalidade de impedir a prolifera\u00e7\u00e3o de bact\u00e9rias. Alguns estudos comprovaram que essa subst\u00e2ncia tem uma a\u00e7\u00e3o parecida com o horm\u00f4nio estrog\u00eanio, est\u00e1 associado ao aumento do risco de c\u00e2ncer.<\/p>\n<h5>2 \u2013 Cores sint\u00e9ticas<\/h5>\n<p>S\u00e3o carcin\u00f3genas, al\u00e9m de provocarem irrita\u00e7\u00f5es de pele e estarem relacionados aos casos de transtorno de hiperatividade e d\u00e9ficit de aten\u00e7\u00e3o em crian\u00e7as.<\/p>\n<h5>3 \u2013 Ftalatos<\/h5>\n<p>S\u00e3o utilizados para melhorar a textura de alguns produtos. No caso dos cosm\u00e9ticos, s\u00e3o encontrados em esmaltes de unha (dibutil ftalato), perfumes e lo\u00e7\u00f5es (ftalato de dietila) e em sprays de cabelo (ftalato de dimetila).S\u00e3o relacionados a problemas end\u00f3crinos, al\u00e9m de estarem relacionados ao aumento de risco de c\u00e2ncer de mama e problemas cong\u00eanitos reprodutivos tanto em homens quanto em mulheres.<\/p>\n<h5>4 \u2013Ureia<\/h5>\n<p>Sua fun\u00e7\u00e3o principal \u00e9 biol\u00f3gica, sendo eliminada pela urina. Por meio de rea\u00e7\u00f5es do nosso metabolismo \u00e9 convertida em amida, mas a ureia tamb\u00e9m \u00e9 sintetizada. Da\u00ed o grande problema: a ureia sint\u00e9tica, que \u00e9 usada em cosm\u00e9ticos devido a seu alto poder de hidrata\u00e7\u00e3o, j\u00e1 que, ela tem capacidade de se unir \u00e0 \u00e1gua e reter umidade na pele. Mas ela pode causar v\u00e1rios danos \u00e0 sa\u00fade, podendo afetar a forma\u00e7\u00e3o de fetos durante a gesta\u00e7\u00e3o. A Ag\u00eancia Nacional de Vigil\u00e2ncia Sanit\u00e1ria (Anvisa) pro\u00edbe a fabrica\u00e7\u00e3o de cosm\u00e9ticos que contenham em sua composi\u00e7\u00e3o mais de 10% de ur\u00e9ia, e determina que produto cuja dosagem de ureia for maior de 3%, deve conter no r\u00f3tulo o seguinte alerta: \u201cN\u00e3o Utilizar Durante a Gravidez\u201d.<\/p>\n<h5>5 \u2013 Propilenoglicol<\/h5>\n<p>Esse \u00e1lcool frequentemente aparece na f\u00f3rmula de produtos para a pele e acabam provocando dermatite e urtic\u00e1rias. Esse \u00e1lcool est\u00e1 presente em hidratantes, protetores solares, maquiagens, condicionadores, xampus e sprays de cabelo.<\/p>\n<h5>6 \u2013 \u00c1lcool isoprop\u00edlico<\/h5>\n<p>Pesquisas mostraram que ele pode prejudicar a nossa flora intestinal. Al\u00e9m disso, o \u00e1lcool isoprop\u00edlico est\u00e1 relacionado a alguns casos de c\u00e2ncer, enxaquecas, tonturas, depress\u00e3o, v\u00f4mito e coma. \u00c9 encontrado em colorantes de cabelo, sabonetes corporais, lo\u00e7\u00f5es hidratantes e lo\u00e7\u00f5es p\u00f3s-barba.<\/p>\n<h5>7 &#8211; \u00c1cido B\u00f3rico<\/h5>\n<p>Conhecido tamb\u00e9m como boric acid (em ingl\u00eas), \u00e9 um \u00e1cido fraco comumente utilizado como antiss\u00e9ptico, inseticida e como retardante de chamas. Ele possui fracas a\u00e7\u00f5es bacteriost\u00e1tica e fungist\u00e1tica. Em algumas pessoas, o contado com o \u00e1cido b\u00f3rico pode causar rea\u00e7\u00f5es al\u00e9rgicas, irrita\u00e7\u00e3o nos olhos e sistema respirat\u00f3rio. Ele pode ser encontrado em antiss\u00e9pticos e adstringentes, esmaltes de unhas, cremes para a pele, algumas tintas, pesticidas, produtos para matar baratas e formigas e alguns produtos de uso oftalmol\u00f3gico.<\/p>\n<h5>8 \u2013Fragr\u00e2ncias<\/h5>\n<p>S\u00e3o nocivas \u00e0 sa\u00fade. Podem causar alergias e dores de cabe\u00e7a. Os ftalatos encontrados juntamente com as fragr\u00e2ncias causam danos ao sistema end\u00f3crino.<\/p>\n<h2>Al\u00e9m dos hidratantes<\/h2>\n<p>N\u00e3o s\u00e3o comumente encontrados em hidratantes, mas tamb\u00e9m s\u00e3o t\u00f3xicos e podem causar ressecamento e alergias.<\/p>\n<h5>1 \u2013 Triclosan<\/h5>\n<p>\u00c9 comum ser utilizado em produtos antibacterianos. Pode interferir nas fun\u00e7\u00f5es dos horm\u00f4nios reprodutivos e causar irrita\u00e7\u00f5es de pele.<\/p>\n<h5>2\u00a0 \u2013 Lauril\u00e9ter sulfato de s\u00f3dio e lauril sulfato de s\u00f3dio<\/h5>\n<p>Encontrados em mais de 90% dos produtos de higiene pessoal. Causam irrita\u00e7\u00f5es de pele, olhos e pulm\u00f5es. Em contato com outros produtos qu\u00edmicos, se combinam e formam subst\u00e2ncias cancer\u00edgenas \u2013 essas combina\u00e7\u00f5es podem tamb\u00e9m provocar problemas respirat\u00f3rios e de rim.<\/p>\n<h2><img decoding=\"async\" class=\"alignright wp-image-1578 size-medium\" src=\"https:\/\/blog.caule.com.br\/blog-2\/wp-content\/uploads\/2017\/11\/WhatsApp-Image-2017-11-17-at-20.38.16.jpeg\" alt=\"usando hidratantes naturais\" width=\"169\" height=\"300\" \/>A melhor op\u00e7\u00e3o \u00e9 evitar<\/h2>\n<p>Tais subst\u00e2ncias relacionadas n\u00e3o s\u00e3o encontradas nos produtos comercializados pela Caule.<\/p>\n<p>O uso de hidratantes naturais pode solucionar o ressecamento da pele e as rea\u00e7\u00f5es al\u00e9rgicas, mas nada como evitar o contato com ingredientes t\u00f3xicos e alerg\u00eanicos ainda antes de pensar no uso de um hidratante.<\/p>\n<p>Cada poro \u00e9 como um boquinha e merece ser alimentada com o que h\u00e1 de melhor na nossa Terra para manter nossos organismo saud\u00e1vel e bem protegido..<\/p>\n<p>Mais detalhes, compara\u00e7\u00e3o entre os produtos, caracter\u00edsticas assista nosso v\u00eddeo:<\/p>\n<p><a href=\"https:\/\/www.youtube.com\/watch?v=BH0TYvDs6GU\">Cremes hidratantes, emuls\u00f5es e lo\u00e7\u00f5es naturais, org\u00e2nicos, veganos e saud\u00e1veis<\/a><\/p>\n<p>&nbsp;<\/p>\n","protected":false},"excerpt":{"rendered":"<p>Ver\u00e3o chegando e muito ouviremos falar sobre a import\u00e2ncia da hidrata\u00e7\u00e3o. Em se tratando de pele, sabemos que saud\u00e1vel \u00e9<\/p>\n","protected":false},"author":2,"featured_media":1589,"comment_status":"closed","ping_status":"closed","sticky":false,"template":"","format":"standard","meta":{"colormag_page_container_layout":"default_layout","colormag_page_sidebar_layout":"default_layout","_jetpack_memberships_contains_paid_content":false,"footnotes":""},"categories":[30,31,47,72,76,39,65],"tags":[283,427,428,429,430,431,432,433,434,435,436,437],"class_list":["post-1576","post","type-post","status-publish","format-standard","has-post-thumbnail","hentry","category-consumo-consciente","category-cosmeticos-naturais","category-cosmeticos-organicos","category-cosmeticos-veganos","category-males-dos-cosmeticos-convencionais","category-resenha-de-produtos","category-saude-e-beleza-integral","tag-cuidados-com-a-pele","tag-hidratacao-da-pele","tag-hidratacao-natural","tag-hidratante","tag-hidratante-natural","tag-hidratante-organico","tag-hidratante-vegano","tag-pele-bem-tratada","tag-pele-saudavel","tag-produto-natural","tag-produto-organico","tag-produto-vegano"],"yoast_head":"<!-- This site is optimized with the Yoast SEO plugin v27.5 - https:\/\/yoast.com\/product\/yoast-seo-wordpress\/ -->\n<title>Hidratantes naturais: pele verdadeiramente saud\u00e1vel - Blog<\/title>\n<meta name=\"description\" content=\"Porque evitar hidratantes convencionais, porque preferir hidratantes naturais e quais ingredientes evitar para evitar ressecamento e alergia na pele.\" \/>\n<meta name=\"robots\" content=\"index, follow, max-snippet:-1, max-image-preview:large, max-video-preview:-1\" \/>\n<link rel=\"canonical\" href=\"https:\/\/blog.caule.com.br\/blog-2\/2017\/hidratantes-naturais\/\" \/>\n<meta property=\"og:locale\" content=\"pt_BR\" \/>\n<meta property=\"og:type\" content=\"article\" \/>\n<meta property=\"og:title\" content=\"Hidratantes naturais: pele verdadeiramente saud\u00e1vel - Blog\" \/>\n<meta property=\"og:description\" content=\"Porque evitar hidratantes convencionais, porque preferir hidratantes naturais e quais ingredientes evitar para evitar ressecamento e alergia na pele.\" \/>\n<meta property=\"og:url\" content=\"https:\/\/blog.caule.com.br\/blog-2\/2017\/hidratantes-naturais\/\" \/>\n<meta property=\"og:site_name\" content=\"Blog\" \/>\n<meta property=\"article:publisher\" content=\"https:\/\/www.facebook.com\/CauleDistribuidora\" \/>\n<meta property=\"article:published_time\" content=\"2017-11-19T15:12:06+00:00\" \/>\n<meta property=\"article:modified_time\" content=\"2022-01-03T17:07:25+00:00\" \/>\n<meta property=\"og:image\" content=\"https:\/\/blog.caule.com.br\/blog-2\/wp-content\/uploads\/2017\/11\/IMG_1947-rotated-1.jpg\" \/>\n\t<meta property=\"og:image:width\" content=\"1280\" \/>\n\t<meta property=\"og:image:height\" content=\"1280\" \/>\n\t<meta property=\"og:image:type\" content=\"image\/jpeg\" \/>\n<meta name=\"author\" content=\"Janine Schmitz\" \/>\n<meta name=\"twitter:card\" content=\"summary_large_image\" \/>\n<meta name=\"twitter:label1\" content=\"Escrito por\" \/>\n\t<meta name=\"twitter:data1\" content=\"Janine Schmitz\" \/>\n\t<meta name=\"twitter:label2\" content=\"Est. tempo de leitura\" \/>\n\t<meta name=\"twitter:data2\" content=\"8 minutos\" \/>\n<script type=\"application\/ld+json\" class=\"yoast-schema-graph\">{\"@context\":\"https:\\\/\\\/schema.org\",\"@graph\":[{\"@type\":\"Article\",\"@id\":\"https:\\\/\\\/blog.caule.com.br\\\/blog-2\\\/2017\\\/hidratantes-naturais\\\/#article\",\"isPartOf\":{\"@id\":\"https:\\\/\\\/blog.caule.com.br\\\/blog-2\\\/2017\\\/hidratantes-naturais\\\/\"},\"author\":{\"name\":\"Janine Schmitz\",\"@id\":\"https:\\\/\\\/blog.caule.com.br\\\/blog-2\\\/#\\\/schema\\\/person\\\/8da0d35def75a41f0bfc5549c0bef059\"},\"headline\":\"Hidratantes naturais: pele verdadeiramente saud\u00e1vel\",\"datePublished\":\"2017-11-19T15:12:06+00:00\",\"dateModified\":\"2022-01-03T17:07:25+00:00\",\"mainEntityOfPage\":{\"@id\":\"https:\\\/\\\/blog.caule.com.br\\\/blog-2\\\/2017\\\/hidratantes-naturais\\\/\"},\"wordCount\":1413,\"publisher\":{\"@id\":\"https:\\\/\\\/blog.caule.com.br\\\/blog-2\\\/#organization\"},\"image\":{\"@id\":\"https:\\\/\\\/blog.caule.com.br\\\/blog-2\\\/2017\\\/hidratantes-naturais\\\/#primaryimage\"},\"thumbnailUrl\":\"https:\\\/\\\/blog.caule.com.br\\\/blog-2\\\/wp-content\\\/uploads\\\/2017\\\/11\\\/IMG_1947-rotated-1.jpg\",\"keywords\":[\"cuidados com a pele\",\"hidrata\u00e7\u00e3o da pele\",\"hidrata\u00e7\u00e3o natural\",\"hidratante\",\"hidratante natural\",\"hidratante org\u00e2nico\",\"hidratante vegano\",\"pele bem tratada\",\"pele saud\u00e1vel\",\"produto natural\",\"produto org\u00e2nico\",\"produto vegano\"],\"articleSection\":[\"Consumo Consciente\",\"Cosm\u00e9ticos Naturais\",\"Cosm\u00e9ticos Org\u00e2nicos\",\"Cosm\u00e9ticos Veganos\",\"Males dos Cosm\u00e9ticos Convencionais\",\"Resenha de Produtos\",\"Sa\u00fade e Beleza Integral\"],\"inLanguage\":\"pt-BR\"},{\"@type\":\"WebPage\",\"@id\":\"https:\\\/\\\/blog.caule.com.br\\\/blog-2\\\/2017\\\/hidratantes-naturais\\\/\",\"url\":\"https:\\\/\\\/blog.caule.com.br\\\/blog-2\\\/2017\\\/hidratantes-naturais\\\/\",\"name\":\"Hidratantes naturais: pele verdadeiramente saud\u00e1vel - Blog\",\"isPartOf\":{\"@id\":\"https:\\\/\\\/blog.caule.com.br\\\/blog-2\\\/#website\"},\"primaryImageOfPage\":{\"@id\":\"https:\\\/\\\/blog.caule.com.br\\\/blog-2\\\/2017\\\/hidratantes-naturais\\\/#primaryimage\"},\"image\":{\"@id\":\"https:\\\/\\\/blog.caule.com.br\\\/blog-2\\\/2017\\\/hidratantes-naturais\\\/#primaryimage\"},\"thumbnailUrl\":\"https:\\\/\\\/blog.caule.com.br\\\/blog-2\\\/wp-content\\\/uploads\\\/2017\\\/11\\\/IMG_1947-rotated-1.jpg\",\"datePublished\":\"2017-11-19T15:12:06+00:00\",\"dateModified\":\"2022-01-03T17:07:25+00:00\",\"description\":\"Porque evitar hidratantes convencionais, porque preferir hidratantes naturais e quais ingredientes evitar para evitar ressecamento e alergia na pele.\",\"breadcrumb\":{\"@id\":\"https:\\\/\\\/blog.caule.com.br\\\/blog-2\\\/2017\\\/hidratantes-naturais\\\/#breadcrumb\"},\"inLanguage\":\"pt-BR\",\"potentialAction\":[{\"@type\":\"ReadAction\",\"target\":[\"https:\\\/\\\/blog.caule.com.br\\\/blog-2\\\/2017\\\/hidratantes-naturais\\\/\"]}]},{\"@type\":\"ImageObject\",\"inLanguage\":\"pt-BR\",\"@id\":\"https:\\\/\\\/blog.caule.com.br\\\/blog-2\\\/2017\\\/hidratantes-naturais\\\/#primaryimage\",\"url\":\"https:\\\/\\\/blog.caule.com.br\\\/blog-2\\\/wp-content\\\/uploads\\\/2017\\\/11\\\/IMG_1947-rotated-1.jpg\",\"contentUrl\":\"https:\\\/\\\/blog.caule.com.br\\\/blog-2\\\/wp-content\\\/uploads\\\/2017\\\/11\\\/IMG_1947-rotated-1.jpg\",\"width\":1280,\"height\":1280},{\"@type\":\"BreadcrumbList\",\"@id\":\"https:\\\/\\\/blog.caule.com.br\\\/blog-2\\\/2017\\\/hidratantes-naturais\\\/#breadcrumb\",\"itemListElement\":[{\"@type\":\"ListItem\",\"position\":1,\"name\":\"Home\",\"item\":\"https:\\\/\\\/blog.caule.com.br\\\/blog-2\\\/\"},{\"@type\":\"ListItem\",\"position\":2,\"name\":\"Hidratantes naturais: pele verdadeiramente saud\u00e1vel\"}]},{\"@type\":\"WebSite\",\"@id\":\"https:\\\/\\\/blog.caule.com.br\\\/blog-2\\\/#website\",\"url\":\"https:\\\/\\\/blog.caule.com.br\\\/blog-2\\\/\",\"name\":\"Blog\",\"description\":\"Caule eco.l\u00f3gicos\",\"publisher\":{\"@id\":\"https:\\\/\\\/blog.caule.com.br\\\/blog-2\\\/#organization\"},\"potentialAction\":[{\"@type\":\"SearchAction\",\"target\":{\"@type\":\"EntryPoint\",\"urlTemplate\":\"https:\\\/\\\/blog.caule.com.br\\\/blog-2\\\/?s={search_term_string}\"},\"query-input\":{\"@type\":\"PropertyValueSpecification\",\"valueRequired\":true,\"valueName\":\"search_term_string\"}}],\"inLanguage\":\"pt-BR\"},{\"@type\":\"Organization\",\"@id\":\"https:\\\/\\\/blog.caule.com.br\\\/blog-2\\\/#organization\",\"name\":\"Caule eco.l\u00f3gicos\",\"url\":\"https:\\\/\\\/blog.caule.com.br\\\/blog-2\\\/\",\"logo\":{\"@type\":\"ImageObject\",\"inLanguage\":\"pt-BR\",\"@id\":\"https:\\\/\\\/blog.caule.com.br\\\/blog-2\\\/#\\\/schema\\\/logo\\\/image\\\/\",\"url\":\"https:\\\/\\\/blog.caule.com.br\\\/blog-2\\\/wp-content\\\/uploads\\\/2015\\\/07\\\/caule_horizontal_w90.png\",\"contentUrl\":\"https:\\\/\\\/blog.caule.com.br\\\/blog-2\\\/wp-content\\\/uploads\\\/2015\\\/07\\\/caule_horizontal_w90.png\",\"width\":213,\"height\":90,\"caption\":\"Caule eco.l\u00f3gicos\"},\"image\":{\"@id\":\"https:\\\/\\\/blog.caule.com.br\\\/blog-2\\\/#\\\/schema\\\/logo\\\/image\\\/\"},\"sameAs\":[\"https:\\\/\\\/www.facebook.com\\\/CauleDistribuidora\",\"https:\\\/\\\/www.instagram.com\\\/caule.eco.logicos\\\/\",\"https:\\\/\\\/br.pinterest.com\\\/cauleecologicos\\\/\",\"https:\\\/\\\/www.youtube.com\\\/cauleecologicos\"]},{\"@type\":\"Person\",\"@id\":\"https:\\\/\\\/blog.caule.com.br\\\/blog-2\\\/#\\\/schema\\\/person\\\/8da0d35def75a41f0bfc5549c0bef059\",\"name\":\"Janine Schmitz\",\"image\":{\"@type\":\"ImageObject\",\"inLanguage\":\"pt-BR\",\"@id\":\"https:\\\/\\\/secure.gravatar.com\\\/avatar\\\/b9c54b94c1bbbe36daed6c9b6c5db43cef19697831bab8a68d461c78586cfe7c?s=96&d=mm&r=g\",\"url\":\"https:\\\/\\\/secure.gravatar.com\\\/avatar\\\/b9c54b94c1bbbe36daed6c9b6c5db43cef19697831bab8a68d461c78586cfe7c?s=96&d=mm&r=g\",\"contentUrl\":\"https:\\\/\\\/secure.gravatar.com\\\/avatar\\\/b9c54b94c1bbbe36daed6c9b6c5db43cef19697831bab8a68d461c78586cfe7c?s=96&d=mm&r=g\",\"caption\":\"Janine Schmitz\"},\"url\":\"https:\\\/\\\/blog.caule.com.br\\\/blog-2\\\/author\\\/janineschmitz\\\/\"}]}<\/script>\n<!-- \/ Yoast SEO plugin. -->","yoast_head_json":{"title":"Hidratantes naturais: pele verdadeiramente saud\u00e1vel - Blog","description":"Porque evitar hidratantes convencionais, porque preferir hidratantes naturais e quais ingredientes evitar para evitar ressecamento e alergia na pele.","robots":{"index":"index","follow":"follow","max-snippet":"max-snippet:-1","max-image-preview":"max-image-preview:large","max-video-preview":"max-video-preview:-1"},"canonical":"https:\/\/blog.caule.com.br\/blog-2\/2017\/hidratantes-naturais\/","og_locale":"pt_BR","og_type":"article","og_title":"Hidratantes naturais: pele verdadeiramente saud\u00e1vel - Blog","og_description":"Porque evitar hidratantes convencionais, porque preferir hidratantes naturais e quais ingredientes evitar para evitar ressecamento e alergia na pele.","og_url":"https:\/\/blog.caule.com.br\/blog-2\/2017\/hidratantes-naturais\/","og_site_name":"Blog","article_publisher":"https:\/\/www.facebook.com\/CauleDistribuidora","article_published_time":"2017-11-19T15:12:06+00:00","article_modified_time":"2022-01-03T17:07:25+00:00","og_image":[{"width":1280,"height":1280,"url":"https:\/\/blog.caule.com.br\/blog-2\/wp-content\/uploads\/2017\/11\/IMG_1947-rotated-1.jpg","type":"image\/jpeg"}],"author":"Janine Schmitz","twitter_card":"summary_large_image","twitter_misc":{"Escrito por":"Janine Schmitz","Est. tempo de leitura":"8 minutos"},"schema":{"@context":"https:\/\/schema.org","@graph":[{"@type":"Article","@id":"https:\/\/blog.caule.com.br\/blog-2\/2017\/hidratantes-naturais\/#article","isPartOf":{"@id":"https:\/\/blog.caule.com.br\/blog-2\/2017\/hidratantes-naturais\/"},"author":{"name":"Janine Schmitz","@id":"https:\/\/blog.caule.com.br\/blog-2\/#\/schema\/person\/8da0d35def75a41f0bfc5549c0bef059"},"headline":"Hidratantes naturais: pele verdadeiramente saud\u00e1vel","datePublished":"2017-11-19T15:12:06+00:00","dateModified":"2022-01-03T17:07:25+00:00","mainEntityOfPage":{"@id":"https:\/\/blog.caule.com.br\/blog-2\/2017\/hidratantes-naturais\/"},"wordCount":1413,"publisher":{"@id":"https:\/\/blog.caule.com.br\/blog-2\/#organization"},"image":{"@id":"https:\/\/blog.caule.com.br\/blog-2\/2017\/hidratantes-naturais\/#primaryimage"},"thumbnailUrl":"https:\/\/blog.caule.com.br\/blog-2\/wp-content\/uploads\/2017\/11\/IMG_1947-rotated-1.jpg","keywords":["cuidados com a pele","hidrata\u00e7\u00e3o da pele","hidrata\u00e7\u00e3o natural","hidratante","hidratante natural","hidratante org\u00e2nico","hidratante vegano","pele bem tratada","pele saud\u00e1vel","produto natural","produto org\u00e2nico","produto vegano"],"articleSection":["Consumo Consciente","Cosm\u00e9ticos Naturais","Cosm\u00e9ticos Org\u00e2nicos","Cosm\u00e9ticos Veganos","Males dos Cosm\u00e9ticos Convencionais","Resenha de Produtos","Sa\u00fade e Beleza Integral"],"inLanguage":"pt-BR"},{"@type":"WebPage","@id":"https:\/\/blog.caule.com.br\/blog-2\/2017\/hidratantes-naturais\/","url":"https:\/\/blog.caule.com.br\/blog-2\/2017\/hidratantes-naturais\/","name":"Hidratantes naturais: pele verdadeiramente saud\u00e1vel - Blog","isPartOf":{"@id":"https:\/\/blog.caule.com.br\/blog-2\/#website"},"primaryImageOfPage":{"@id":"https:\/\/blog.caule.com.br\/blog-2\/2017\/hidratantes-naturais\/#primaryimage"},"image":{"@id":"https:\/\/blog.caule.com.br\/blog-2\/2017\/hidratantes-naturais\/#primaryimage"},"thumbnailUrl":"https:\/\/blog.caule.com.br\/blog-2\/wp-content\/uploads\/2017\/11\/IMG_1947-rotated-1.jpg","datePublished":"2017-11-19T15:12:06+00:00","dateModified":"2022-01-03T17:07:25+00:00","description":"Porque evitar hidratantes convencionais, porque preferir hidratantes naturais e quais ingredientes evitar para evitar ressecamento e alergia na pele.","breadcrumb":{"@id":"https:\/\/blog.caule.com.br\/blog-2\/2017\/hidratantes-naturais\/#breadcrumb"},"inLanguage":"pt-BR","potentialAction":[{"@type":"ReadAction","target":["https:\/\/blog.caule.com.br\/blog-2\/2017\/hidratantes-naturais\/"]}]},{"@type":"ImageObject","inLanguage":"pt-BR","@id":"https:\/\/blog.caule.com.br\/blog-2\/2017\/hidratantes-naturais\/#primaryimage","url":"https:\/\/blog.caule.com.br\/blog-2\/wp-content\/uploads\/2017\/11\/IMG_1947-rotated-1.jpg","contentUrl":"https:\/\/blog.caule.com.br\/blog-2\/wp-content\/uploads\/2017\/11\/IMG_1947-rotated-1.jpg","width":1280,"height":1280},{"@type":"BreadcrumbList","@id":"https:\/\/blog.caule.com.br\/blog-2\/2017\/hidratantes-naturais\/#breadcrumb","itemListElement":[{"@type":"ListItem","position":1,"name":"Home","item":"https:\/\/blog.caule.com.br\/blog-2\/"},{"@type":"ListItem","position":2,"name":"Hidratantes naturais: pele verdadeiramente saud\u00e1vel"}]},{"@type":"WebSite","@id":"https:\/\/blog.caule.com.br\/blog-2\/#website","url":"https:\/\/blog.caule.com.br\/blog-2\/","name":"Blog","description":"Caule eco.l\u00f3gicos","publisher":{"@id":"https:\/\/blog.caule.com.br\/blog-2\/#organization"},"potentialAction":[{"@type":"SearchAction","target":{"@type":"EntryPoint","urlTemplate":"https:\/\/blog.caule.com.br\/blog-2\/?s={search_term_string}"},"query-input":{"@type":"PropertyValueSpecification","valueRequired":true,"valueName":"search_term_string"}}],"inLanguage":"pt-BR"},{"@type":"Organization","@id":"https:\/\/blog.caule.com.br\/blog-2\/#organization","name":"Caule eco.l\u00f3gicos","url":"https:\/\/blog.caule.com.br\/blog-2\/","logo":{"@type":"ImageObject","inLanguage":"pt-BR","@id":"https:\/\/blog.caule.com.br\/blog-2\/#\/schema\/logo\/image\/","url":"https:\/\/blog.caule.com.br\/blog-2\/wp-content\/uploads\/2015\/07\/caule_horizontal_w90.png","contentUrl":"https:\/\/blog.caule.com.br\/blog-2\/wp-content\/uploads\/2015\/07\/caule_horizontal_w90.png","width":213,"height":90,"caption":"Caule eco.l\u00f3gicos"},"image":{"@id":"https:\/\/blog.caule.com.br\/blog-2\/#\/schema\/logo\/image\/"},"sameAs":["https:\/\/www.facebook.com\/CauleDistribuidora","https:\/\/www.instagram.com\/caule.eco.logicos\/","https:\/\/br.pinterest.com\/cauleecologicos\/","https:\/\/www.youtube.com\/cauleecologicos"]},{"@type":"Person","@id":"https:\/\/blog.caule.com.br\/blog-2\/#\/schema\/person\/8da0d35def75a41f0bfc5549c0bef059","name":"Janine Schmitz","image":{"@type":"ImageObject","inLanguage":"pt-BR","@id":"https:\/\/secure.gravatar.com\/avatar\/b9c54b94c1bbbe36daed6c9b6c5db43cef19697831bab8a68d461c78586cfe7c?s=96&d=mm&r=g","url":"https:\/\/secure.gravatar.com\/avatar\/b9c54b94c1bbbe36daed6c9b6c5db43cef19697831bab8a68d461c78586cfe7c?s=96&d=mm&r=g","contentUrl":"https:\/\/secure.gravatar.com\/avatar\/b9c54b94c1bbbe36daed6c9b6c5db43cef19697831bab8a68d461c78586cfe7c?s=96&d=mm&r=g","caption":"Janine Schmitz"},"url":"https:\/\/blog.caule.com.br\/blog-2\/author\/janineschmitz\/"}]}},"jetpack_featured_media_url":"https:\/\/blog.caule.com.br\/blog-2\/wp-content\/uploads\/2017\/11\/IMG_1947-rotated-1.jpg","jetpack_sharing_enabled":true,"_links":{"self":[{"href":"https:\/\/blog.caule.com.br\/blog-2\/wp-json\/wp\/v2\/posts\/1576","targetHints":{"allow":["GET"]}}],"collection":[{"href":"https:\/\/blog.caule.com.br\/blog-2\/wp-json\/wp\/v2\/posts"}],"about":[{"href":"https:\/\/blog.caule.com.br\/blog-2\/wp-json\/wp\/v2\/types\/post"}],"author":[{"embeddable":true,"href":"https:\/\/blog.caule.com.br\/blog-2\/wp-json\/wp\/v2\/users\/2"}],"replies":[{"embeddable":true,"href":"https:\/\/blog.caule.com.br\/blog-2\/wp-json\/wp\/v2\/comments?post=1576"}],"version-history":[{"count":4,"href":"https:\/\/blog.caule.com.br\/blog-2\/wp-json\/wp\/v2\/posts\/1576\/revisions"}],"predecessor-version":[{"id":9058,"href":"https:\/\/blog.caule.com.br\/blog-2\/wp-json\/wp\/v2\/posts\/1576\/revisions\/9058"}],"wp:featuredmedia":[{"embeddable":true,"href":"https:\/\/blog.caule.com.br\/blog-2\/wp-json\/wp\/v2\/media\/1589"}],"wp:attachment":[{"href":"https:\/\/blog.caule.com.br\/blog-2\/wp-json\/wp\/v2\/media?parent=1576"}],"wp:term":[{"taxonomy":"category","embeddable":true,"href":"https:\/\/blog.caule.com.br\/blog-2\/wp-json\/wp\/v2\/categories?post=1576"},{"taxonomy":"post_tag","embeddable":true,"href":"https:\/\/blog.caule.com.br\/blog-2\/wp-json\/wp\/v2\/tags?post=1576"}],"curies":[{"name":"wp","href":"https:\/\/api.w.org\/{rel}","templated":true}]}}