{"id":1419,"date":"2017-03-26T21:59:55","date_gmt":"2017-03-27T00:59:55","guid":{"rendered":"http:\/\/www.caule.com.br\/?p=1419"},"modified":"2022-01-03T18:28:41","modified_gmt":"2022-01-03T18:28:41","slug":"cabelos-cacheados-e-crespos","status":"publish","type":"post","link":"https:\/\/blog.caule.com.br\/blog-2\/2017\/cabelos-cacheados-e-crespos\/","title":{"rendered":"Cabelos cacheados e crespos: Livres, leves e soltos"},"content":{"rendered":"<p>Os cabelos cacheados e crespos n\u00e3o s\u00e3o\u00a0meramente uma tend\u00eancia da moda. Existe um empoderamento social e muita luta contra a padroniza\u00e7\u00e3o da beleza. Por traz da beleza exterior, reflete uma express\u00e3o genu\u00edna do que \u00e9 ser brasileiro<\/p>\n<p>O cabelo mexe muito com as mulheres quando se trata da valoriza\u00e7\u00e3o da identidade, principalmente nas mulheres negras, que s\u00e3o a maioria em nosso pa\u00eds. E n\u00e3o vai pensando que os cabelos cacheados e crespos sempre foram os queridinhos dos padr\u00f5es de beleza impostos pela ind\u00fastria cultural. Pelo contr\u00e1rio, h\u00e1 ainda muitas lutas contra o preconceito desta estrutura capilar. Apesar de 70% da popula\u00e7\u00e3o brasileira ter madeixas onduladas e crespas, o mercado da beleza continua priorizando o liso, tratamentos capilares com bastante uso de produtos qu\u00edmicos e t\u00e9cnicas agressivas tanto para o cabelo quanto para aceita\u00e7\u00e3o de si mesmo(a).<\/p>\n<figure id=\"attachment_1421\" aria-describedby=\"caption-attachment-1421\" style=\"width: 227px\" class=\"wp-caption alignleft\"><a href=\"https:\/\/blog.caule.com.br\/blog-2\/wp-content\/uploads\/2017\/03\/Tayse-2.jpg\" target=\"_blank\" rel=\"attachment noopener wp-att-1421\"><img decoding=\"async\" class=\"wp-image-1421\" src=\"https:\/\/blog.caule.com.br\/blog-2\/wp-content\/uploads\/2017\/03\/Tayse-2.jpg\" alt=\"Tayse\" width=\"227\" height=\"227\" \/><\/a><figcaption id=\"caption-attachment-1421\" class=\"wp-caption-text\">Tayse Mendes<\/figcaption><\/figure>\n<p>\u201cA ampla maioria dos meus clientes tem cabelos e cacheados e crespos. Sinto que ainda falta orienta\u00e7\u00e3o sobre como cuidar desse tipo de cabelo tanto para os clientes quanto para os pr\u00f3prios profissionais que, na maioria das vezes, n\u00e3o recebe esse tipo de treinamento. Come\u00e7amos a caminhar na aceita\u00e7\u00e3o deste tipo de cabelo e j\u00e1 percebo uma mobiliza\u00e7\u00e3o da m\u00eddia e das empresas a fim de criar produtos voltados a esse p\u00fablico, mas isso ainda \u00e9 muito pouco perto da conscientiza\u00e7\u00e3o que precisa existir\u201d, afirma Tayse Mendes do sal\u00e3o Gaia Espa\u00e7o Natural, localizado em S\u00e3o Lu\u00eds do Maranh\u00e3o.<\/p>\n<p>Al\u00e9m de Tayse h\u00e1 muitos outros cabeleireiros comprometidos com a valoriza\u00e7\u00e3o da beleza natural dos cabelos. \u00c9 o caso da empreendedora Alessandra Feminella, de Florian\u00f3polis, que criou em 2012 um sal\u00e3o especializado somente em tratamentos e cuidados com cabelos cacheados e\u00a0crespos.\u00a0 \u201cA ideia do Studio dos Cachos\u00ae veio de minha necessidade particular de cuidar de meus cabelos encaracolados. Eu frequentava v\u00e1rias cabeleireiras e todas diziam que eu tinha cabelos dif\u00edceis e delicados de cuidar, e hoje provo o contr\u00e1rio para nossas clientes dentro de nosso espa\u00e7o. As pessoas em fase de transi\u00e7\u00e3o s\u00e3o como eu antigamente.\u201d<\/p>\n<p>&nbsp;<\/p>\n<figure id=\"attachment_1422\" aria-describedby=\"caption-attachment-1422\" style=\"width: 299px\" class=\"wp-caption alignright\"><a href=\"https:\/\/blog.caule.com.br\/blog-2\/wp-content\/uploads\/2017\/03\/Alessandra-1.jpg\" target=\"_blank\" rel=\"attachment noopener wp-att-1422\"><img decoding=\"async\" class=\"wp-image-1422\" src=\"https:\/\/blog.caule.com.br\/blog-2\/wp-content\/uploads\/2017\/03\/Alessandra-1.jpg\" alt=\"Cabelos cacheados e crespos s\u00e3o o foco do Studio dos Cachos de Alessandra\" width=\"299\" height=\"199\" \/><\/a><figcaption id=\"caption-attachment-1422\" class=\"wp-caption-text\">Alessandra Feminella<\/figcaption><\/figure>\n<p>Alessandra conta que sempre teve dificuldade de encontrar profissionais que pudessem ensinar e explicar como os cabelos cacheados e crespos funcionam. Ela explica que seus clientes sempre chegam inseguros e com muito medo em seu sal\u00e3o. \u201cO cabelo encaracolado sempre foi cortado como cabelo liso, e na verdade isso n\u00e3o pode acontecer, pois os cachos tem um caimento particular em nossas cabe\u00e7as.\u201d<\/p>\n<p>&nbsp;<\/p>\n<p><strong>Cabelos cacheados e crespos s\u00e3o identidade<\/strong><\/p>\n<p>A viv\u00eancia do pr\u00f3prio valor e da auto-aceita\u00e7\u00e3o \u00e9 complexa. Indo um pouco mais a fundo percebe-se que a quest\u00e3o da beleza \u00e9 muito mais do que prop\u00f5e as capas de revista. Para grande parte dos brasileiros sentir-se bonito \u00e9 uma quest\u00e3o auto-estima, que est\u00e1 muito al\u00e9m da beleza exterior. A auto-estima acontece na qualifica\u00e7\u00e3o afetiva da sociedade e, para a cultura afro-brasileira, a luta \u00e9 di\u00e1ria por esse empoderamento.<\/p>\n<figure id=\"attachment_1420\" aria-describedby=\"caption-attachment-1420\" style=\"width: 300px\" class=\"wp-caption alignleft\"><a href=\"https:\/\/blog.caule.com.br\/blog-2\/wp-content\/uploads\/2017\/03\/Isadora.jpeg\" target=\"_blank\" rel=\"attachment noopener wp-att-1420\"><img decoding=\"async\" class=\"wp-image-1420 size-medium\" src=\"https:\/\/blog.caule.com.br\/blog-2\/wp-content\/uploads\/2017\/03\/Isadora-300x200.jpeg\" alt=\"Isadora Souza\" width=\"300\" height=\"200\" srcset=\"https:\/\/blog.caule.com.br\/blog-2\/wp-content\/uploads\/2017\/03\/Isadora-300x200.jpeg 300w, https:\/\/blog.caule.com.br\/blog-2\/wp-content\/uploads\/2017\/03\/Isadora-600x400.jpeg 600w, https:\/\/blog.caule.com.br\/blog-2\/wp-content\/uploads\/2017\/03\/Isadora.jpeg 720w\" sizes=\"(max-width: 300px) 100vw, 300px\" \/><\/a><figcaption id=\"caption-attachment-1420\" class=\"wp-caption-text\">Isadora Souza<\/figcaption><\/figure>\n<p>Em entrevista com a maquiadora catarinense Isadora Souza ficou claro para n\u00f3s da Caule eco.l\u00f3gicos a import\u00e2ncia da causa social ser um dos ingredientes principais do nosso trabalho. Isadora afirma que o seu cabelo representa muito para sua vida, pois foi atrav\u00e9s dele que ela vem ampliando a discuss\u00e3o do que \u00e9 ser mulher negra em nossa sociedade.<\/p>\n<p>A maquiadora tamb\u00e9m participa de grupos nas redes sociais como o \u201cAmigas crespas\u201d onde outras mulheres compartilham suas experi\u00eancias e desafios. \u201cEu n\u00e3o sabia o peso que isso tinha. E essa trajet\u00f3ria do que estou tra\u00e7ando se reflete muito no meu cabelo, na minha identidade. Para uma mulher negra o cabelo tem um peso fundamental. \u00c9 dif\u00edcil essa aceita\u00e7\u00e3o de tomar gosto do seu pr\u00f3prio cabelo, ent\u00e3o, pra mim \u00e9 uma forma de olhar pra dentro, olhar para minhas ra\u00edzes, porque o cabelo revela meus ancestrais, revela a luta deles, existem hist\u00f3rias por tr\u00e1s do cabelo\u201d, expressa.<\/p>\n<p>A maquiadora conta que desde a inf\u00e2ncia fazia tratamento capilares, at\u00e9 que h\u00e1 cinco anos resolveu assumir sua beleza tal como ela \u00e9: natural, de personalidade forte e aut\u00eantica. Ela descobriu em suas pesquisas que existem v\u00e1rios tipos de estruturas capilares e que cacheados e crespos s\u00e3o diferentes. Seu cabelo n\u00e3o podia ter cachos bem definidos, foi ent\u00e3o que ela aprendeu a olhar seu cabelo de outra forma e aceita-lo.<\/p>\n<p>\u201cTodo cabelo d\u00e1 trabalho, mas cada um possui suas peculiaridades. Geralmente eu lavo meu cabelo somente uma vez por semana. Eu o hidrato semana sim e semana n\u00e3o, vou revezando. E diariamente, acordo, tiro amarrador, balan\u00e7o ele na raiz, passo pente e pronto. Estou pronta!\u201d. \u00c9 um al\u00edvio para a maquiadora que gastava quase todo seu sal\u00e1rio com caros tratamentos como progressivas, relaxamentos, sem contar \u00e0s qu\u00edmicas que utilizava. Hoje faz hidrata\u00e7\u00e3o com abacate, banana, \u00f3leo de coco\u00a0 e seu cabelo \u00a0fica com outro brilho.<\/p>\n<p><strong>Tratamentos naturais<\/strong><\/p>\n<p>A cabeleireira Tayse costuma usar shampoos e cremes da Surya e Multivegetal, revendidos pela Caule (<a href=\"http:\/\/caule.com.br\/cat\u00e1logo\" target=\"_blank\" rel=\"noopener noreferrer\">confira em nosso cat\u00e1logo<\/a>). Ela costuma sugerir aos seus clientes uma linha mais natural pois possuem uma \u00f3tima aceita\u00e7\u00e3o nos cabelos cacheados e crespos\u00a0por terem composi\u00e7\u00f5es bem ricas em \u00f3leos e manteigas. Outro querido sugerido por ela s\u00e3o as Hennas Surya, uma op\u00e7\u00e3o saud\u00e1vel para colorir os cabelos e pra pigmentar as sobrancelhas.<\/p>\n<p><strong>\u00a0<\/strong>\u201cCostumo recomendar o tratamento nutritivo e restaurador, pois a maioria dos cabelos crespos que chegam at\u00e9 mim est\u00e3o vindo de algum tipo de qu\u00edmica, alisamento, permanente afro ou ainda de agress\u00f5es f\u00edsicas como apliques e tran\u00e7as que agridem o couro cabeludo. Fazemos muitos BC (big chop) que \u00e9 o corte que retira todo o cabelo com qu\u00edmica, deixando s\u00f3 o natural.\u201d<\/p>\n<p>Tem mais, al\u00e9m de poder fazer as pazes com os seus cabelos cacheados e crespos trat\u00e1-los muito melhor , voc\u00ea pode inspirar outras pessoas inclusive crian\u00e7as a valorizarem sua natureza e identidade e n\u00e3o sucumbirem \u00e0 press\u00e3o de usar tratamentos caros e t\u00f3xico para quem usa, aplica e para o planeta.<\/p>\n","protected":false},"excerpt":{"rendered":"<p>Os cabelos cacheados e crespos n\u00e3o s\u00e3o\u00a0meramente uma tend\u00eancia da moda. Existe um empoderamento social e muita luta contra a<\/p>\n","protected":false},"author":2,"featured_media":1420,"comment_status":"closed","ping_status":"closed","sticky":false,"template":"","format":"standard","meta":{"colormag_page_container_layout":"default_layout","colormag_page_sidebar_layout":"default_layout","_jetpack_memberships_contains_paid_content":false,"footnotes":""},"categories":[29,47,72,39],"tags":[378,379],"class_list":["post-1419","post","type-post","status-publish","format-standard","has-post-thumbnail","hentry","category-causa-caule","category-cosmeticos-organicos","category-cosmeticos-veganos","category-resenha-de-produtos","tag-cabelos-cacheados-e-crespos","tag-identidade-brasileira"],"yoast_head":"<!-- This site is optimized with the Yoast SEO plugin v27.5 - https:\/\/yoast.com\/product\/yoast-seo-wordpress\/ -->\n<title>Cabelos cacheados e crespos: Livres, leves e soltos - Blog<\/title>\n<meta name=\"description\" content=\"Os cabelos cacheados e crespos n\u00e3o s\u00e3o meramente uma tend\u00eancia da moda. Existe um empoderamento social e muita luta contra a padroniza\u00e7\u00e3o da beleza.\" \/>\n<meta name=\"robots\" content=\"index, follow, max-snippet:-1, max-image-preview:large, max-video-preview:-1\" \/>\n<link rel=\"canonical\" href=\"https:\/\/blog.caule.com.br\/blog-2\/2017\/cabelos-cacheados-e-crespos\/\" \/>\n<meta property=\"og:locale\" content=\"pt_BR\" \/>\n<meta property=\"og:type\" content=\"article\" \/>\n<meta property=\"og:title\" content=\"Cabelos cacheados e crespos: Livres, leves e soltos - Blog\" \/>\n<meta property=\"og:description\" content=\"Os cabelos cacheados e crespos n\u00e3o s\u00e3o meramente uma tend\u00eancia da moda. Existe um empoderamento social e muita luta contra a padroniza\u00e7\u00e3o da beleza.\" \/>\n<meta property=\"og:url\" content=\"https:\/\/blog.caule.com.br\/blog-2\/2017\/cabelos-cacheados-e-crespos\/\" \/>\n<meta property=\"og:site_name\" content=\"Blog\" \/>\n<meta property=\"article:publisher\" content=\"https:\/\/www.facebook.com\/CauleDistribuidora\" \/>\n<meta property=\"article:published_time\" content=\"2017-03-27T00:59:55+00:00\" \/>\n<meta property=\"article:modified_time\" content=\"2022-01-03T18:28:41+00:00\" \/>\n<meta property=\"og:image\" content=\"https:\/\/blog.caule.com.br\/blog-2\/wp-content\/uploads\/2017\/03\/Isadora.jpeg\" \/>\n\t<meta property=\"og:image:width\" content=\"720\" \/>\n\t<meta property=\"og:image:height\" content=\"480\" \/>\n\t<meta property=\"og:image:type\" content=\"image\/jpeg\" \/>\n<meta name=\"author\" content=\"Janine Schmitz\" \/>\n<meta name=\"twitter:card\" content=\"summary_large_image\" \/>\n<meta name=\"twitter:label1\" content=\"Escrito por\" \/>\n\t<meta name=\"twitter:data1\" content=\"Janine Schmitz\" \/>\n\t<meta name=\"twitter:label2\" content=\"Est. tempo de leitura\" \/>\n\t<meta name=\"twitter:data2\" content=\"7 minutos\" \/>\n<script type=\"application\/ld+json\" class=\"yoast-schema-graph\">{\"@context\":\"https:\\\/\\\/schema.org\",\"@graph\":[{\"@type\":\"Article\",\"@id\":\"https:\\\/\\\/blog.caule.com.br\\\/blog-2\\\/2017\\\/cabelos-cacheados-e-crespos\\\/#article\",\"isPartOf\":{\"@id\":\"https:\\\/\\\/blog.caule.com.br\\\/blog-2\\\/2017\\\/cabelos-cacheados-e-crespos\\\/\"},\"author\":{\"name\":\"Janine Schmitz\",\"@id\":\"https:\\\/\\\/blog.caule.com.br\\\/blog-2\\\/#\\\/schema\\\/person\\\/8da0d35def75a41f0bfc5549c0bef059\"},\"headline\":\"Cabelos cacheados e crespos: Livres, leves e soltos\",\"datePublished\":\"2017-03-27T00:59:55+00:00\",\"dateModified\":\"2022-01-03T18:28:41+00:00\",\"mainEntityOfPage\":{\"@id\":\"https:\\\/\\\/blog.caule.com.br\\\/blog-2\\\/2017\\\/cabelos-cacheados-e-crespos\\\/\"},\"wordCount\":1086,\"publisher\":{\"@id\":\"https:\\\/\\\/blog.caule.com.br\\\/blog-2\\\/#organization\"},\"image\":{\"@id\":\"https:\\\/\\\/blog.caule.com.br\\\/blog-2\\\/2017\\\/cabelos-cacheados-e-crespos\\\/#primaryimage\"},\"thumbnailUrl\":\"https:\\\/\\\/blog.caule.com.br\\\/blog-2\\\/wp-content\\\/uploads\\\/2017\\\/03\\\/Isadora.jpeg\",\"keywords\":[\"Cabelos cacheados e crespos\",\"identidade brasileira\"],\"articleSection\":[\"Causa Caule\",\"Cosm\u00e9ticos Org\u00e2nicos\",\"Cosm\u00e9ticos Veganos\",\"Resenha de Produtos\"],\"inLanguage\":\"pt-BR\"},{\"@type\":\"WebPage\",\"@id\":\"https:\\\/\\\/blog.caule.com.br\\\/blog-2\\\/2017\\\/cabelos-cacheados-e-crespos\\\/\",\"url\":\"https:\\\/\\\/blog.caule.com.br\\\/blog-2\\\/2017\\\/cabelos-cacheados-e-crespos\\\/\",\"name\":\"Cabelos cacheados e crespos: Livres, leves e soltos - Blog\",\"isPartOf\":{\"@id\":\"https:\\\/\\\/blog.caule.com.br\\\/blog-2\\\/#website\"},\"primaryImageOfPage\":{\"@id\":\"https:\\\/\\\/blog.caule.com.br\\\/blog-2\\\/2017\\\/cabelos-cacheados-e-crespos\\\/#primaryimage\"},\"image\":{\"@id\":\"https:\\\/\\\/blog.caule.com.br\\\/blog-2\\\/2017\\\/cabelos-cacheados-e-crespos\\\/#primaryimage\"},\"thumbnailUrl\":\"https:\\\/\\\/blog.caule.com.br\\\/blog-2\\\/wp-content\\\/uploads\\\/2017\\\/03\\\/Isadora.jpeg\",\"datePublished\":\"2017-03-27T00:59:55+00:00\",\"dateModified\":\"2022-01-03T18:28:41+00:00\",\"description\":\"Os cabelos cacheados e crespos n\u00e3o s\u00e3o meramente uma tend\u00eancia da moda. Existe um empoderamento social e muita luta contra a padroniza\u00e7\u00e3o da beleza.\",\"breadcrumb\":{\"@id\":\"https:\\\/\\\/blog.caule.com.br\\\/blog-2\\\/2017\\\/cabelos-cacheados-e-crespos\\\/#breadcrumb\"},\"inLanguage\":\"pt-BR\",\"potentialAction\":[{\"@type\":\"ReadAction\",\"target\":[\"https:\\\/\\\/blog.caule.com.br\\\/blog-2\\\/2017\\\/cabelos-cacheados-e-crespos\\\/\"]}]},{\"@type\":\"ImageObject\",\"inLanguage\":\"pt-BR\",\"@id\":\"https:\\\/\\\/blog.caule.com.br\\\/blog-2\\\/2017\\\/cabelos-cacheados-e-crespos\\\/#primaryimage\",\"url\":\"https:\\\/\\\/blog.caule.com.br\\\/blog-2\\\/wp-content\\\/uploads\\\/2017\\\/03\\\/Isadora.jpeg\",\"contentUrl\":\"https:\\\/\\\/blog.caule.com.br\\\/blog-2\\\/wp-content\\\/uploads\\\/2017\\\/03\\\/Isadora.jpeg\",\"width\":720,\"height\":480,\"caption\":\"Isadora Souza\"},{\"@type\":\"BreadcrumbList\",\"@id\":\"https:\\\/\\\/blog.caule.com.br\\\/blog-2\\\/2017\\\/cabelos-cacheados-e-crespos\\\/#breadcrumb\",\"itemListElement\":[{\"@type\":\"ListItem\",\"position\":1,\"name\":\"Home\",\"item\":\"https:\\\/\\\/blog.caule.com.br\\\/blog-2\\\/\"},{\"@type\":\"ListItem\",\"position\":2,\"name\":\"Cabelos cacheados e crespos: Livres, leves e soltos\"}]},{\"@type\":\"WebSite\",\"@id\":\"https:\\\/\\\/blog.caule.com.br\\\/blog-2\\\/#website\",\"url\":\"https:\\\/\\\/blog.caule.com.br\\\/blog-2\\\/\",\"name\":\"Blog\",\"description\":\"Caule eco.l\u00f3gicos\",\"publisher\":{\"@id\":\"https:\\\/\\\/blog.caule.com.br\\\/blog-2\\\/#organization\"},\"potentialAction\":[{\"@type\":\"SearchAction\",\"target\":{\"@type\":\"EntryPoint\",\"urlTemplate\":\"https:\\\/\\\/blog.caule.com.br\\\/blog-2\\\/?s={search_term_string}\"},\"query-input\":{\"@type\":\"PropertyValueSpecification\",\"valueRequired\":true,\"valueName\":\"search_term_string\"}}],\"inLanguage\":\"pt-BR\"},{\"@type\":\"Organization\",\"@id\":\"https:\\\/\\\/blog.caule.com.br\\\/blog-2\\\/#organization\",\"name\":\"Caule eco.l\u00f3gicos\",\"url\":\"https:\\\/\\\/blog.caule.com.br\\\/blog-2\\\/\",\"logo\":{\"@type\":\"ImageObject\",\"inLanguage\":\"pt-BR\",\"@id\":\"https:\\\/\\\/blog.caule.com.br\\\/blog-2\\\/#\\\/schema\\\/logo\\\/image\\\/\",\"url\":\"https:\\\/\\\/blog.caule.com.br\\\/blog-2\\\/wp-content\\\/uploads\\\/2015\\\/07\\\/caule_horizontal_w90.png\",\"contentUrl\":\"https:\\\/\\\/blog.caule.com.br\\\/blog-2\\\/wp-content\\\/uploads\\\/2015\\\/07\\\/caule_horizontal_w90.png\",\"width\":213,\"height\":90,\"caption\":\"Caule eco.l\u00f3gicos\"},\"image\":{\"@id\":\"https:\\\/\\\/blog.caule.com.br\\\/blog-2\\\/#\\\/schema\\\/logo\\\/image\\\/\"},\"sameAs\":[\"https:\\\/\\\/www.facebook.com\\\/CauleDistribuidora\",\"https:\\\/\\\/www.instagram.com\\\/caule.eco.logicos\\\/\",\"https:\\\/\\\/br.pinterest.com\\\/cauleecologicos\\\/\",\"https:\\\/\\\/www.youtube.com\\\/cauleecologicos\"]},{\"@type\":\"Person\",\"@id\":\"https:\\\/\\\/blog.caule.com.br\\\/blog-2\\\/#\\\/schema\\\/person\\\/8da0d35def75a41f0bfc5549c0bef059\",\"name\":\"Janine Schmitz\",\"image\":{\"@type\":\"ImageObject\",\"inLanguage\":\"pt-BR\",\"@id\":\"https:\\\/\\\/secure.gravatar.com\\\/avatar\\\/b9c54b94c1bbbe36daed6c9b6c5db43cef19697831bab8a68d461c78586cfe7c?s=96&d=mm&r=g\",\"url\":\"https:\\\/\\\/secure.gravatar.com\\\/avatar\\\/b9c54b94c1bbbe36daed6c9b6c5db43cef19697831bab8a68d461c78586cfe7c?s=96&d=mm&r=g\",\"contentUrl\":\"https:\\\/\\\/secure.gravatar.com\\\/avatar\\\/b9c54b94c1bbbe36daed6c9b6c5db43cef19697831bab8a68d461c78586cfe7c?s=96&d=mm&r=g\",\"caption\":\"Janine Schmitz\"},\"url\":\"https:\\\/\\\/blog.caule.com.br\\\/blog-2\\\/author\\\/janineschmitz\\\/\"}]}<\/script>\n<!-- \/ Yoast SEO plugin. -->","yoast_head_json":{"title":"Cabelos cacheados e crespos: Livres, leves e soltos - Blog","description":"Os cabelos cacheados e crespos n\u00e3o s\u00e3o meramente uma tend\u00eancia da moda. Existe um empoderamento social e muita luta contra a padroniza\u00e7\u00e3o da beleza.","robots":{"index":"index","follow":"follow","max-snippet":"max-snippet:-1","max-image-preview":"max-image-preview:large","max-video-preview":"max-video-preview:-1"},"canonical":"https:\/\/blog.caule.com.br\/blog-2\/2017\/cabelos-cacheados-e-crespos\/","og_locale":"pt_BR","og_type":"article","og_title":"Cabelos cacheados e crespos: Livres, leves e soltos - Blog","og_description":"Os cabelos cacheados e crespos n\u00e3o s\u00e3o meramente uma tend\u00eancia da moda. Existe um empoderamento social e muita luta contra a padroniza\u00e7\u00e3o da beleza.","og_url":"https:\/\/blog.caule.com.br\/blog-2\/2017\/cabelos-cacheados-e-crespos\/","og_site_name":"Blog","article_publisher":"https:\/\/www.facebook.com\/CauleDistribuidora","article_published_time":"2017-03-27T00:59:55+00:00","article_modified_time":"2022-01-03T18:28:41+00:00","og_image":[{"width":720,"height":480,"url":"https:\/\/blog.caule.com.br\/blog-2\/wp-content\/uploads\/2017\/03\/Isadora.jpeg","type":"image\/jpeg"}],"author":"Janine Schmitz","twitter_card":"summary_large_image","twitter_misc":{"Escrito por":"Janine Schmitz","Est. tempo de leitura":"7 minutos"},"schema":{"@context":"https:\/\/schema.org","@graph":[{"@type":"Article","@id":"https:\/\/blog.caule.com.br\/blog-2\/2017\/cabelos-cacheados-e-crespos\/#article","isPartOf":{"@id":"https:\/\/blog.caule.com.br\/blog-2\/2017\/cabelos-cacheados-e-crespos\/"},"author":{"name":"Janine Schmitz","@id":"https:\/\/blog.caule.com.br\/blog-2\/#\/schema\/person\/8da0d35def75a41f0bfc5549c0bef059"},"headline":"Cabelos cacheados e crespos: Livres, leves e soltos","datePublished":"2017-03-27T00:59:55+00:00","dateModified":"2022-01-03T18:28:41+00:00","mainEntityOfPage":{"@id":"https:\/\/blog.caule.com.br\/blog-2\/2017\/cabelos-cacheados-e-crespos\/"},"wordCount":1086,"publisher":{"@id":"https:\/\/blog.caule.com.br\/blog-2\/#organization"},"image":{"@id":"https:\/\/blog.caule.com.br\/blog-2\/2017\/cabelos-cacheados-e-crespos\/#primaryimage"},"thumbnailUrl":"https:\/\/blog.caule.com.br\/blog-2\/wp-content\/uploads\/2017\/03\/Isadora.jpeg","keywords":["Cabelos cacheados e crespos","identidade brasileira"],"articleSection":["Causa Caule","Cosm\u00e9ticos Org\u00e2nicos","Cosm\u00e9ticos Veganos","Resenha de Produtos"],"inLanguage":"pt-BR"},{"@type":"WebPage","@id":"https:\/\/blog.caule.com.br\/blog-2\/2017\/cabelos-cacheados-e-crespos\/","url":"https:\/\/blog.caule.com.br\/blog-2\/2017\/cabelos-cacheados-e-crespos\/","name":"Cabelos cacheados e crespos: Livres, leves e soltos - Blog","isPartOf":{"@id":"https:\/\/blog.caule.com.br\/blog-2\/#website"},"primaryImageOfPage":{"@id":"https:\/\/blog.caule.com.br\/blog-2\/2017\/cabelos-cacheados-e-crespos\/#primaryimage"},"image":{"@id":"https:\/\/blog.caule.com.br\/blog-2\/2017\/cabelos-cacheados-e-crespos\/#primaryimage"},"thumbnailUrl":"https:\/\/blog.caule.com.br\/blog-2\/wp-content\/uploads\/2017\/03\/Isadora.jpeg","datePublished":"2017-03-27T00:59:55+00:00","dateModified":"2022-01-03T18:28:41+00:00","description":"Os cabelos cacheados e crespos n\u00e3o s\u00e3o meramente uma tend\u00eancia da moda. Existe um empoderamento social e muita luta contra a padroniza\u00e7\u00e3o da beleza.","breadcrumb":{"@id":"https:\/\/blog.caule.com.br\/blog-2\/2017\/cabelos-cacheados-e-crespos\/#breadcrumb"},"inLanguage":"pt-BR","potentialAction":[{"@type":"ReadAction","target":["https:\/\/blog.caule.com.br\/blog-2\/2017\/cabelos-cacheados-e-crespos\/"]}]},{"@type":"ImageObject","inLanguage":"pt-BR","@id":"https:\/\/blog.caule.com.br\/blog-2\/2017\/cabelos-cacheados-e-crespos\/#primaryimage","url":"https:\/\/blog.caule.com.br\/blog-2\/wp-content\/uploads\/2017\/03\/Isadora.jpeg","contentUrl":"https:\/\/blog.caule.com.br\/blog-2\/wp-content\/uploads\/2017\/03\/Isadora.jpeg","width":720,"height":480,"caption":"Isadora Souza"},{"@type":"BreadcrumbList","@id":"https:\/\/blog.caule.com.br\/blog-2\/2017\/cabelos-cacheados-e-crespos\/#breadcrumb","itemListElement":[{"@type":"ListItem","position":1,"name":"Home","item":"https:\/\/blog.caule.com.br\/blog-2\/"},{"@type":"ListItem","position":2,"name":"Cabelos cacheados e crespos: Livres, leves e soltos"}]},{"@type":"WebSite","@id":"https:\/\/blog.caule.com.br\/blog-2\/#website","url":"https:\/\/blog.caule.com.br\/blog-2\/","name":"Blog","description":"Caule eco.l\u00f3gicos","publisher":{"@id":"https:\/\/blog.caule.com.br\/blog-2\/#organization"},"potentialAction":[{"@type":"SearchAction","target":{"@type":"EntryPoint","urlTemplate":"https:\/\/blog.caule.com.br\/blog-2\/?s={search_term_string}"},"query-input":{"@type":"PropertyValueSpecification","valueRequired":true,"valueName":"search_term_string"}}],"inLanguage":"pt-BR"},{"@type":"Organization","@id":"https:\/\/blog.caule.com.br\/blog-2\/#organization","name":"Caule eco.l\u00f3gicos","url":"https:\/\/blog.caule.com.br\/blog-2\/","logo":{"@type":"ImageObject","inLanguage":"pt-BR","@id":"https:\/\/blog.caule.com.br\/blog-2\/#\/schema\/logo\/image\/","url":"https:\/\/blog.caule.com.br\/blog-2\/wp-content\/uploads\/2015\/07\/caule_horizontal_w90.png","contentUrl":"https:\/\/blog.caule.com.br\/blog-2\/wp-content\/uploads\/2015\/07\/caule_horizontal_w90.png","width":213,"height":90,"caption":"Caule eco.l\u00f3gicos"},"image":{"@id":"https:\/\/blog.caule.com.br\/blog-2\/#\/schema\/logo\/image\/"},"sameAs":["https:\/\/www.facebook.com\/CauleDistribuidora","https:\/\/www.instagram.com\/caule.eco.logicos\/","https:\/\/br.pinterest.com\/cauleecologicos\/","https:\/\/www.youtube.com\/cauleecologicos"]},{"@type":"Person","@id":"https:\/\/blog.caule.com.br\/blog-2\/#\/schema\/person\/8da0d35def75a41f0bfc5549c0bef059","name":"Janine Schmitz","image":{"@type":"ImageObject","inLanguage":"pt-BR","@id":"https:\/\/secure.gravatar.com\/avatar\/b9c54b94c1bbbe36daed6c9b6c5db43cef19697831bab8a68d461c78586cfe7c?s=96&d=mm&r=g","url":"https:\/\/secure.gravatar.com\/avatar\/b9c54b94c1bbbe36daed6c9b6c5db43cef19697831bab8a68d461c78586cfe7c?s=96&d=mm&r=g","contentUrl":"https:\/\/secure.gravatar.com\/avatar\/b9c54b94c1bbbe36daed6c9b6c5db43cef19697831bab8a68d461c78586cfe7c?s=96&d=mm&r=g","caption":"Janine Schmitz"},"url":"https:\/\/blog.caule.com.br\/blog-2\/author\/janineschmitz\/"}]}},"jetpack_featured_media_url":"https:\/\/blog.caule.com.br\/blog-2\/wp-content\/uploads\/2017\/03\/Isadora.jpeg","jetpack_sharing_enabled":true,"_links":{"self":[{"href":"https:\/\/blog.caule.com.br\/blog-2\/wp-json\/wp\/v2\/posts\/1419","targetHints":{"allow":["GET"]}}],"collection":[{"href":"https:\/\/blog.caule.com.br\/blog-2\/wp-json\/wp\/v2\/posts"}],"about":[{"href":"https:\/\/blog.caule.com.br\/blog-2\/wp-json\/wp\/v2\/types\/post"}],"author":[{"embeddable":true,"href":"https:\/\/blog.caule.com.br\/blog-2\/wp-json\/wp\/v2\/users\/2"}],"replies":[{"embeddable":true,"href":"https:\/\/blog.caule.com.br\/blog-2\/wp-json\/wp\/v2\/comments?post=1419"}],"version-history":[{"count":8,"href":"https:\/\/blog.caule.com.br\/blog-2\/wp-json\/wp\/v2\/posts\/1419\/revisions"}],"predecessor-version":[{"id":9083,"href":"https:\/\/blog.caule.com.br\/blog-2\/wp-json\/wp\/v2\/posts\/1419\/revisions\/9083"}],"wp:featuredmedia":[{"embeddable":true,"href":"https:\/\/blog.caule.com.br\/blog-2\/wp-json\/wp\/v2\/media\/1420"}],"wp:attachment":[{"href":"https:\/\/blog.caule.com.br\/blog-2\/wp-json\/wp\/v2\/media?parent=1419"}],"wp:term":[{"taxonomy":"category","embeddable":true,"href":"https:\/\/blog.caule.com.br\/blog-2\/wp-json\/wp\/v2\/categories?post=1419"},{"taxonomy":"post_tag","embeddable":true,"href":"https:\/\/blog.caule.com.br\/blog-2\/wp-json\/wp\/v2\/tags?post=1419"}],"curies":[{"name":"wp","href":"https:\/\/api.w.org\/{rel}","templated":true}]}}