{"id":108,"date":"2015-07-08T15:23:01","date_gmt":"2015-07-08T18:23:01","guid":{"rendered":"http:\/\/www.caule.com.br\/?p=108"},"modified":"2022-01-08T15:41:28","modified_gmt":"2022-01-08T15:41:28","slug":"oleo-essencial-x-essencia","status":"publish","type":"post","link":"https:\/\/blog.caule.com.br\/blog-2\/2015\/oleo-essencial-x-essencia\/","title":{"rendered":"\u00d3leo Essencial X Ess\u00eancia"},"content":{"rendered":"<p>U\u00e9, mas \u00f3leo essencial e ess\u00eancia n\u00e3o s\u00e3o a mesma coisa?\u201d<\/p>\n<p>Se voc\u00ea, assim como eu, j\u00e1 fez esta pergunta, o texto abaixo pode esclarecer algumas d\u00favidas.<\/p>\n<h2>Diferen\u00e7a entre \u00f3leos essenciais e ess\u00eancia<\/h2>\n<p>O <strong>\u00f3leo essencial<\/strong> \u00e9 produzido a partir da <strong>destila\u00e7\u00e3o de folhas, cascas, flores e sementes.<\/strong> Produzindo assim um \u00f3leo essencial arom\u00e1tico que evapora rapidamente quando entra em contato com o ar e a temperatura ambiente.<\/p>\n<p>Portanto, <strong>o \u00f3leo essencial \u00e9 100% natural e possui propriedades terap\u00eauticas<\/strong> que agem a favor da sa\u00fade mental, emocional e f\u00edsica.<\/p>\n<p>Motivo pelo qual \u00e9 utilizado na aromaterapia, por exemplo. Cada planta possui <strong>princ\u00edpios ativos<\/strong> diferentes que podem tratar quest\u00f5es de sa\u00fade espec\u00edficas.<\/p>\n<p><strong>Veja aqui um exemplo de uso do \u00f3leo de Tea Tree:<\/strong><\/p>\n<ul>\n<li class=\"elementor-post__title\"><a href=\"https:\/\/blog.caule.com.br\/blog-2\/2015\/oleo-essencial-de-tea-tree-qt-cineol-no-combate-a-amigdalite\/\" target=\"_blank\" rel=\"noopener\">\u00d3leo Essencial de Tea Tree no combate \u00e0 amigdalite<\/a><\/li>\n<\/ul>\n<p><a href=\"https:\/\/www.caule.com.br\/categoria-bem-estar\/categoria-oleos-essenciais\/\" target=\"_blank\" rel=\"noopener\"><img decoding=\"async\" class=\"alignnone wp-image-7995 size-full\" src=\"http:\/\/caule.com.br\/blog-2\/wp-content\/uploads\/2021\/03\/clique-e-compre.jpg\" alt=\"Clique e compre \u00f3leo essencial agora, Loja Caule.\" width=\"1200\" height=\"200\" srcset=\"https:\/\/blog.caule.com.br\/blog-2\/wp-content\/uploads\/2021\/03\/clique-e-compre.jpg 1200w, https:\/\/blog.caule.com.br\/blog-2\/wp-content\/uploads\/2021\/03\/clique-e-compre-300x50.jpg 300w, https:\/\/blog.caule.com.br\/blog-2\/wp-content\/uploads\/2021\/03\/clique-e-compre-1024x171.jpg 1024w, https:\/\/blog.caule.com.br\/blog-2\/wp-content\/uploads\/2021\/03\/clique-e-compre-768x128.jpg 768w\" sizes=\"(max-width: 1200px) 100vw, 1200px\" \/><\/a><\/p>\n<p>A <strong>ess\u00eancia,<\/strong> por outro lado, \u00e9 <strong>sinteticamente produzida.<\/strong> E pode conter em sua f\u00f3rmula alguns produtos nada saud\u00e1veis, como corantes e fixadores.<\/p>\n<p>Como <strong>a ess\u00eancia n\u00e3o \u00e9 um produto natural<\/strong>, tamb\u00e9m n\u00e3o possui as mesmas propriedades encontradas nos \u00f3leos essenciais e n\u00e3o \u00e9 indicada para uso em tratamentos. Servindo apenas como <strong>&#8220;cheiro&#8221; artificial.<\/strong><\/p>\n<p>Outro fator que \u00e9 de extrema import\u00e2ncia \u00e9 que <strong>as ess\u00eancias atuam como disruptores end\u00f3crinos.<\/strong> Desregulando nosso sistema hormonal e causando doen\u00e7as.<\/p>\n<h2 id=\"exacc_ZjcpYe-wPPbT1sQP9LSn6Ak21\" class=\"iDjcJe IX9Lgd wwB5gf\">Qual a diferen\u00e7a do \u00f3leo essencial org\u00e2nico?<\/h2>\n<p>Al\u00e9m da diferen\u00e7a entre o \u00f3leo essencial e a ess\u00eancia, a gente deve observar ainda se o \u00f3leo \u00e9 org\u00e2nico.<\/p>\n<p><strong>Veja aqui como saber se o \u00f3leo \u00e9 org\u00e2nico:<\/strong><\/p>\n<div class=\"jetpack-video-wrapper\"><iframe loading=\"lazy\" title=\"Como identificar se o \u00f3leo essencial \u00e9 org\u00e2nico?\" width=\"800\" height=\"450\" src=\"https:\/\/www.youtube.com\/embed\/4IYFfzidz9U?feature=oembed\" frameborder=\"0\" allow=\"accelerometer; autoplay; clipboard-write; encrypted-media; gyroscope; picture-in-picture\" allowfullscreen><\/iframe><\/div>\n<p>Os <strong>\u00f3leos essenciais org\u00e2nicos<\/strong> s\u00e3o extra\u00eddos de plantas que <strong>n\u00e3o foram expostas a agrot\u00f3xicos<\/strong>, tanto no cultivo como na extra\u00e7\u00e3o e processamento.<\/p>\n<p>Assim, os \u00f3leos essenciais org\u00e2nicos s\u00e3o<strong>\u00a0a op\u00e7\u00e3o mais pura e saud\u00e1vel.<\/strong><\/p>\n<p><strong>Confere a nossa sele\u00e7\u00e3o de <a href=\"https:\/\/www.caule.com.br\/categoria-bem-estar\/categoria-oleos-essenciais\" target=\"_blank\" rel=\"noopener\">\u00d3LEOS ESSENCIAIS ORG\u00c2NICOS.<\/a><\/strong><\/p>\n<p>Al\u00e9m disso, ao preferir \u00f3leos essenciais org\u00e2nicos, a gente n\u00e3o est\u00e1 cuidando apenas da sa\u00fade individual, mas tamb\u00e9m da <strong>sa\u00fade dos animais e preserva\u00e7\u00e3o do meio ambiente.<\/strong><\/p>\n<p>Seres vulner\u00e1veis \u00e0s nossas escolhas e que habitam os rios e margens, que \u00e9 para onde os <strong>res\u00edduos dos cosm\u00e9ticos v\u00e3o.<\/strong><\/p>\n<p>E das pessoas e animais que vivem no local onde as plantas s\u00e3o cultivadas e extra\u00eddas para a produ\u00e7\u00e3o do \u00f3leo essencial.<\/p>\n<p>J\u00e1 que n\u00e3o h\u00e1 aplica\u00e7\u00e3o e utiliza\u00e7\u00e3o de agrot\u00f3xicos e produtos sint\u00e9ticos.<\/p>\n<h3>Consumo consciente<\/h3>\n<p>Isso nos lembra que o <strong>impacto ambiental proveniente de nossas escolhas de consumo<\/strong> tem um alcance ainda maior do que costumamos pensar!<\/p>\n<p><strong>Neste v\u00eddeo eu falo sobre o consumo consciente:<\/strong><\/p>\n<div class=\"jetpack-video-wrapper\"><iframe loading=\"lazy\" title=\"Consumo consciente - mar\" width=\"800\" height=\"450\" src=\"https:\/\/www.youtube.com\/embed\/45yZh9Xy2tw?feature=oembed\" frameborder=\"0\" allow=\"accelerometer; autoplay; clipboard-write; encrypted-media; gyroscope; picture-in-picture\" allowfullscreen><\/iframe><\/div>\n<p>.<\/p>\n<p>Agora pode fazer a tua escolha com mais certeza e consci\u00eancia!<\/p>\n<p><strong>Se quiser garantir uma renda extra e mostrar para mais pessoas como os \u00f3leos essenciais s\u00e3o \u00f3timos para a sa\u00fade:<\/strong><\/p>\n<p><a href=\"https:\/\/caule.com.br\/revender\" target=\"_blank\" rel=\"noopener\"><img decoding=\"async\" class=\"alignnone wp-image-7450 size-full\" src=\"http:\/\/caule.com.br\/blog-2\/wp-content\/uploads\/2021\/05\/clique-e-compre.jpg\" alt=\"CTA para clicar e revender no post de carv\u00e3o ativado.\" width=\"1200\" height=\"200\" srcset=\"https:\/\/blog.caule.com.br\/blog-2\/wp-content\/uploads\/2021\/05\/clique-e-compre.jpg 1200w, https:\/\/blog.caule.com.br\/blog-2\/wp-content\/uploads\/2021\/05\/clique-e-compre-300x50.jpg 300w, https:\/\/blog.caule.com.br\/blog-2\/wp-content\/uploads\/2021\/05\/clique-e-compre-1024x171.jpg 1024w, https:\/\/blog.caule.com.br\/blog-2\/wp-content\/uploads\/2021\/05\/clique-e-compre-768x128.jpg 768w\" sizes=\"(max-width: 1200px) 100vw, 1200px\" \/><\/a><\/p>\n<p>Fontes:<br \/>\nCaule Distribuidora. <a href=\"https:\/\/materiais.caule.com.br\/guia-de-cosmeticos\" target=\"_blank\" rel=\"noopener noreferrer\">Guia de Consumo de Cosm\u00e9ticos Saud\u00e1veis<\/a>.<\/p>\n<p>Herbia Cosm\u00e9ticos Org\u00e2nicos. http:\/\/www.herbia.com.br\/produtos\/oleos-essenciais\/<\/p>\n<p>Lima, Solange. Diferen\u00e7as entre \u00f3leos essenciais e ess\u00eancias. Personare: autoconhecimento, harmonia e bem-viver. http:\/\/www.personare.com.br\/diferencas-entre-oleos-essenciais-e-essencias-m4735<\/p>\n<p>Silva, Ad\u00e3o Roberto. Ess\u00eancia e \u00d3leo Essencial. Vida Integral.: http:\/\/www.vidaintegral.com.br\/noticias.php?noticiaid=224<\/p>\n","protected":false},"excerpt":{"rendered":"<p>U\u00e9, mas \u00f3leo essencial e ess\u00eancia n\u00e3o s\u00e3o a mesma coisa?\u201d Se voc\u00ea, assim como eu, j\u00e1 fez esta pergunta,<\/p>\n","protected":false},"author":2,"featured_media":111,"comment_status":"closed","ping_status":"closed","sticky":false,"template":"","format":"standard","meta":{"colormag_page_container_layout":"default_layout","colormag_page_sidebar_layout":"default_layout","_jetpack_memberships_contains_paid_content":false,"footnotes":""},"categories":[20],"tags":[16,17,18,19,1639,1638,709,21,22],"class_list":["post-108","post","type-post","status-publish","format-standard","has-post-thumbnail","hentry","category-oleos-essenciais","tag-aromaterapia","tag-essencia","tag-natural","tag-oleo-essencial","tag-oleo-essencial-e-natural","tag-oleo-essencial-e-vida","tag-oleo-essencial-organico","tag-produtos-ecologicos","tag-tea-tree"],"yoast_head":"<!-- This site is optimized with the Yoast SEO plugin v27.5 - https:\/\/yoast.com\/product\/yoast-seo-wordpress\/ -->\n<title>\u00d3leo Essencial X Ess\u00eancia - Blog<\/title>\n<meta name=\"description\" content=\"Ess\u00eancia n\u00e3o \u00e9 igual a \u00f3leo essencial! As ess\u00eancias s\u00e3o artificiais e n\u00e3o trazem benef\u00edcios. Leia mais aqui, para n\u00e3o ser enganada!\" \/>\n<meta name=\"robots\" content=\"index, follow, max-snippet:-1, max-image-preview:large, max-video-preview:-1\" \/>\n<link rel=\"canonical\" href=\"https:\/\/blog.caule.com.br\/blog-2\/2015\/oleo-essencial-x-essencia\/\" \/>\n<meta property=\"og:locale\" content=\"pt_BR\" \/>\n<meta property=\"og:type\" content=\"article\" \/>\n<meta property=\"og:title\" content=\"\u00d3leo Essencial X Ess\u00eancia - Blog\" \/>\n<meta property=\"og:description\" content=\"Ess\u00eancia n\u00e3o \u00e9 igual a \u00f3leo essencial! As ess\u00eancias s\u00e3o artificiais e n\u00e3o trazem benef\u00edcios. Leia mais aqui, para n\u00e3o ser enganada!\" \/>\n<meta property=\"og:url\" content=\"https:\/\/blog.caule.com.br\/blog-2\/2015\/oleo-essencial-x-essencia\/\" \/>\n<meta property=\"og:site_name\" content=\"Blog\" \/>\n<meta property=\"article:publisher\" content=\"https:\/\/www.facebook.com\/CauleDistribuidora\" \/>\n<meta property=\"article:published_time\" content=\"2015-07-08T18:23:01+00:00\" \/>\n<meta property=\"article:modified_time\" content=\"2022-01-08T15:41:28+00:00\" \/>\n<meta property=\"og:image\" content=\"https:\/\/blog.caule.com.br\/blog-2\/wp-content\/uploads\/2015\/07\/3453-capa-face-e1436378919674.jpg\" \/>\n\t<meta property=\"og:image:width\" content=\"800\" \/>\n\t<meta property=\"og:image:height\" content=\"443\" \/>\n\t<meta property=\"og:image:type\" content=\"image\/jpeg\" \/>\n<meta name=\"author\" content=\"Janine Schmitz\" \/>\n<meta name=\"twitter:card\" content=\"summary_large_image\" \/>\n<meta name=\"twitter:label1\" content=\"Escrito por\" \/>\n\t<meta name=\"twitter:data1\" content=\"Janine Schmitz\" \/>\n\t<meta name=\"twitter:label2\" content=\"Est. tempo de leitura\" \/>\n\t<meta name=\"twitter:data2\" content=\"3 minutos\" \/>\n<script type=\"application\/ld+json\" class=\"yoast-schema-graph\">{\"@context\":\"https:\\\/\\\/schema.org\",\"@graph\":[{\"@type\":\"Article\",\"@id\":\"https:\\\/\\\/blog.caule.com.br\\\/blog-2\\\/2015\\\/oleo-essencial-x-essencia\\\/#article\",\"isPartOf\":{\"@id\":\"https:\\\/\\\/blog.caule.com.br\\\/blog-2\\\/2015\\\/oleo-essencial-x-essencia\\\/\"},\"author\":{\"name\":\"Janine Schmitz\",\"@id\":\"https:\\\/\\\/blog.caule.com.br\\\/blog-2\\\/#\\\/schema\\\/person\\\/8da0d35def75a41f0bfc5549c0bef059\"},\"headline\":\"\u00d3leo Essencial X Ess\u00eancia\",\"datePublished\":\"2015-07-08T18:23:01+00:00\",\"dateModified\":\"2022-01-08T15:41:28+00:00\",\"mainEntityOfPage\":{\"@id\":\"https:\\\/\\\/blog.caule.com.br\\\/blog-2\\\/2015\\\/oleo-essencial-x-essencia\\\/\"},\"wordCount\":564,\"publisher\":{\"@id\":\"https:\\\/\\\/blog.caule.com.br\\\/blog-2\\\/#organization\"},\"image\":{\"@id\":\"https:\\\/\\\/blog.caule.com.br\\\/blog-2\\\/2015\\\/oleo-essencial-x-essencia\\\/#primaryimage\"},\"thumbnailUrl\":\"https:\\\/\\\/blog.caule.com.br\\\/blog-2\\\/wp-content\\\/uploads\\\/2015\\\/07\\\/3453-capa-face-e1436378919674.jpg\",\"keywords\":[\"aromaterapia\",\"ess\u00eancia\",\"natural\",\"\u00f3leo essencial\",\"oleo essencial \u00e9 natural\",\"\u00f3leo essencial \u00e9 vida\",\"oleo essencial organico\",\"produtos ecol\u00f3gicos\",\"tea tree\"],\"articleSection\":[\"\u00d3leos Essenciais\"],\"inLanguage\":\"pt-BR\"},{\"@type\":\"WebPage\",\"@id\":\"https:\\\/\\\/blog.caule.com.br\\\/blog-2\\\/2015\\\/oleo-essencial-x-essencia\\\/\",\"url\":\"https:\\\/\\\/blog.caule.com.br\\\/blog-2\\\/2015\\\/oleo-essencial-x-essencia\\\/\",\"name\":\"\u00d3leo Essencial X Ess\u00eancia - Blog\",\"isPartOf\":{\"@id\":\"https:\\\/\\\/blog.caule.com.br\\\/blog-2\\\/#website\"},\"primaryImageOfPage\":{\"@id\":\"https:\\\/\\\/blog.caule.com.br\\\/blog-2\\\/2015\\\/oleo-essencial-x-essencia\\\/#primaryimage\"},\"image\":{\"@id\":\"https:\\\/\\\/blog.caule.com.br\\\/blog-2\\\/2015\\\/oleo-essencial-x-essencia\\\/#primaryimage\"},\"thumbnailUrl\":\"https:\\\/\\\/blog.caule.com.br\\\/blog-2\\\/wp-content\\\/uploads\\\/2015\\\/07\\\/3453-capa-face-e1436378919674.jpg\",\"datePublished\":\"2015-07-08T18:23:01+00:00\",\"dateModified\":\"2022-01-08T15:41:28+00:00\",\"description\":\"Ess\u00eancia n\u00e3o \u00e9 igual a \u00f3leo essencial! As ess\u00eancias s\u00e3o artificiais e n\u00e3o trazem benef\u00edcios. Leia mais aqui, para n\u00e3o ser enganada!\",\"breadcrumb\":{\"@id\":\"https:\\\/\\\/blog.caule.com.br\\\/blog-2\\\/2015\\\/oleo-essencial-x-essencia\\\/#breadcrumb\"},\"inLanguage\":\"pt-BR\",\"potentialAction\":[{\"@type\":\"ReadAction\",\"target\":[\"https:\\\/\\\/blog.caule.com.br\\\/blog-2\\\/2015\\\/oleo-essencial-x-essencia\\\/\"]}]},{\"@type\":\"ImageObject\",\"inLanguage\":\"pt-BR\",\"@id\":\"https:\\\/\\\/blog.caule.com.br\\\/blog-2\\\/2015\\\/oleo-essencial-x-essencia\\\/#primaryimage\",\"url\":\"https:\\\/\\\/blog.caule.com.br\\\/blog-2\\\/wp-content\\\/uploads\\\/2015\\\/07\\\/3453-capa-face-e1436378919674.jpg\",\"contentUrl\":\"https:\\\/\\\/blog.caule.com.br\\\/blog-2\\\/wp-content\\\/uploads\\\/2015\\\/07\\\/3453-capa-face-e1436378919674.jpg\",\"width\":800,\"height\":443,\"caption\":\"\u00d3leo essencial de Lavanda\"},{\"@type\":\"BreadcrumbList\",\"@id\":\"https:\\\/\\\/blog.caule.com.br\\\/blog-2\\\/2015\\\/oleo-essencial-x-essencia\\\/#breadcrumb\",\"itemListElement\":[{\"@type\":\"ListItem\",\"position\":1,\"name\":\"Home\",\"item\":\"https:\\\/\\\/blog.caule.com.br\\\/blog-2\\\/\"},{\"@type\":\"ListItem\",\"position\":2,\"name\":\"\u00d3leo Essencial X Ess\u00eancia\"}]},{\"@type\":\"WebSite\",\"@id\":\"https:\\\/\\\/blog.caule.com.br\\\/blog-2\\\/#website\",\"url\":\"https:\\\/\\\/blog.caule.com.br\\\/blog-2\\\/\",\"name\":\"Blog\",\"description\":\"Caule eco.l\u00f3gicos\",\"publisher\":{\"@id\":\"https:\\\/\\\/blog.caule.com.br\\\/blog-2\\\/#organization\"},\"potentialAction\":[{\"@type\":\"SearchAction\",\"target\":{\"@type\":\"EntryPoint\",\"urlTemplate\":\"https:\\\/\\\/blog.caule.com.br\\\/blog-2\\\/?s={search_term_string}\"},\"query-input\":{\"@type\":\"PropertyValueSpecification\",\"valueRequired\":true,\"valueName\":\"search_term_string\"}}],\"inLanguage\":\"pt-BR\"},{\"@type\":\"Organization\",\"@id\":\"https:\\\/\\\/blog.caule.com.br\\\/blog-2\\\/#organization\",\"name\":\"Caule eco.l\u00f3gicos\",\"url\":\"https:\\\/\\\/blog.caule.com.br\\\/blog-2\\\/\",\"logo\":{\"@type\":\"ImageObject\",\"inLanguage\":\"pt-BR\",\"@id\":\"https:\\\/\\\/blog.caule.com.br\\\/blog-2\\\/#\\\/schema\\\/logo\\\/image\\\/\",\"url\":\"https:\\\/\\\/blog.caule.com.br\\\/blog-2\\\/wp-content\\\/uploads\\\/2015\\\/07\\\/caule_horizontal_w90.png\",\"contentUrl\":\"https:\\\/\\\/blog.caule.com.br\\\/blog-2\\\/wp-content\\\/uploads\\\/2015\\\/07\\\/caule_horizontal_w90.png\",\"width\":213,\"height\":90,\"caption\":\"Caule eco.l\u00f3gicos\"},\"image\":{\"@id\":\"https:\\\/\\\/blog.caule.com.br\\\/blog-2\\\/#\\\/schema\\\/logo\\\/image\\\/\"},\"sameAs\":[\"https:\\\/\\\/www.facebook.com\\\/CauleDistribuidora\",\"https:\\\/\\\/www.instagram.com\\\/caule.eco.logicos\\\/\",\"https:\\\/\\\/br.pinterest.com\\\/cauleecologicos\\\/\",\"https:\\\/\\\/www.youtube.com\\\/cauleecologicos\"]},{\"@type\":\"Person\",\"@id\":\"https:\\\/\\\/blog.caule.com.br\\\/blog-2\\\/#\\\/schema\\\/person\\\/8da0d35def75a41f0bfc5549c0bef059\",\"name\":\"Janine Schmitz\",\"image\":{\"@type\":\"ImageObject\",\"inLanguage\":\"pt-BR\",\"@id\":\"https:\\\/\\\/secure.gravatar.com\\\/avatar\\\/b9c54b94c1bbbe36daed6c9b6c5db43cef19697831bab8a68d461c78586cfe7c?s=96&d=mm&r=g\",\"url\":\"https:\\\/\\\/secure.gravatar.com\\\/avatar\\\/b9c54b94c1bbbe36daed6c9b6c5db43cef19697831bab8a68d461c78586cfe7c?s=96&d=mm&r=g\",\"contentUrl\":\"https:\\\/\\\/secure.gravatar.com\\\/avatar\\\/b9c54b94c1bbbe36daed6c9b6c5db43cef19697831bab8a68d461c78586cfe7c?s=96&d=mm&r=g\",\"caption\":\"Janine Schmitz\"},\"url\":\"https:\\\/\\\/blog.caule.com.br\\\/blog-2\\\/author\\\/janineschmitz\\\/\"}]}<\/script>\n<!-- \/ Yoast SEO plugin. -->","yoast_head_json":{"title":"\u00d3leo Essencial X Ess\u00eancia - Blog","description":"Ess\u00eancia n\u00e3o \u00e9 igual a \u00f3leo essencial! As ess\u00eancias s\u00e3o artificiais e n\u00e3o trazem benef\u00edcios. Leia mais aqui, para n\u00e3o ser enganada!","robots":{"index":"index","follow":"follow","max-snippet":"max-snippet:-1","max-image-preview":"max-image-preview:large","max-video-preview":"max-video-preview:-1"},"canonical":"https:\/\/blog.caule.com.br\/blog-2\/2015\/oleo-essencial-x-essencia\/","og_locale":"pt_BR","og_type":"article","og_title":"\u00d3leo Essencial X Ess\u00eancia - Blog","og_description":"Ess\u00eancia n\u00e3o \u00e9 igual a \u00f3leo essencial! As ess\u00eancias s\u00e3o artificiais e n\u00e3o trazem benef\u00edcios. Leia mais aqui, para n\u00e3o ser enganada!","og_url":"https:\/\/blog.caule.com.br\/blog-2\/2015\/oleo-essencial-x-essencia\/","og_site_name":"Blog","article_publisher":"https:\/\/www.facebook.com\/CauleDistribuidora","article_published_time":"2015-07-08T18:23:01+00:00","article_modified_time":"2022-01-08T15:41:28+00:00","og_image":[{"width":800,"height":443,"url":"https:\/\/blog.caule.com.br\/blog-2\/wp-content\/uploads\/2015\/07\/3453-capa-face-e1436378919674.jpg","type":"image\/jpeg"}],"author":"Janine Schmitz","twitter_card":"summary_large_image","twitter_misc":{"Escrito por":"Janine Schmitz","Est. tempo de leitura":"3 minutos"},"schema":{"@context":"https:\/\/schema.org","@graph":[{"@type":"Article","@id":"https:\/\/blog.caule.com.br\/blog-2\/2015\/oleo-essencial-x-essencia\/#article","isPartOf":{"@id":"https:\/\/blog.caule.com.br\/blog-2\/2015\/oleo-essencial-x-essencia\/"},"author":{"name":"Janine Schmitz","@id":"https:\/\/blog.caule.com.br\/blog-2\/#\/schema\/person\/8da0d35def75a41f0bfc5549c0bef059"},"headline":"\u00d3leo Essencial X Ess\u00eancia","datePublished":"2015-07-08T18:23:01+00:00","dateModified":"2022-01-08T15:41:28+00:00","mainEntityOfPage":{"@id":"https:\/\/blog.caule.com.br\/blog-2\/2015\/oleo-essencial-x-essencia\/"},"wordCount":564,"publisher":{"@id":"https:\/\/blog.caule.com.br\/blog-2\/#organization"},"image":{"@id":"https:\/\/blog.caule.com.br\/blog-2\/2015\/oleo-essencial-x-essencia\/#primaryimage"},"thumbnailUrl":"https:\/\/blog.caule.com.br\/blog-2\/wp-content\/uploads\/2015\/07\/3453-capa-face-e1436378919674.jpg","keywords":["aromaterapia","ess\u00eancia","natural","\u00f3leo essencial","oleo essencial \u00e9 natural","\u00f3leo essencial \u00e9 vida","oleo essencial organico","produtos ecol\u00f3gicos","tea tree"],"articleSection":["\u00d3leos Essenciais"],"inLanguage":"pt-BR"},{"@type":"WebPage","@id":"https:\/\/blog.caule.com.br\/blog-2\/2015\/oleo-essencial-x-essencia\/","url":"https:\/\/blog.caule.com.br\/blog-2\/2015\/oleo-essencial-x-essencia\/","name":"\u00d3leo Essencial X Ess\u00eancia - Blog","isPartOf":{"@id":"https:\/\/blog.caule.com.br\/blog-2\/#website"},"primaryImageOfPage":{"@id":"https:\/\/blog.caule.com.br\/blog-2\/2015\/oleo-essencial-x-essencia\/#primaryimage"},"image":{"@id":"https:\/\/blog.caule.com.br\/blog-2\/2015\/oleo-essencial-x-essencia\/#primaryimage"},"thumbnailUrl":"https:\/\/blog.caule.com.br\/blog-2\/wp-content\/uploads\/2015\/07\/3453-capa-face-e1436378919674.jpg","datePublished":"2015-07-08T18:23:01+00:00","dateModified":"2022-01-08T15:41:28+00:00","description":"Ess\u00eancia n\u00e3o \u00e9 igual a \u00f3leo essencial! As ess\u00eancias s\u00e3o artificiais e n\u00e3o trazem benef\u00edcios. Leia mais aqui, para n\u00e3o ser enganada!","breadcrumb":{"@id":"https:\/\/blog.caule.com.br\/blog-2\/2015\/oleo-essencial-x-essencia\/#breadcrumb"},"inLanguage":"pt-BR","potentialAction":[{"@type":"ReadAction","target":["https:\/\/blog.caule.com.br\/blog-2\/2015\/oleo-essencial-x-essencia\/"]}]},{"@type":"ImageObject","inLanguage":"pt-BR","@id":"https:\/\/blog.caule.com.br\/blog-2\/2015\/oleo-essencial-x-essencia\/#primaryimage","url":"https:\/\/blog.caule.com.br\/blog-2\/wp-content\/uploads\/2015\/07\/3453-capa-face-e1436378919674.jpg","contentUrl":"https:\/\/blog.caule.com.br\/blog-2\/wp-content\/uploads\/2015\/07\/3453-capa-face-e1436378919674.jpg","width":800,"height":443,"caption":"\u00d3leo essencial de Lavanda"},{"@type":"BreadcrumbList","@id":"https:\/\/blog.caule.com.br\/blog-2\/2015\/oleo-essencial-x-essencia\/#breadcrumb","itemListElement":[{"@type":"ListItem","position":1,"name":"Home","item":"https:\/\/blog.caule.com.br\/blog-2\/"},{"@type":"ListItem","position":2,"name":"\u00d3leo Essencial X Ess\u00eancia"}]},{"@type":"WebSite","@id":"https:\/\/blog.caule.com.br\/blog-2\/#website","url":"https:\/\/blog.caule.com.br\/blog-2\/","name":"Blog","description":"Caule eco.l\u00f3gicos","publisher":{"@id":"https:\/\/blog.caule.com.br\/blog-2\/#organization"},"potentialAction":[{"@type":"SearchAction","target":{"@type":"EntryPoint","urlTemplate":"https:\/\/blog.caule.com.br\/blog-2\/?s={search_term_string}"},"query-input":{"@type":"PropertyValueSpecification","valueRequired":true,"valueName":"search_term_string"}}],"inLanguage":"pt-BR"},{"@type":"Organization","@id":"https:\/\/blog.caule.com.br\/blog-2\/#organization","name":"Caule eco.l\u00f3gicos","url":"https:\/\/blog.caule.com.br\/blog-2\/","logo":{"@type":"ImageObject","inLanguage":"pt-BR","@id":"https:\/\/blog.caule.com.br\/blog-2\/#\/schema\/logo\/image\/","url":"https:\/\/blog.caule.com.br\/blog-2\/wp-content\/uploads\/2015\/07\/caule_horizontal_w90.png","contentUrl":"https:\/\/blog.caule.com.br\/blog-2\/wp-content\/uploads\/2015\/07\/caule_horizontal_w90.png","width":213,"height":90,"caption":"Caule eco.l\u00f3gicos"},"image":{"@id":"https:\/\/blog.caule.com.br\/blog-2\/#\/schema\/logo\/image\/"},"sameAs":["https:\/\/www.facebook.com\/CauleDistribuidora","https:\/\/www.instagram.com\/caule.eco.logicos\/","https:\/\/br.pinterest.com\/cauleecologicos\/","https:\/\/www.youtube.com\/cauleecologicos"]},{"@type":"Person","@id":"https:\/\/blog.caule.com.br\/blog-2\/#\/schema\/person\/8da0d35def75a41f0bfc5549c0bef059","name":"Janine Schmitz","image":{"@type":"ImageObject","inLanguage":"pt-BR","@id":"https:\/\/secure.gravatar.com\/avatar\/b9c54b94c1bbbe36daed6c9b6c5db43cef19697831bab8a68d461c78586cfe7c?s=96&d=mm&r=g","url":"https:\/\/secure.gravatar.com\/avatar\/b9c54b94c1bbbe36daed6c9b6c5db43cef19697831bab8a68d461c78586cfe7c?s=96&d=mm&r=g","contentUrl":"https:\/\/secure.gravatar.com\/avatar\/b9c54b94c1bbbe36daed6c9b6c5db43cef19697831bab8a68d461c78586cfe7c?s=96&d=mm&r=g","caption":"Janine Schmitz"},"url":"https:\/\/blog.caule.com.br\/blog-2\/author\/janineschmitz\/"}]}},"jetpack_featured_media_url":"https:\/\/blog.caule.com.br\/blog-2\/wp-content\/uploads\/2015\/07\/3453-capa-face-e1436378919674.jpg","jetpack_sharing_enabled":true,"_links":{"self":[{"href":"https:\/\/blog.caule.com.br\/blog-2\/wp-json\/wp\/v2\/posts\/108","targetHints":{"allow":["GET"]}}],"collection":[{"href":"https:\/\/blog.caule.com.br\/blog-2\/wp-json\/wp\/v2\/posts"}],"about":[{"href":"https:\/\/blog.caule.com.br\/blog-2\/wp-json\/wp\/v2\/types\/post"}],"author":[{"embeddable":true,"href":"https:\/\/blog.caule.com.br\/blog-2\/wp-json\/wp\/v2\/users\/2"}],"replies":[{"embeddable":true,"href":"https:\/\/blog.caule.com.br\/blog-2\/wp-json\/wp\/v2\/comments?post=108"}],"version-history":[{"count":8,"href":"https:\/\/blog.caule.com.br\/blog-2\/wp-json\/wp\/v2\/posts\/108\/revisions"}],"predecessor-version":[{"id":9247,"href":"https:\/\/blog.caule.com.br\/blog-2\/wp-json\/wp\/v2\/posts\/108\/revisions\/9247"}],"wp:featuredmedia":[{"embeddable":true,"href":"https:\/\/blog.caule.com.br\/blog-2\/wp-json\/wp\/v2\/media\/111"}],"wp:attachment":[{"href":"https:\/\/blog.caule.com.br\/blog-2\/wp-json\/wp\/v2\/media?parent=108"}],"wp:term":[{"taxonomy":"category","embeddable":true,"href":"https:\/\/blog.caule.com.br\/blog-2\/wp-json\/wp\/v2\/categories?post=108"},{"taxonomy":"post_tag","embeddable":true,"href":"https:\/\/blog.caule.com.br\/blog-2\/wp-json\/wp\/v2\/tags?post=108"}],"curies":[{"name":"wp","href":"https:\/\/api.w.org\/{rel}","templated":true}]}}