{"id":10248,"date":"2025-08-23T20:39:33","date_gmt":"2025-08-23T20:39:33","guid":{"rendered":"https:\/\/blog.caule.com.br\/blog-2\/?p=10248"},"modified":"2025-08-25T16:35:02","modified_gmt":"2025-08-25T16:35:02","slug":"prisao-de-ventre-ou-constipacao-intestinal","status":"publish","type":"post","link":"https:\/\/blog.caule.com.br\/blog-2\/2025\/prisao-de-ventre-ou-constipacao-intestinal\/","title":{"rendered":"Pris\u00e3o de Ventre ou Constipa\u00e7\u00e3o Intestinal"},"content":{"rendered":"<p><span style=\"font-weight: 400;\">Mais comum, entre n\u00f3s, mulheres, a pris\u00e3o de ventre ou constipa\u00e7\u00e3o intestinal acontece quando nosso corpo fica <strong>sem evacuar corretamente.<\/strong><\/span><\/p>\n<p><span style=\"font-weight: 400;\">J\u00e1 tive relatos de amigas que ficaram entre <strong>7 e 9 dias sem ir ao banheiro<\/strong>, fiquei assustada e comecei a pesquisar.<\/span><\/p>\n<p><span style=\"font-weight: 400;\">Meu intestino funciona todos os dias, pela <strong>ci\u00eancia do Ayurveda o ideal \u00e9 ir 2 vezes<\/strong> ou mais ao banheiro por dia. Estamos falando do n\u00famero 2, viu?<\/span><\/p>\n<p><span style=\"font-weight: 400;\">Alguns fatores podem ser a causa da pris\u00e3o de ventre, pela vis\u00e3o do Ayurveda se trata de <strong>Dosha Vata agravado ou secura intensa.<\/strong><\/span><\/p>\n<p><span style=\"font-weight: 400;\">Pode ser por causa de <strong>falta de hidrata\u00e7\u00e3o<\/strong> mesmo, uma pessoa que bebe pouca ou n\u00e3o bebe \u00e1gua.<\/span><\/p>\n<p><span style=\"font-weight: 400;\">Sim, tamb\u00e9m tive relatos de mulheres que n\u00e3o gostam de beber \u00e1gua. Preferem um suco ou refrigerante durante as refei\u00e7\u00f5es.<\/span><\/p>\n<p><span style=\"font-weight: 400;\">Mas n\u00e3o tem o h\u00e1bito de beber \u00e1gua durante o dia mesmo, n\u00e3o sabe carregar ou n\u00e3o foi orientada a ter uma garrafa e <strong>beber \u00e1gua o suficiente<\/strong> para manter o corpo hidratado.<\/span><\/p>\n<p><span style=\"font-weight: 400;\">Essa \u00e9 uma das poss\u00edveis causas da constipa\u00e7\u00e3o intestinal.<\/span><\/p>\n<h2><b>Alimenta\u00e7\u00e3o e Pris\u00e3o de Ventre \ud83e\udd51<\/b><\/h2>\n<p><span style=\"font-weight: 400;\">Outra quest\u00e3o da pris\u00e3o de ventre ou constipa\u00e7\u00e3o intestinal \u00e9 a alimenta\u00e7\u00e3o e o quanto de <strong>\u00f3leos vegetais com alto desempenho<\/strong> no organismo essa pessoa consome.<\/span><\/p>\n<p><span style=\"font-weight: 400;\">Em geral, somos ensinadas, a sermos <strong>\u201c\u00f3leof\u00f3bicas\u201d,<\/strong> ou seja, acreditar que \u00f3leo faz mal.<\/span><\/p>\n<p><span style=\"font-weight: 400;\">Mas pela sabedoria da medicina Ayurveda, <strong>\u00f3leo faz bem!<\/strong> N\u00e3o somente faz bem como \u00e9 necess\u00e1rio para o bom funcionamento do organismo.<\/span><\/p>\n<p><span style=\"font-weight: 400;\">Muito se fala sobre a <strong>ingest\u00e3o de fibras<\/strong> quando tem pris\u00e3o de ventre, sim precisamos de fibras sempre.<\/span><\/p>\n<p><span style=\"font-weight: 400;\">Mas quando o intestino t\u00e1 preso, n\u00e3o adianta somente a ingest\u00e3o de fibras. \u00c9 preciso hidratar esse corpo <strong>para que o tr\u00e2nsito intestinal flua<\/strong> e n\u00e3o fique estagnado.<\/span><\/p>\n<p><span style=\"font-weight: 400;\">A <strong>pris\u00e3o de ventre \u00e9 dolorida,<\/strong> imagine que as fezes v\u00e3o ficando amontoadas e duras, secas. E v\u00e3o raspando nas paredes do intestino, gerando um desconforto enorme.<\/span><\/p>\n<p><span style=\"font-weight: 400;\">Ou seja, nesse caso o \u00f3leo \u00e9 imprescind\u00edvel para <strong>ajudar esse tr\u00e2nsito intestinal fluir<\/strong> e a evacua\u00e7\u00e3o acontecer.<\/span><\/p>\n<p><span style=\"font-weight: 400;\">Ent\u00e3o ter uma <strong>alimenta\u00e7\u00e3o diversificada<\/strong>, com base principal de legumes, verduras, frutas e \u00f3leos vegetais com alto desempenho \u00e9 essencial <strong>para prevenir a pris\u00e3o de ventre.<\/strong><\/span><\/p>\n<p><span style=\"font-weight: 400;\">Mas quando a<strong> constipa\u00e7\u00e3o est\u00e1 acentuada, com v\u00e1rios dias sem ir ao banheiro,<\/strong> \u00e9 necess\u00e1rio ajudar esse corpo a evacuar e reduzir esse desconforto.<\/span><\/p>\n<h2><b>Por que voc\u00ea est\u00e1 tomando pl\u00e1stico como laxante?<\/b><\/h2>\n<p>Sabia que muitos laxantes industrializados cont\u00eam <strong>pl\u00e1stico sol\u00favel<\/strong> como ingrediente ativo? Isso mesmo.<\/p>\n<p>Um dos compostos mais utilizados atualmente \u00e9 o <strong>Polietilenoglicol 4000 (PEG 4000)<\/strong>, um derivado do petr\u00f3leo amplamente presente em medicamentos vendidos em farm\u00e1cias.<\/p>\n<p>Neste post, vou explicar o que \u00e9 o PEG 4000, por que ele est\u00e1 presente nos laxantes modernos e como o \u00f3leo de r\u00edcino da Caule oferece uma <strong>alternativa natural, eficaz e sustent\u00e1vel,<\/strong> baseada na <strong>medicina tradicional brasileira e ayurv\u00e9dica.<\/strong><\/p>\n<h2>\ud83e\udd14 O que \u00e9 PEG 4000 e por que ele est\u00e1 nos laxantes?<\/h2>\n<p>O <strong>Polietilenoglicol 4000<\/strong> \u00e9 um <strong>pol\u00edmero sint\u00e9tico derivado do petr\u00f3leo<\/strong>, tecnicamente classificado como um tipo de pl\u00e1stico sol\u00favel.<\/p>\n<p>Ele atua como <strong>laxante osm\u00f3tico,<\/strong> atraindo \u00e1gua para o intestino e facilitando a evacua\u00e7\u00e3o.<\/p>\n<p>Apesar de ser aprovado por \u00f3rg\u00e3os reguladores, seu uso levanta quest\u00f5es:<\/p>\n<ul>\n<li><strong>\u00c9 um pl\u00e1stico sol\u00favel no seu organismo;<\/strong><\/li>\n<li>Pode conter <strong>res\u00edduos t\u00f3xicos<\/strong> da produ\u00e7\u00e3o, como \u00f3xido de etileno;<\/li>\n<li><strong>N\u00e3o \u00e9 biodegrad\u00e1vel<\/strong> com facilidade;<\/li>\n<li>Pode ser <strong>absorvido parcialmente pelo corpo<\/strong> em usos cont\u00ednuos;<\/li>\n<li><strong>Contamina o meio ambiente<\/strong> ap\u00f3s excre\u00e7\u00e3o ou descarte.<\/li>\n<\/ul>\n<h2>\u26a0\ufe0f Riscos para a sa\u00fade e o meio ambiente<\/h2>\n<p>Embora vendido como &#8220;seguro&#8221;, o PEG 4000 tem efeitos pouco discutidos:<\/p>\n<ul>\n<li><strong>Uso cr\u00f4nico pode causar ac\u00famulo<\/strong> em pessoas com disfun\u00e7\u00f5es renais;<\/li>\n<li>\u00c9 um <strong>contaminante ambiental pl\u00e1stico<\/strong> que n\u00e3o se degrada facilmente;<\/li>\n<li>Pode <strong>afetar a vida aqu\u00e1tica e entrar na cadeia alimentar<\/strong>;<\/li>\n<li>Est\u00e1 longe de ser um ingrediente \u201cnatural\u201d ou ecol\u00f3gico.<\/li>\n<\/ul>\n<h2><b>Pris\u00e3o de Ventre Solu\u00e7\u00e3o R\u00e1pida \u00d3leo de R\u00edcino para Constipa\u00e7\u00e3o Intestinal<\/b><\/h2>\n<p>\ud83c\udf3f<strong> \u00d3leo de R\u00edcino:<\/strong> a alternativa natural e poderosa da Caule.\u00a0<span style=\"font-weight: 400;\">O \u00d3leo de R\u00edcino ou Mamona \u00e9 um<strong> laxante natural.<\/strong><\/span><\/p>\n<p><span style=\"font-weight: 400;\"> Al\u00e9m de ajudar na pris\u00e3o de ventre ou constipa\u00e7\u00e3o intestinal, ou seja, a mover o que estagnado no trato intestinal, <\/span>tamb\u00e9m <strong>remove toxinas<\/strong> do organismo.<\/p>\n<p>Na contram\u00e3o da ind\u00fastria que aposta no sint\u00e9tico, a <strong>Caule resgata o conhecimento tradicional<\/strong> com um produto natural, potente e seguro:<\/p>\n<ul>\n<li><strong>o \u00f3leo de r\u00edcino 100% puro e prensado a frio.<\/strong><\/li>\n<\/ul>\n<h2>\ud83d\udcda O que diz a tradi\u00e7\u00e3o e a ci\u00eancia?<\/h2>\n<p>A medicina ayurv\u00e9dica, tradicional da \u00cdndia, valoriza o <strong>\u00f3leo de r\u00edcino por sua capacidade de limpar o c\u00f3lon,<\/strong> equilibrar os doshas (especialmente Vata) e <strong>restaurar o fluxo natural<\/strong> do corpo.<\/p>\n<p>No Brasil, o uso do \u00f3leo de r\u00edcino \u00e9 passado de gera\u00e7\u00e3o em gera\u00e7\u00e3o como <strong>rem\u00e9dio popular seguro<\/strong> e eficaz \u2014 uma sabedoria que a Caule honra com responsabilidade e qualidade.<\/p>\n<p>Estudos modernos tamb\u00e9m <strong>confirmam sua efic\u00e1cia como laxante<\/strong> e sua seguran\u00e7a quando utilizado corretamente.<\/p>\n<h2>\u2714\ufe0f Por que escolher o \u00f3leo de r\u00edcino da Caule?<\/h2>\n<ul>\n<li>\ud83c\udf31 Origem vegetal e renov\u00e1vel.<br \/>\nExtra\u00eddo da planta Ricinus communis, cultivada sem qu\u00edmicos agressivos;<\/li>\n<li>\ud83c\udf0d Sustent\u00e1vel e biodegrad\u00e1vel.<br \/>\nN\u00e3o contamina o solo ou a \u00e1gua. Respeita o ciclo da natureza;<\/li>\n<li>\ud83e\uddd8\ud83c\udffd\u200d\u2642\ufe0f Baseado na medicina tradicional brasileira e na Ayurveda.<br \/>\nUtilizado h\u00e1 s\u00e9culos como laxante natural, anti-inflamat\u00f3rio e desintoxicante;<\/li>\n<li>\ud83e\uddea Sem aditivos, pl\u00e1sticos ou derivados de petr\u00f3leo.<br \/>\nDiferente dos laxantes industrializados, voc\u00ea sabe exatamente o que est\u00e1 consumindo;<\/li>\n<li>\ud83c\udf3f Versatilidade de uso.<br \/>\nAl\u00e9m do uso interno, o \u00f3leo de r\u00edcino da Caule tamb\u00e9m \u00e9 utilizado em <strong>rotinas de autocuidado capilar e massagens<\/strong> <strong>terap\u00eauticas.<\/strong><\/li>\n<\/ul>\n<h2>\ud83d\udc9a Por que continuar consumindo pl\u00e1stico quando a natureza oferece alternativas?<\/h2>\n<p>A escolha entre <strong>PEG 4000 e \u00f3leo de r\u00edcino<\/strong> n\u00e3o \u00e9 apenas sobre constipa\u00e7\u00e3o. \u00c9 sobre:<\/p>\n<ol>\n<li>O que colocamos no nosso corpo?<\/li>\n<li>O que deixamos no planeta?<\/li>\n<li>Quais valores estamos apoiando com nosso consumo?<\/li>\n<\/ol>\n<h2>\u2728 Conhe\u00e7a o \u00f3leo de r\u00edcino da Caule<\/h2>\n<p>Se voc\u00ea busca um <strong>laxante natural<\/strong>, alinhado com os <strong>princ\u00edpios da sustentabilidade, da medicina tradicional e do autocuidado consciente, o \u00f3leo de r\u00edcino da Caule<\/strong> \u00e9 a escolha certa.<\/p>\n<p><a href=\"https:\/\/caule.com.br\/produto-oleo-de-ricino-extra-virgem-ayurveda-caule-50ml-cau86\" target=\"_blank\" rel=\"noopener\"><img decoding=\"async\" class=\"size-large wp-image-10255 aligncenter\" src=\"https:\/\/blog.caule.com.br\/blog-2\/wp-content\/uploads\/2025\/08\/oleo-de-ricino-arte-1024x1024.jpg\" alt=\"\" width=\"800\" height=\"800\" srcset=\"https:\/\/blog.caule.com.br\/blog-2\/wp-content\/uploads\/2025\/08\/oleo-de-ricino-arte-1024x1024.jpg 1024w, https:\/\/blog.caule.com.br\/blog-2\/wp-content\/uploads\/2025\/08\/oleo-de-ricino-arte-300x300.jpg 300w, https:\/\/blog.caule.com.br\/blog-2\/wp-content\/uploads\/2025\/08\/oleo-de-ricino-arte-150x150.jpg 150w, https:\/\/blog.caule.com.br\/blog-2\/wp-content\/uploads\/2025\/08\/oleo-de-ricino-arte-768x768.jpg 768w, https:\/\/blog.caule.com.br\/blog-2\/wp-content\/uploads\/2025\/08\/oleo-de-ricino-arte.jpg 1080w\" sizes=\"(max-width: 800px) 100vw, 800px\" \/><\/a><br \/>\nS\u00e3o 50ml de <strong>\u00d3leo de R\u00edcino ou Mamona<\/strong>, de prensagem \u00e0 frio, ou seja, <strong>Extra Virgem<\/strong> envasado em <strong>frasco de vidro \u00e2mbar<\/strong> para <strong>preservar seus ativos<\/strong> naturais da luz.<\/p>\n<h2>Pris\u00e3o de ventre sintomas<\/h2>\n<p><span style=\"font-weight: 400;\">Quando a gente t\u00e1 constipada, <strong>as toxinas v\u00e3o se acumulando<\/strong> porque o corpo n\u00e3o evacua, ent\u00e3o junto com o <strong>desconforto<\/strong> pode vir <strong>dor de cabe\u00e7a ou enxaqueca.<\/strong><\/span><\/p>\n<p><span style=\"font-weight: 400;\">Isso demonstra ainda mais que o corpo est\u00e1 cheio de toxinas acumuladas, tomar o \u00f3leo de r\u00edcino <strong>vai ajudar tudo a fluir e expulsar as fezes.<\/strong><\/span><\/p>\n<p><span style=\"font-weight: 400;\">O ideal \u00e9 tomar <strong>1 colher de ch\u00e1 rasa de \u00f3leo de r\u00edcino \u00e0 noite<\/strong>, seguido de <strong>1 x\u00edcara do ch\u00e1 de gengibre quentinho<\/strong> e ir dormir.<\/span><\/p>\n<p><span style=\"font-weight: 400;\">\u00c9 prov\u00e1vel que de manh\u00e3 o <strong>intestino funcione e traga al\u00edvio<\/strong> no desconforto abdominal. Pode repetir por mais 2 dias para limpar o corpo das toxinas, somando um total de 3 dias consecutivos.<\/span><\/p>\n<p><strong>Aten\u00e7\u00e3o:<\/strong> \u00e9 importante ter <strong>supervis\u00e3o profissional,<\/strong> mesmo sendo um tratamento natural, sempre tenha algu\u00e9m <strong>capacitado para te orientar.<\/strong><\/p>\n<h3>Pris\u00e3o de ventre solu\u00e7\u00e3o r\u00e1pida<\/h3>\n<p><span style=\"font-weight: 400;\">Mas se o intestino ainda continuou preso, fa\u00e7a esse <strong>passo a passo:<\/strong><\/span><\/p>\n<ol>\n<li><span style=\"font-weight: 400;\"> \u00a0 \u00a0 \u00a0 <\/span><span style=\"font-weight: 400;\">Prepare um ch\u00e1 de gengibre bem forte, cerca de 1 e \u00bd x\u00edcara de \u00e1gua pra um peda\u00e7o de gengibre do tamanho do ded\u00e3o ralado e deixe ferver no fogo baixo por 10 minutos (liga o timer ou alarme pra n\u00e3o esquecer) tampe e reserve;<\/span><\/li>\n<li><span style=\"font-weight: 400;\"> \u00a0 \u00a0 \u00a0 <\/span><span style=\"font-weight: 400;\">Aplique cerca de 1 colher de ch\u00e1 de \u00f3leo de r\u00edcino morno na regi\u00e3o da barriga e massageie suavemente com movimentos circulares da direita pra esquerda at\u00e9 espalhar uniformemente o \u00f3leo ou perceber que a pele absorveu grande parte;<\/span><\/li>\n<li><span style=\"font-weight: 400;\"> \u00a0 \u00a0 \u00a0 <\/span><span style=\"font-weight: 400;\">Aplique uma compressa com o ch\u00e1 de gengibre quentinho na barriga (uma temperatura agrad\u00e1vel ao toque) com o aux\u00edlio de uma toalha de rosto bem embebida do ch\u00e1;<\/span><\/li>\n<li><span style=\"font-weight: 400;\"> \u00a0 \u00a0 \u00a0 <\/span><span style=\"font-weight: 400;\">Se puder embeber a toalha mais vezes no ch\u00e1 para que permane\u00e7a quentinha por mais tempo melhor.<\/span><\/li>\n<\/ol>\n<p><span style=\"font-weight: 400;\">O efeito laxante do \u00f3leo de r\u00edcino combinado com o ch\u00e1 de gengibre digestivo e quentinho atuam tamb\u00e9m no <strong>relaxamento do corpo<\/strong>, o que favorece a evacua\u00e7\u00e3o.<\/span><\/p>\n<p><span style=\"font-weight: 400;\">Por aqui tivemos relatos que super ajudou, <strong>espero que te ajude tamb\u00e9m!<\/strong><\/span><\/p>\n<h3><b>\u00d3leos vegetais com alto desempenho no organismo<\/b><\/h3>\n<p><span style=\"font-weight: 400;\">O <strong>consumo regular de \u00f3leos vegetais com alto desempenho<\/strong> no organismo ajuda <strong>prevenir a pris\u00e3o de ventre<\/strong> ou constipa\u00e7\u00e3o intestinal.<\/span><\/p>\n<p><span style=\"font-weight: 400;\">Mas \u00e9 importante escolher \u00f3leos de boa qualidade e proced\u00eancia, de prefer\u00eancia org\u00e2nicos. <strong>Quanto melhor o \u00f3leo, melhor ser\u00e1 o resultado<\/strong> esperado.<\/span><\/p>\n<p><span style=\"font-weight: 400;\">Temos \u00f3leos excelentes para adicionar na alimenta\u00e7\u00e3o e automassagem para <strong>garantir o bom funcionamento do trato intestinal.<\/strong><\/span><\/p>\n<h3><b>\u00d3leo de Gergelim Org\u00e2nico Ayurveda<\/b><\/h3>\n<p><span style=\"font-weight: 400;\">O \u00d3leo de Gergelim Org\u00e2nico Ayurveda<\/span> <span style=\"font-weight: 400;\">\u00e9 o mais indicado pela ci\u00eancia do Ayurveda para <strong>pacificar Dosha Vata, ou reduzir a secura e o frio.<\/strong><\/span><\/p>\n<p><span style=\"font-weight: 400;\">O \u00d3leo de Gergelim <strong>\u00e9 rico em c\u00e1lcio<\/strong> e v\u00e1rios outros minerais, promove a l<strong>ubrifica\u00e7\u00e3o das articula\u00e7\u00f5es, fortalecimento dos ossos e dentes.<\/strong><\/span><\/p>\n<p><a href=\"https:\/\/caule.com.br\/produto-oleo-de-gergelim-ayurveda-organico-caule-100ml-cau85\" target=\"_blank\" rel=\"noopener\"><img decoding=\"async\" class=\"size-large wp-image-10232 aligncenter\" src=\"https:\/\/blog.caule.com.br\/blog-2\/wp-content\/uploads\/2025\/07\/oleo-de-gergelim-ayurveda-organico-mao-1024x1024.jpg\" alt=\"\" width=\"800\" height=\"800\" srcset=\"https:\/\/blog.caule.com.br\/blog-2\/wp-content\/uploads\/2025\/07\/oleo-de-gergelim-ayurveda-organico-mao-1024x1024.jpg 1024w, https:\/\/blog.caule.com.br\/blog-2\/wp-content\/uploads\/2025\/07\/oleo-de-gergelim-ayurveda-organico-mao-300x300.jpg 300w, https:\/\/blog.caule.com.br\/blog-2\/wp-content\/uploads\/2025\/07\/oleo-de-gergelim-ayurveda-organico-mao-150x150.jpg 150w, https:\/\/blog.caule.com.br\/blog-2\/wp-content\/uploads\/2025\/07\/oleo-de-gergelim-ayurveda-organico-mao-768x768.jpg 768w, https:\/\/blog.caule.com.br\/blog-2\/wp-content\/uploads\/2025\/07\/oleo-de-gergelim-ayurveda-organico-mao.jpg 1080w\" sizes=\"(max-width: 800px) 100vw, 800px\" \/><\/a><\/p>\n<p><span style=\"font-weight: 400;\">Bem como, tem <strong>a\u00e7\u00e3o termog\u00eanica<\/strong> e ajuda a esquentar o corpo. Inclusive ajuda <strong>promover uma qualidade de sono<\/strong> melhor quando aplicado nos p\u00e9s antes de dormir.<\/span><\/p>\n<p><span style=\"font-weight: 400;\">Ent\u00e3o, pode caprichar na olea\u00e7\u00e3o ou automassagem di\u00e1ria com o \u00f3leo de gergelim para <strong>aumentar a hidrata\u00e7\u00e3o da pele, aquecer o corpo e prevenir a constipa\u00e7\u00e3o.<\/strong><\/span><\/p>\n<h3><b>\u00d3leo de Coco Org\u00e2nico e Extra Virgem Caule ajuda prevenir a Pris\u00e3o de Ventre<\/b><\/h3>\n<p><span style=\"font-weight: 400;\">O consumo regular do \u00d3leo de Coco Org\u00e2nico e Extra Virgem Caule ajuda a prevenir a Constipa\u00e7\u00e3o Intestinal devido sua concentra\u00e7\u00e3o<\/span><\/p>\n<p><span style=\"font-weight: 400;\">Inclusive, estudos relatam que o consumo di\u00e1rio de \u00d3leo de Coco ajuda melhorar as sinapses neurais, prevenindo e tratando o Alzheimer.<\/span><\/p>\n<p><span style=\"font-weight: 400;\">Diferente do \u00f3leo de gergelim, o \u00f3leo de coco tem a\u00e7\u00e3o refrescante no organismo. Sendo melhor utilizar na automassagem quando o tempo estiver mais quente, evitar no inverno.<\/span><\/p>\n<p><span style=\"font-weight: 400;\">O nosso \u00f3leo de coco tem acidez de 0,03% ou seja, baixa acidez. Sua qualidade fica evidente quando abre o potinho e logo vem o cheiro de coco fresco.<\/span><\/p>\n<p><a href=\"https:\/\/caule.com.br\/produto-oleo-de-coco-organico-e-extra-virgem-200ml-caule-cau51\" target=\"_blank\" rel=\"noopener\"><img decoding=\"async\" class=\"size-full wp-image-9794 aligncenter\" src=\"https:\/\/blog.caule.com.br\/blog-2\/wp-content\/uploads\/2021\/06\/beneficios-oleo-de-coco_tn.jpg\" alt=\"\" width=\"1000\" height=\"1000\" srcset=\"https:\/\/blog.caule.com.br\/blog-2\/wp-content\/uploads\/2021\/06\/beneficios-oleo-de-coco_tn.jpg 1000w, https:\/\/blog.caule.com.br\/blog-2\/wp-content\/uploads\/2021\/06\/beneficios-oleo-de-coco_tn-300x300.jpg 300w, https:\/\/blog.caule.com.br\/blog-2\/wp-content\/uploads\/2021\/06\/beneficios-oleo-de-coco_tn-150x150.jpg 150w, https:\/\/blog.caule.com.br\/blog-2\/wp-content\/uploads\/2021\/06\/beneficios-oleo-de-coco_tn-768x768.jpg 768w\" sizes=\"(max-width: 1000px) 100vw, 1000px\" \/><\/a><\/p>\n<p><span style=\"font-weight: 400;\">Ou seja, \u00e9 excelente tanto pra uso terap\u00eautico, cosm\u00e9tico e culin\u00e1ria. O melhor \u00e9 sempre ter dois potes em casa, um deixa pra comer, pode ser puro mesmo de colher.<\/span><\/p>\n<p><span style=\"font-weight: 400;\">Ou pode preparar um Bulletproofcofee que, al\u00e9m de delicioso, n\u00e3o afeta o jejum intermitente!<\/span><\/p>\n<p><span style=\"font-weight: 400;\">E o outro pote deixa somente para uso terap\u00eautico e est\u00e9tico. No ver\u00e3o ele \u00e9 o melhor p\u00f3s-sol porque refresca e hidrata a pele ao mesmo tempo.<\/span><\/p>\n<p><span style=\"font-weight: 400;\">Enfim, temos diversos \u00f3leos vegetais com alto desempenho pra gente se cuidar.<\/span><\/p>\n<p><span style=\"font-weight: 400;\"> <a href=\"https:\/\/caule.com.br\/categoria-raspador-de-lingua\/categoria-oleos-vegetais\" target=\"_blank\" rel=\"noopener\">Veja aqui todos \u00d3LEOS VEGETAIS que temos na loja.<\/a><\/span><\/p>\n<p><span style=\"font-weight: 400;\">Foquei somente nos \u00f3leos de r\u00edcino, gergelim e coco neste post justamente por serem os melhores para tratar e prevenir a pris\u00e3o de ventre ou constipa\u00e7\u00e3o intestinal.<\/span><\/p>\n<h3><b>\ud83d\udd01 Compartilhe esse conhecimento<\/b><\/h3>\n<p><span style=\"font-weight: 400;\"><strong>Informa\u00e7\u00e3o \u00e9 poder.<\/strong> Compartilhe este artigo com quem precisa <strong>repensar o uso de produtos sint\u00e9ticos<\/strong> e descobrir o poder das <strong>alternativas naturais.<\/strong><\/span><\/p>\n<h3><b>\ud83d\udcda Refer\u00eancias Cient\u00edficas\u00a0<\/b><\/h3>\n<h4><b>\ud83e\uddea Sobre o PEG 4000 e seus riscos<\/b><\/h4>\n<ol>\n<li style=\"font-weight: 400;\" aria-level=\"1\"><b>Toxicidade e metabolismo do PEG:<\/b>\n<ul>\n<li style=\"font-weight: 400;\" aria-level=\"2\"><span style=\"font-weight: 400;\">Rowe, R. C., Sheskey, P. J., &amp; Quinn, M. E. (2009). <\/span><i><span style=\"font-weight: 400;\">Handbook of Pharmaceutical Excipients<\/span><\/i><span style=\"font-weight: 400;\">. Pharmaceutical Press.<\/span><span style=\"font-weight: 400;\"><br \/>\n<\/span><span style=\"font-weight: 400;\">Use esta fonte para explicar que o PEG \u00e9 um pol\u00edmero sint\u00e9tico com uso farmac\u00eautico, mas com riscos associados a res\u00edduos de produ\u00e7\u00e3o.<\/span><\/li>\n<\/ul>\n<\/li>\n<li style=\"font-weight: 400;\" aria-level=\"1\"><b>Absor\u00e7\u00e3o e excre\u00e7\u00e3o:<\/b>\n<ul>\n<li style=\"font-weight: 400;\" aria-level=\"2\"><span style=\"font-weight: 400;\">Seibert, H., et al. (1996). &#8220;Polyethylene glycols: Comparative toxicokinetics and toxicological relevance&#8221;. <\/span><i><span style=\"font-weight: 400;\">Toxicology<\/span><\/i><span style=\"font-weight: 400;\">, 113(1), 199\u2013209.<\/span><span style=\"font-weight: 400;\"><br \/>\n<\/span><span style=\"font-weight: 400;\">Demonstra que o PEG pode ser absorvido em pequenas quantidades, dependendo do peso molecular.<\/span><\/li>\n<\/ul>\n<\/li>\n<li style=\"font-weight: 400;\" aria-level=\"1\"><b>Risco em pacientes com problemas renais:<\/b>\n<ul>\n<li style=\"font-weight: 400;\" aria-level=\"2\"><span style=\"font-weight: 400;\">Furlanetto, S., &amp; Cirri, M. (2018). \u201cPolyethylene glycol: Clinical and toxicological profile\u201d. <\/span><i><span style=\"font-weight: 400;\">Acta Biomed<\/span><\/i><span style=\"font-weight: 400;\">, 89(3), 460\u2013465.<\/span><span style=\"font-weight: 400;\"><br \/>\n<\/span><span style=\"font-weight: 400;\">Use ao discutir os efeitos adversos em popula\u00e7\u00f5es vulner\u00e1veis.<\/span><\/li>\n<\/ul>\n<\/li>\n<\/ol>\n<h4><b>\ud83c\udf0d Sobre o impacto ambiental dos polietilenoglic\u00f3is<\/b><\/h4>\n<ol>\n<li style=\"font-weight: 400;\" aria-level=\"1\"><b>Biodegradabilidade e contamina\u00e7\u00e3o ambiental:<\/b>\n<ul>\n<li style=\"font-weight: 400;\" aria-level=\"2\"><span style=\"font-weight: 400;\">K\u00fcmmerer, K. (2009). &#8220;The presence of pharmaceuticals in the environment due to human use \u2013 present knowledge and future challenges&#8221;. <\/span><i><span style=\"font-weight: 400;\">Journal of Environmental Management<\/span><\/i><span style=\"font-weight: 400;\">, 90(8), 2354\u20132366.<\/span><span style=\"font-weight: 400;\"><br \/>\n<\/span><span style=\"font-weight: 400;\">Pode ser usado para mostrar que PEGs s\u00e3o poluentes emergentes que resistem \u00e0 degrada\u00e7\u00e3o em esta\u00e7\u00f5es de tratamento.<\/span><\/li>\n<\/ul>\n<\/li>\n<li style=\"font-weight: 400;\" aria-level=\"1\"><b>Impacto ecol\u00f3gico de pol\u00edmeros sol\u00faveis:<\/b>\n<ul>\n<li style=\"font-weight: 400;\" aria-level=\"2\"><span style=\"font-weight: 400;\">Gauthier, J. M., et al. (2017). &#8220;Polymers in the environment: Environmental fate and potential effects on aquatic organisms&#8221;. <\/span><i><span style=\"font-weight: 400;\">Science of the Total Environment<\/span><\/i><span style=\"font-weight: 400;\">, 574, 1332\u20131343.<\/span><span style=\"font-weight: 400;\"><br \/>\n<\/span><span style=\"font-weight: 400;\">Apoia a cr\u00edtica ao descarte de PEGs no meio ambiente.<\/span><\/li>\n<\/ul>\n<\/li>\n<\/ol>\n<h4><b>\ud83c\udf3f Sobre o \u00f3leo de r\u00edcino como laxante natural<\/b><\/h4>\n<ol>\n<li style=\"font-weight: 400;\" aria-level=\"1\"><b>Uso tradicional e farmacol\u00f3gico do \u00f3leo de r\u00edcino:<\/b>\n<ul>\n<li style=\"font-weight: 400;\" aria-level=\"2\"><span style=\"font-weight: 400;\">Sharma, P. V. (1996). <\/span><i><span style=\"font-weight: 400;\">Dravyaguna Vijnana<\/span><\/i><span style=\"font-weight: 400;\"> (Materia Medica of Ayurveda). Chaukhamba Bharati Academy.<\/span><span style=\"font-weight: 400;\"><br \/>\n<\/span><span style=\"font-weight: 400;\">Use ao falar da base ayurv\u00e9dica do \u00f3leo de r\u00edcino.<\/span><\/li>\n<\/ul>\n<\/li>\n<li style=\"font-weight: 400;\" aria-level=\"1\"><b>Estudos farmacol\u00f3gicos modernos:<\/b>\n<ul>\n<li style=\"font-weight: 400;\" aria-level=\"2\"><span style=\"font-weight: 400;\">EMEA (European Medicines Agency). (2007). <\/span><i><span style=\"font-weight: 400;\">Castor Oil \u2013 Summary Report (Pharmacovigilance)<\/span><\/i><span style=\"font-weight: 400;\">.<\/span><span style=\"font-weight: 400;\"><br \/>\n<\/span><span style=\"font-weight: 400;\">Documento europeu que reconhece o uso seguro do \u00f3leo de r\u00edcino como laxante.<\/span><\/li>\n<\/ul>\n<\/li>\n<li style=\"font-weight: 400;\" aria-level=\"1\"><b>Avalia\u00e7\u00e3o de efic\u00e1cia:<\/b>\n<ul>\n<li style=\"font-weight: 400;\" aria-level=\"2\"><span style=\"font-weight: 400;\">Nishikawa, Y., et al. (2001). \u201cLaxative effect of castor oil is associated with induction of aquaporin-3 in the colon\u201d. <\/span><i><span style=\"font-weight: 400;\">Biochemical and Biophysical Research Communications<\/span><\/i><span style=\"font-weight: 400;\">, 297(4), 1118\u20131124.<\/span><span style=\"font-weight: 400;\"><br \/>\n<\/span><span style=\"font-weight: 400;\">Demonstra que o \u00f3leo de r\u00edcino tem a\u00e7\u00e3o comprovada na fun\u00e7\u00e3o intestinal.<\/span><\/li>\n<\/ul>\n<\/li>\n<\/ol>\n","protected":false},"excerpt":{"rendered":"<p>Mais comum, entre n\u00f3s, mulheres, a pris\u00e3o de ventre ou constipa\u00e7\u00e3o intestinal acontece quando nosso corpo fica sem evacuar corretamente.<\/p>\n","protected":false},"author":2,"featured_media":10257,"comment_status":"open","ping_status":"open","sticky":false,"template":"","format":"standard","meta":{"colormag_page_container_layout":"default_layout","colormag_page_sidebar_layout":"default_layout","_jetpack_memberships_contains_paid_content":false,"footnotes":""},"categories":[1544,30,31,72,37,76,65,69],"tags":[1922,1926,1925,1919,1917,1920,1918,1921,1923,1924],"class_list":["post-10248","post","type-post","status-publish","format-standard","has-post-thumbnail","hentry","category-ayurveda","category-consumo-consciente","category-cosmeticos-naturais","category-cosmeticos-veganos","category-estilo-de-vida-ecologico","category-males-dos-cosmeticos-convencionais","category-saude-e-beleza-integral","category-terapias","tag-constipacao-intestinal","tag-constipacao-intestinal-grave","tag-constipacao-intestinal-sintomas","tag-laxante-ayurvedico","tag-laxante-natural","tag-laxante-sem-plastico","tag-oleo-de-ricino","tag-oleo-de-ricino-laxante-natural","tag-prisao-de-ventre","tag-prisao-de-ventre-sintomas"],"yoast_head":"<!-- This site is optimized with the Yoast SEO plugin v27.5 - https:\/\/yoast.com\/product\/yoast-seo-wordpress\/ -->\n<title>Pris\u00e3o de Ventre ou Constipa\u00e7\u00e3o Intestinal - Blog<\/title>\n<meta name=\"description\" content=\"Tive relatos de amigas que ficaram entre 7 e 9 dias sem ir ao banheiro, com pris\u00e3o de ventre ou constipa\u00e7\u00e3o intestinal, fui pesquisar!\" \/>\n<meta name=\"robots\" content=\"index, follow, max-snippet:-1, max-image-preview:large, max-video-preview:-1\" \/>\n<link rel=\"canonical\" href=\"https:\/\/blog.caule.com.br\/blog-2\/2025\/prisao-de-ventre-ou-constipacao-intestinal\/\" \/>\n<meta property=\"og:locale\" content=\"pt_BR\" \/>\n<meta property=\"og:type\" content=\"article\" \/>\n<meta property=\"og:title\" content=\"Pris\u00e3o de Ventre ou Constipa\u00e7\u00e3o Intestinal - Blog\" \/>\n<meta property=\"og:description\" content=\"Tive relatos de amigas que ficaram entre 7 e 9 dias sem ir ao banheiro, com pris\u00e3o de ventre ou constipa\u00e7\u00e3o intestinal, fui pesquisar!\" \/>\n<meta property=\"og:url\" content=\"https:\/\/blog.caule.com.br\/blog-2\/2025\/prisao-de-ventre-ou-constipacao-intestinal\/\" \/>\n<meta property=\"og:site_name\" content=\"Blog\" \/>\n<meta property=\"article:publisher\" content=\"https:\/\/www.facebook.com\/CauleDistribuidora\" \/>\n<meta property=\"article:published_time\" content=\"2025-08-23T20:39:33+00:00\" \/>\n<meta property=\"article:modified_time\" content=\"2025-08-25T16:35:02+00:00\" \/>\n<meta property=\"og:image\" content=\"https:\/\/blog.caule.com.br\/blog-2\/wp-content\/uploads\/2025\/08\/prisao-de-ventre.jpg\" \/>\n\t<meta property=\"og:image:width\" content=\"1280\" \/>\n\t<meta property=\"og:image:height\" content=\"720\" \/>\n\t<meta property=\"og:image:type\" content=\"image\/jpeg\" \/>\n<meta name=\"author\" content=\"Janine Schmitz\" \/>\n<meta name=\"twitter:card\" content=\"summary_large_image\" \/>\n<meta name=\"twitter:label1\" content=\"Escrito por\" \/>\n\t<meta name=\"twitter:data1\" content=\"Janine Schmitz\" \/>\n\t<meta name=\"twitter:label2\" content=\"Est. tempo de leitura\" \/>\n\t<meta name=\"twitter:data2\" content=\"13 minutos\" \/>\n<script type=\"application\/ld+json\" class=\"yoast-schema-graph\">{\"@context\":\"https:\\\/\\\/schema.org\",\"@graph\":[{\"@type\":\"Article\",\"@id\":\"https:\\\/\\\/blog.caule.com.br\\\/blog-2\\\/2025\\\/prisao-de-ventre-ou-constipacao-intestinal\\\/#article\",\"isPartOf\":{\"@id\":\"https:\\\/\\\/blog.caule.com.br\\\/blog-2\\\/2025\\\/prisao-de-ventre-ou-constipacao-intestinal\\\/\"},\"author\":{\"name\":\"Janine Schmitz\",\"@id\":\"https:\\\/\\\/blog.caule.com.br\\\/blog-2\\\/#\\\/schema\\\/person\\\/8da0d35def75a41f0bfc5549c0bef059\"},\"headline\":\"Pris\u00e3o de Ventre ou Constipa\u00e7\u00e3o Intestinal\",\"datePublished\":\"2025-08-23T20:39:33+00:00\",\"dateModified\":\"2025-08-25T16:35:02+00:00\",\"mainEntityOfPage\":{\"@id\":\"https:\\\/\\\/blog.caule.com.br\\\/blog-2\\\/2025\\\/prisao-de-ventre-ou-constipacao-intestinal\\\/\"},\"wordCount\":2224,\"commentCount\":0,\"publisher\":{\"@id\":\"https:\\\/\\\/blog.caule.com.br\\\/blog-2\\\/#organization\"},\"image\":{\"@id\":\"https:\\\/\\\/blog.caule.com.br\\\/blog-2\\\/2025\\\/prisao-de-ventre-ou-constipacao-intestinal\\\/#primaryimage\"},\"thumbnailUrl\":\"https:\\\/\\\/blog.caule.com.br\\\/blog-2\\\/wp-content\\\/uploads\\\/2025\\\/08\\\/prisao-de-ventre.jpg\",\"keywords\":[\"constipa\u00e7\u00e3o intestinal\",\"constipa\u00e7\u00e3o intestinal grave\",\"constipa\u00e7\u00e3o intestinal sintomas\",\"Laxante ayurv\u00e9dico\",\"Laxante natural\",\"Laxante sem pl\u00e1stico\",\"\u00d3leo de r\u00edcino\",\"\u00f3leo de r\u00edcino laxante natural\",\"pris\u00e3o de ventre\",\"pris\u00e3o de ventre sintomas\"],\"articleSection\":[\"Ayurveda\",\"Consumo Consciente\",\"Cosm\u00e9ticos Naturais\",\"Cosm\u00e9ticos Veganos\",\"Estilo de Vida Ecol\u00f3gico\",\"Males dos Cosm\u00e9ticos Convencionais\",\"Sa\u00fade e Beleza Integral\",\"Terapias\"],\"inLanguage\":\"pt-BR\",\"potentialAction\":[{\"@type\":\"CommentAction\",\"name\":\"Comment\",\"target\":[\"https:\\\/\\\/blog.caule.com.br\\\/blog-2\\\/2025\\\/prisao-de-ventre-ou-constipacao-intestinal\\\/#respond\"]}]},{\"@type\":\"WebPage\",\"@id\":\"https:\\\/\\\/blog.caule.com.br\\\/blog-2\\\/2025\\\/prisao-de-ventre-ou-constipacao-intestinal\\\/\",\"url\":\"https:\\\/\\\/blog.caule.com.br\\\/blog-2\\\/2025\\\/prisao-de-ventre-ou-constipacao-intestinal\\\/\",\"name\":\"Pris\u00e3o de Ventre ou Constipa\u00e7\u00e3o Intestinal - Blog\",\"isPartOf\":{\"@id\":\"https:\\\/\\\/blog.caule.com.br\\\/blog-2\\\/#website\"},\"primaryImageOfPage\":{\"@id\":\"https:\\\/\\\/blog.caule.com.br\\\/blog-2\\\/2025\\\/prisao-de-ventre-ou-constipacao-intestinal\\\/#primaryimage\"},\"image\":{\"@id\":\"https:\\\/\\\/blog.caule.com.br\\\/blog-2\\\/2025\\\/prisao-de-ventre-ou-constipacao-intestinal\\\/#primaryimage\"},\"thumbnailUrl\":\"https:\\\/\\\/blog.caule.com.br\\\/blog-2\\\/wp-content\\\/uploads\\\/2025\\\/08\\\/prisao-de-ventre.jpg\",\"datePublished\":\"2025-08-23T20:39:33+00:00\",\"dateModified\":\"2025-08-25T16:35:02+00:00\",\"description\":\"Tive relatos de amigas que ficaram entre 7 e 9 dias sem ir ao banheiro, com pris\u00e3o de ventre ou constipa\u00e7\u00e3o intestinal, fui pesquisar!\",\"breadcrumb\":{\"@id\":\"https:\\\/\\\/blog.caule.com.br\\\/blog-2\\\/2025\\\/prisao-de-ventre-ou-constipacao-intestinal\\\/#breadcrumb\"},\"inLanguage\":\"pt-BR\",\"potentialAction\":[{\"@type\":\"ReadAction\",\"target\":[\"https:\\\/\\\/blog.caule.com.br\\\/blog-2\\\/2025\\\/prisao-de-ventre-ou-constipacao-intestinal\\\/\"]}]},{\"@type\":\"ImageObject\",\"inLanguage\":\"pt-BR\",\"@id\":\"https:\\\/\\\/blog.caule.com.br\\\/blog-2\\\/2025\\\/prisao-de-ventre-ou-constipacao-intestinal\\\/#primaryimage\",\"url\":\"https:\\\/\\\/blog.caule.com.br\\\/blog-2\\\/wp-content\\\/uploads\\\/2025\\\/08\\\/prisao-de-ventre.jpg\",\"contentUrl\":\"https:\\\/\\\/blog.caule.com.br\\\/blog-2\\\/wp-content\\\/uploads\\\/2025\\\/08\\\/prisao-de-ventre.jpg\",\"width\":1280,\"height\":720,\"caption\":\"falar sobre constipa\u00e7\u00e3o Intestinal\"},{\"@type\":\"BreadcrumbList\",\"@id\":\"https:\\\/\\\/blog.caule.com.br\\\/blog-2\\\/2025\\\/prisao-de-ventre-ou-constipacao-intestinal\\\/#breadcrumb\",\"itemListElement\":[{\"@type\":\"ListItem\",\"position\":1,\"name\":\"Home\",\"item\":\"https:\\\/\\\/blog.caule.com.br\\\/blog-2\\\/\"},{\"@type\":\"ListItem\",\"position\":2,\"name\":\"Pris\u00e3o de Ventre ou Constipa\u00e7\u00e3o Intestinal\"}]},{\"@type\":\"WebSite\",\"@id\":\"https:\\\/\\\/blog.caule.com.br\\\/blog-2\\\/#website\",\"url\":\"https:\\\/\\\/blog.caule.com.br\\\/blog-2\\\/\",\"name\":\"Blog\",\"description\":\"Caule eco.l\u00f3gicos\",\"publisher\":{\"@id\":\"https:\\\/\\\/blog.caule.com.br\\\/blog-2\\\/#organization\"},\"potentialAction\":[{\"@type\":\"SearchAction\",\"target\":{\"@type\":\"EntryPoint\",\"urlTemplate\":\"https:\\\/\\\/blog.caule.com.br\\\/blog-2\\\/?s={search_term_string}\"},\"query-input\":{\"@type\":\"PropertyValueSpecification\",\"valueRequired\":true,\"valueName\":\"search_term_string\"}}],\"inLanguage\":\"pt-BR\"},{\"@type\":\"Organization\",\"@id\":\"https:\\\/\\\/blog.caule.com.br\\\/blog-2\\\/#organization\",\"name\":\"Caule eco.l\u00f3gicos\",\"url\":\"https:\\\/\\\/blog.caule.com.br\\\/blog-2\\\/\",\"logo\":{\"@type\":\"ImageObject\",\"inLanguage\":\"pt-BR\",\"@id\":\"https:\\\/\\\/blog.caule.com.br\\\/blog-2\\\/#\\\/schema\\\/logo\\\/image\\\/\",\"url\":\"https:\\\/\\\/blog.caule.com.br\\\/blog-2\\\/wp-content\\\/uploads\\\/2015\\\/07\\\/caule_horizontal_w90.png\",\"contentUrl\":\"https:\\\/\\\/blog.caule.com.br\\\/blog-2\\\/wp-content\\\/uploads\\\/2015\\\/07\\\/caule_horizontal_w90.png\",\"width\":213,\"height\":90,\"caption\":\"Caule eco.l\u00f3gicos\"},\"image\":{\"@id\":\"https:\\\/\\\/blog.caule.com.br\\\/blog-2\\\/#\\\/schema\\\/logo\\\/image\\\/\"},\"sameAs\":[\"https:\\\/\\\/www.facebook.com\\\/CauleDistribuidora\",\"https:\\\/\\\/www.instagram.com\\\/caule.eco.logicos\\\/\",\"https:\\\/\\\/br.pinterest.com\\\/cauleecologicos\\\/\",\"https:\\\/\\\/www.youtube.com\\\/cauleecologicos\"]},{\"@type\":\"Person\",\"@id\":\"https:\\\/\\\/blog.caule.com.br\\\/blog-2\\\/#\\\/schema\\\/person\\\/8da0d35def75a41f0bfc5549c0bef059\",\"name\":\"Janine Schmitz\",\"image\":{\"@type\":\"ImageObject\",\"inLanguage\":\"pt-BR\",\"@id\":\"https:\\\/\\\/secure.gravatar.com\\\/avatar\\\/b9c54b94c1bbbe36daed6c9b6c5db43cef19697831bab8a68d461c78586cfe7c?s=96&d=mm&r=g\",\"url\":\"https:\\\/\\\/secure.gravatar.com\\\/avatar\\\/b9c54b94c1bbbe36daed6c9b6c5db43cef19697831bab8a68d461c78586cfe7c?s=96&d=mm&r=g\",\"contentUrl\":\"https:\\\/\\\/secure.gravatar.com\\\/avatar\\\/b9c54b94c1bbbe36daed6c9b6c5db43cef19697831bab8a68d461c78586cfe7c?s=96&d=mm&r=g\",\"caption\":\"Janine Schmitz\"},\"url\":\"https:\\\/\\\/blog.caule.com.br\\\/blog-2\\\/author\\\/janineschmitz\\\/\"}]}<\/script>\n<!-- \/ Yoast SEO plugin. -->","yoast_head_json":{"title":"Pris\u00e3o de Ventre ou Constipa\u00e7\u00e3o Intestinal - Blog","description":"Tive relatos de amigas que ficaram entre 7 e 9 dias sem ir ao banheiro, com pris\u00e3o de ventre ou constipa\u00e7\u00e3o intestinal, fui pesquisar!","robots":{"index":"index","follow":"follow","max-snippet":"max-snippet:-1","max-image-preview":"max-image-preview:large","max-video-preview":"max-video-preview:-1"},"canonical":"https:\/\/blog.caule.com.br\/blog-2\/2025\/prisao-de-ventre-ou-constipacao-intestinal\/","og_locale":"pt_BR","og_type":"article","og_title":"Pris\u00e3o de Ventre ou Constipa\u00e7\u00e3o Intestinal - Blog","og_description":"Tive relatos de amigas que ficaram entre 7 e 9 dias sem ir ao banheiro, com pris\u00e3o de ventre ou constipa\u00e7\u00e3o intestinal, fui pesquisar!","og_url":"https:\/\/blog.caule.com.br\/blog-2\/2025\/prisao-de-ventre-ou-constipacao-intestinal\/","og_site_name":"Blog","article_publisher":"https:\/\/www.facebook.com\/CauleDistribuidora","article_published_time":"2025-08-23T20:39:33+00:00","article_modified_time":"2025-08-25T16:35:02+00:00","og_image":[{"width":1280,"height":720,"url":"https:\/\/blog.caule.com.br\/blog-2\/wp-content\/uploads\/2025\/08\/prisao-de-ventre.jpg","type":"image\/jpeg"}],"author":"Janine Schmitz","twitter_card":"summary_large_image","twitter_misc":{"Escrito por":"Janine Schmitz","Est. tempo de leitura":"13 minutos"},"schema":{"@context":"https:\/\/schema.org","@graph":[{"@type":"Article","@id":"https:\/\/blog.caule.com.br\/blog-2\/2025\/prisao-de-ventre-ou-constipacao-intestinal\/#article","isPartOf":{"@id":"https:\/\/blog.caule.com.br\/blog-2\/2025\/prisao-de-ventre-ou-constipacao-intestinal\/"},"author":{"name":"Janine Schmitz","@id":"https:\/\/blog.caule.com.br\/blog-2\/#\/schema\/person\/8da0d35def75a41f0bfc5549c0bef059"},"headline":"Pris\u00e3o de Ventre ou Constipa\u00e7\u00e3o Intestinal","datePublished":"2025-08-23T20:39:33+00:00","dateModified":"2025-08-25T16:35:02+00:00","mainEntityOfPage":{"@id":"https:\/\/blog.caule.com.br\/blog-2\/2025\/prisao-de-ventre-ou-constipacao-intestinal\/"},"wordCount":2224,"commentCount":0,"publisher":{"@id":"https:\/\/blog.caule.com.br\/blog-2\/#organization"},"image":{"@id":"https:\/\/blog.caule.com.br\/blog-2\/2025\/prisao-de-ventre-ou-constipacao-intestinal\/#primaryimage"},"thumbnailUrl":"https:\/\/blog.caule.com.br\/blog-2\/wp-content\/uploads\/2025\/08\/prisao-de-ventre.jpg","keywords":["constipa\u00e7\u00e3o intestinal","constipa\u00e7\u00e3o intestinal grave","constipa\u00e7\u00e3o intestinal sintomas","Laxante ayurv\u00e9dico","Laxante natural","Laxante sem pl\u00e1stico","\u00d3leo de r\u00edcino","\u00f3leo de r\u00edcino laxante natural","pris\u00e3o de ventre","pris\u00e3o de ventre sintomas"],"articleSection":["Ayurveda","Consumo Consciente","Cosm\u00e9ticos Naturais","Cosm\u00e9ticos Veganos","Estilo de Vida Ecol\u00f3gico","Males dos Cosm\u00e9ticos Convencionais","Sa\u00fade e Beleza Integral","Terapias"],"inLanguage":"pt-BR","potentialAction":[{"@type":"CommentAction","name":"Comment","target":["https:\/\/blog.caule.com.br\/blog-2\/2025\/prisao-de-ventre-ou-constipacao-intestinal\/#respond"]}]},{"@type":"WebPage","@id":"https:\/\/blog.caule.com.br\/blog-2\/2025\/prisao-de-ventre-ou-constipacao-intestinal\/","url":"https:\/\/blog.caule.com.br\/blog-2\/2025\/prisao-de-ventre-ou-constipacao-intestinal\/","name":"Pris\u00e3o de Ventre ou Constipa\u00e7\u00e3o Intestinal - Blog","isPartOf":{"@id":"https:\/\/blog.caule.com.br\/blog-2\/#website"},"primaryImageOfPage":{"@id":"https:\/\/blog.caule.com.br\/blog-2\/2025\/prisao-de-ventre-ou-constipacao-intestinal\/#primaryimage"},"image":{"@id":"https:\/\/blog.caule.com.br\/blog-2\/2025\/prisao-de-ventre-ou-constipacao-intestinal\/#primaryimage"},"thumbnailUrl":"https:\/\/blog.caule.com.br\/blog-2\/wp-content\/uploads\/2025\/08\/prisao-de-ventre.jpg","datePublished":"2025-08-23T20:39:33+00:00","dateModified":"2025-08-25T16:35:02+00:00","description":"Tive relatos de amigas que ficaram entre 7 e 9 dias sem ir ao banheiro, com pris\u00e3o de ventre ou constipa\u00e7\u00e3o intestinal, fui pesquisar!","breadcrumb":{"@id":"https:\/\/blog.caule.com.br\/blog-2\/2025\/prisao-de-ventre-ou-constipacao-intestinal\/#breadcrumb"},"inLanguage":"pt-BR","potentialAction":[{"@type":"ReadAction","target":["https:\/\/blog.caule.com.br\/blog-2\/2025\/prisao-de-ventre-ou-constipacao-intestinal\/"]}]},{"@type":"ImageObject","inLanguage":"pt-BR","@id":"https:\/\/blog.caule.com.br\/blog-2\/2025\/prisao-de-ventre-ou-constipacao-intestinal\/#primaryimage","url":"https:\/\/blog.caule.com.br\/blog-2\/wp-content\/uploads\/2025\/08\/prisao-de-ventre.jpg","contentUrl":"https:\/\/blog.caule.com.br\/blog-2\/wp-content\/uploads\/2025\/08\/prisao-de-ventre.jpg","width":1280,"height":720,"caption":"falar sobre constipa\u00e7\u00e3o Intestinal"},{"@type":"BreadcrumbList","@id":"https:\/\/blog.caule.com.br\/blog-2\/2025\/prisao-de-ventre-ou-constipacao-intestinal\/#breadcrumb","itemListElement":[{"@type":"ListItem","position":1,"name":"Home","item":"https:\/\/blog.caule.com.br\/blog-2\/"},{"@type":"ListItem","position":2,"name":"Pris\u00e3o de Ventre ou Constipa\u00e7\u00e3o Intestinal"}]},{"@type":"WebSite","@id":"https:\/\/blog.caule.com.br\/blog-2\/#website","url":"https:\/\/blog.caule.com.br\/blog-2\/","name":"Blog","description":"Caule eco.l\u00f3gicos","publisher":{"@id":"https:\/\/blog.caule.com.br\/blog-2\/#organization"},"potentialAction":[{"@type":"SearchAction","target":{"@type":"EntryPoint","urlTemplate":"https:\/\/blog.caule.com.br\/blog-2\/?s={search_term_string}"},"query-input":{"@type":"PropertyValueSpecification","valueRequired":true,"valueName":"search_term_string"}}],"inLanguage":"pt-BR"},{"@type":"Organization","@id":"https:\/\/blog.caule.com.br\/blog-2\/#organization","name":"Caule eco.l\u00f3gicos","url":"https:\/\/blog.caule.com.br\/blog-2\/","logo":{"@type":"ImageObject","inLanguage":"pt-BR","@id":"https:\/\/blog.caule.com.br\/blog-2\/#\/schema\/logo\/image\/","url":"https:\/\/blog.caule.com.br\/blog-2\/wp-content\/uploads\/2015\/07\/caule_horizontal_w90.png","contentUrl":"https:\/\/blog.caule.com.br\/blog-2\/wp-content\/uploads\/2015\/07\/caule_horizontal_w90.png","width":213,"height":90,"caption":"Caule eco.l\u00f3gicos"},"image":{"@id":"https:\/\/blog.caule.com.br\/blog-2\/#\/schema\/logo\/image\/"},"sameAs":["https:\/\/www.facebook.com\/CauleDistribuidora","https:\/\/www.instagram.com\/caule.eco.logicos\/","https:\/\/br.pinterest.com\/cauleecologicos\/","https:\/\/www.youtube.com\/cauleecologicos"]},{"@type":"Person","@id":"https:\/\/blog.caule.com.br\/blog-2\/#\/schema\/person\/8da0d35def75a41f0bfc5549c0bef059","name":"Janine Schmitz","image":{"@type":"ImageObject","inLanguage":"pt-BR","@id":"https:\/\/secure.gravatar.com\/avatar\/b9c54b94c1bbbe36daed6c9b6c5db43cef19697831bab8a68d461c78586cfe7c?s=96&d=mm&r=g","url":"https:\/\/secure.gravatar.com\/avatar\/b9c54b94c1bbbe36daed6c9b6c5db43cef19697831bab8a68d461c78586cfe7c?s=96&d=mm&r=g","contentUrl":"https:\/\/secure.gravatar.com\/avatar\/b9c54b94c1bbbe36daed6c9b6c5db43cef19697831bab8a68d461c78586cfe7c?s=96&d=mm&r=g","caption":"Janine Schmitz"},"url":"https:\/\/blog.caule.com.br\/blog-2\/author\/janineschmitz\/"}]}},"jetpack_featured_media_url":"https:\/\/blog.caule.com.br\/blog-2\/wp-content\/uploads\/2025\/08\/prisao-de-ventre.jpg","jetpack_sharing_enabled":true,"_links":{"self":[{"href":"https:\/\/blog.caule.com.br\/blog-2\/wp-json\/wp\/v2\/posts\/10248","targetHints":{"allow":["GET"]}}],"collection":[{"href":"https:\/\/blog.caule.com.br\/blog-2\/wp-json\/wp\/v2\/posts"}],"about":[{"href":"https:\/\/blog.caule.com.br\/blog-2\/wp-json\/wp\/v2\/types\/post"}],"author":[{"embeddable":true,"href":"https:\/\/blog.caule.com.br\/blog-2\/wp-json\/wp\/v2\/users\/2"}],"replies":[{"embeddable":true,"href":"https:\/\/blog.caule.com.br\/blog-2\/wp-json\/wp\/v2\/comments?post=10248"}],"version-history":[{"count":11,"href":"https:\/\/blog.caule.com.br\/blog-2\/wp-json\/wp\/v2\/posts\/10248\/revisions"}],"predecessor-version":[{"id":10262,"href":"https:\/\/blog.caule.com.br\/blog-2\/wp-json\/wp\/v2\/posts\/10248\/revisions\/10262"}],"wp:featuredmedia":[{"embeddable":true,"href":"https:\/\/blog.caule.com.br\/blog-2\/wp-json\/wp\/v2\/media\/10257"}],"wp:attachment":[{"href":"https:\/\/blog.caule.com.br\/blog-2\/wp-json\/wp\/v2\/media?parent=10248"}],"wp:term":[{"taxonomy":"category","embeddable":true,"href":"https:\/\/blog.caule.com.br\/blog-2\/wp-json\/wp\/v2\/categories?post=10248"},{"taxonomy":"post_tag","embeddable":true,"href":"https:\/\/blog.caule.com.br\/blog-2\/wp-json\/wp\/v2\/tags?post=10248"}],"curies":[{"name":"wp","href":"https:\/\/api.w.org\/{rel}","templated":true}]}}