{"id":10226,"date":"2025-07-11T20:20:44","date_gmt":"2025-07-11T20:20:44","guid":{"rendered":"https:\/\/blog.caule.com.br\/blog-2\/?p=10226"},"modified":"2025-09-02T19:40:53","modified_gmt":"2025-09-02T19:40:53","slug":"beneficios-do-oleo-de-gergelim-organico-para-a-saude-e-beleza","status":"publish","type":"post","link":"https:\/\/blog.caule.com.br\/blog-2\/2025\/beneficios-do-oleo-de-gergelim-organico-para-a-saude-e-beleza\/","title":{"rendered":"Benef\u00edcios do \u00d3leo de Gergelim Org\u00e2nico para a Sa\u00fade e Beleza"},"content":{"rendered":"<p>Os benef\u00edcios do \u00d3leo de Gergelim s\u00e3o muitos, desde o <strong>cuidado com a pele at\u00e9 o fortalecimento dos ossos.<\/strong><\/p>\n<p>Aqui na Caule a gente utiliza o \u00d3leo de Gergelim Org\u00e2nico dos p\u00e9s \u00e0 cabe\u00e7a por causa de suas <strong>propriedade terap\u00eauticas e nutritivas.<\/strong><\/p>\n<p>Amplamente utilizado pela medicina Ayurveda, especialmente para <strong>pacificar os doshas Vata e Kapha.<\/strong><\/p>\n<p>Ou seja, o \u00d3leo de Gergelim \u00e9 o melhor hidratante natural por ser <strong>rico em c\u00e1lcio.<\/strong><\/p>\n<p>Mas n\u00e3o \u00e9 s\u00f3 isso, ele tamb\u00e9m tem a\u00e7\u00e3o <strong>antioxidante, antiinflamat\u00f3ria, cicatrizante e calmante.<\/strong><\/p>\n<p>Vamos listar agora todos os seus benef\u00edcios para a<strong>\u00a0preven\u00e7\u00e3o da sa\u00fade.<\/strong><\/p>\n<h2>Benef\u00edcios do \u00d3leo de Gergelim Org\u00e2nico<\/h2>\n<p><strong>Nome cient\u00edfico:<\/strong><\/p>\n<ul>\n<li><strong>Sesamum indicum<\/strong> \u00e9 uma semente oleaginosa de alto valor nutricional, riqu\u00edssima em prote\u00ednas e <strong>gorduras ben\u00e9ficas \u00e0 sa\u00fade.<\/strong><\/li>\n<\/ul>\n<p>O \u00d3leo de Gergelim Ayurveda Org\u00e2nico Caule \u00e9 extra\u00eddo de sementes de gergelim selecionadas e <strong>cultivadas sem agrot\u00f3xicos.\u00a0<\/strong><\/p>\n<p>As sementes de gergelim s\u00e3o <strong>fonte de ferro, c\u00e1lcio, magn\u00e9sio, f\u00f3sforo, pot\u00e1ssio, s\u00f3dio, zinco e sel\u00eanio.<\/strong><\/p>\n<p>Obtido atrav\u00e9s da prensagem a frio das sementes de gergelim org\u00e2nico para preservar ao m\u00e1ximo seus <strong>nutrientes naturais.<\/strong><\/p>\n<p>Ou seja, resultando em um \u00f3leo genu\u00edno, dourado e repleto de <strong>antioxidantes, \u00e1cidos graxos essenciais e vitamina E.<\/strong><\/p>\n<p>Seus benef\u00edcios s\u00e3o muitos, vem comigo que explico detalhadamente!<\/p>\n<ol>\n<li>\n<h3>\u00d3leo de gergelim previne o envelhecimento<\/h3>\n<\/li>\n<\/ol>\n<p>O \u00d3leo de Gergelim Org\u00e2nico e Extra Virgem da Caule \u00e9 um <strong>poderoso anti age.<\/strong><\/p>\n<p>Seu efeito antioxidante previne o envelhecimento precoce pois combate os radicais livres, ou seja, <strong>reduz o dano celular e processos inflamat\u00f3rios.<\/strong><\/p>\n<p>Nesse sentido, possui Sesamina e Sesamolina que s\u00e3o lignanos com propriedades <strong>antioxidantes e anti-inflamat\u00f3rias.<\/strong><\/p>\n<p>Compostos capazes de prevenir danos oxidativos nas c\u00e9lulas como, por exemplo, <strong>proteger o f\u00edgado e o controle do colesterol.<\/strong><\/p>\n<p>Al\u00e9m disso \u00e9 fonte de Vitamina E (Tocofer\u00f3is), principalmente <strong>gama-tocoferol.<\/strong><\/p>\n<p>Que \u00e9 um tipo de vitamina E com forte a\u00e7\u00e3o antioxidante, capaz de <strong>proteger as membranas celulares e lip\u00eddios contra a oxida\u00e7\u00e3o.<\/strong><\/p>\n<p>Ent\u00e3o, utilizar o \u00f3leo de gergelim da Caule com regularidade <strong>contribui para o rejuvenescimento da pele.<\/strong><\/p>\n<p>\u00c9 pra gente ter sempre \u00e0 m\u00e3o pela versatilidade, pois <strong>pode usar na pele, nos cabelos e no corpo todo!<\/strong><\/p>\n<p>O frasco de vidro \u00e2mbar \u00e9 pr\u00e1tico de usar em casa, levar na bolsa, bem como em viagens e <strong>serve pra toda fam\u00edlia.<\/strong><\/p>\n<p>Segundo a tradi\u00e7\u00e3o do Ayurveda, \u00e9 indicado <strong>besuntar os rec\u00e9m-nascidos<\/strong> com \u00f3leo de gergelim para proteger a pele delicada e fortalecer os ossos.<\/p>\n<p>E tamb\u00e9m \u00e9 um <strong>b\u00e1lsamo para as pu\u00e9rperas<\/strong> para a cicatriza\u00e7\u00e3o da pele e prevenir a perda de tecidos .<\/p>\n<p><a href=\"https:\/\/caule.com.br\/produto-oleo-de-gergelim-ayurveda-organico-caule-100ml-cau85\" target=\"_blank\" rel=\"noopener\"><img decoding=\"async\" class=\"size-large wp-image-10232 aligncenter\" src=\"https:\/\/blog.caule.com.br\/blog-2\/wp-content\/uploads\/2025\/07\/oleo-de-gergelim-ayurveda-organico-mao-1024x1024.jpg\" alt=\"\" width=\"800\" height=\"800\" srcset=\"https:\/\/blog.caule.com.br\/blog-2\/wp-content\/uploads\/2025\/07\/oleo-de-gergelim-ayurveda-organico-mao-1024x1024.jpg 1024w, https:\/\/blog.caule.com.br\/blog-2\/wp-content\/uploads\/2025\/07\/oleo-de-gergelim-ayurveda-organico-mao-300x300.jpg 300w, https:\/\/blog.caule.com.br\/blog-2\/wp-content\/uploads\/2025\/07\/oleo-de-gergelim-ayurveda-organico-mao-150x150.jpg 150w, https:\/\/blog.caule.com.br\/blog-2\/wp-content\/uploads\/2025\/07\/oleo-de-gergelim-ayurveda-organico-mao-768x768.jpg 768w, https:\/\/blog.caule.com.br\/blog-2\/wp-content\/uploads\/2025\/07\/oleo-de-gergelim-ayurveda-organico-mao.jpg 1080w\" sizes=\"(max-width: 800px) 100vw, 800px\" \/><\/a><\/p>\n<h3>\u00a0 \u00a0 \u00a0 \u00a02. Suplementa\u00e7\u00e3o transd\u00e9rmica com \u00f3leo de gergelim org\u00e2nico<\/h3>\n<p>Pensa na suplementa\u00e7\u00e3o transd\u00e9rmica com um \u00f3leo de gergelim \u00edntegro, ideal para carregar os ativos por cada poro e <strong>nutrir profundamente desde a pele at\u00e9 os ossos.<\/strong><\/p>\n<p>Combinar o \u00f3leo de gergelim com p\u00f3s minerais\/plantas\/frutas fica ainda mais efetivo <strong>absorver suas propriedades at\u00e9 a corrente sangu\u00ednea.<\/strong><\/p>\n<p>Por exemplo, ao misturar magn\u00e9sio em p\u00f3 no \u00f3leo de gergelim org\u00e2nico pra fazer olea\u00e7\u00e3o no corpo, tem os benef\u00edcios do gergelim ser rico em c\u00e1lcio e v\u00e1rios outros minerais, e conjuntamente <strong>aumentar os n\u00edveis de magn\u00e9sio no organismo.<\/strong><\/p>\n<p>O magn\u00e9sio \u00e9 de extrema import\u00e2ncia para a sa\u00fade e atua na <strong>melhora do sono<\/strong>, \u00e9 eficaz para a <strong>redu\u00e7\u00e3o de dores musculares<\/strong> e <strong>diminuir o estresse.<\/strong><\/p>\n<p>A\u00ed a gente passa na pele, no corpo todo e aproveita tudo sem ter que passar pelo trato digestivo, lindo n\u00e9? <strong>Nutri\u00e7\u00e3o quase que imediata!!!<\/strong><\/p>\n<p>Ou seja, na suplementa\u00e7\u00e3o transd\u00e9rmica a gente <strong>evita passar pelo trato digestivo<\/strong>, garantindo a <strong>libera\u00e7\u00e3o dos compostos<\/strong> de maneira mais eficaz e controlada.<\/p>\n<p>Mas pode ficar ainda melhor?! Que tal adicionar a mistura, uma gotinha de <strong>\u00f3leo de ger\u00e2nio pra equilibrar os horm\u00f4nios? <\/strong><\/p>\n<p>E assim a gente aproveita o momento de autocuidado com <strong>v\u00e1rios benef\u00edcios pra sa\u00fade e a beleza.<\/strong><\/p>\n<p>O \u00f3leo essencial de ger\u00e2nio \u00e9 o primeiro que escolhemos incluir na nossa marca justamente por ser regulador hormonal, considerado <strong>o \u00f3leo da mulher.<\/strong><\/p>\n<p>Al\u00e9m disso, o \u00f3leo de ger\u00e2nio ajuda no emocional, \u00e9 ideal para <strong>aliviar os sintomas da TPM e menopausa<\/strong>, bem como oscila\u00e7\u00f5es de humor.<\/p>\n<p><a href=\"https:\/\/caule.com.br\/produto-oleo-essencial-de-geranio-aromaterapia-caule-5ml-cau70\" target=\"_blank\" rel=\"noopener\"><img decoding=\"async\" class=\"size-large wp-image-9854 aligncenter\" src=\"https:\/\/blog.caule.com.br\/blog-2\/wp-content\/uploads\/2023\/07\/oleo-essencial-de-geranio-aromaterpia-caule-5ml-arte-1024x1024.jpg\" alt=\"Propriedades do \u00f3leo de ger\u00e2nio para o al\u00edvio da c\u00f3lica menstrual\" width=\"800\" height=\"800\" srcset=\"https:\/\/blog.caule.com.br\/blog-2\/wp-content\/uploads\/2023\/07\/oleo-essencial-de-geranio-aromaterpia-caule-5ml-arte-1024x1024.jpg 1024w, https:\/\/blog.caule.com.br\/blog-2\/wp-content\/uploads\/2023\/07\/oleo-essencial-de-geranio-aromaterpia-caule-5ml-arte-300x300.jpg 300w, https:\/\/blog.caule.com.br\/blog-2\/wp-content\/uploads\/2023\/07\/oleo-essencial-de-geranio-aromaterpia-caule-5ml-arte-150x150.jpg 150w, https:\/\/blog.caule.com.br\/blog-2\/wp-content\/uploads\/2023\/07\/oleo-essencial-de-geranio-aromaterpia-caule-5ml-arte-768x768.jpg 768w, https:\/\/blog.caule.com.br\/blog-2\/wp-content\/uploads\/2023\/07\/oleo-essencial-de-geranio-aromaterpia-caule-5ml-arte.jpg 1080w\" sizes=\"(max-width: 800px) 100vw, 800px\" \/><\/a><\/p>\n<h3>\u00a0 \u00a0 \u00a0 \u00a03. O gergelim \u00e9 anti-inflamat\u00f3rio<\/h3>\n<p>Sim, o uso regular do \u00f3leo de gergelim org\u00e2nico tem a\u00e7\u00e3o anti-inflamat\u00f3ria ideal para <strong>tratar e prevenir inflama\u00e7\u00f5es nas articula\u00e7\u00f5es e gengivas.<\/strong><\/p>\n<p>Quadros de inflama\u00e7\u00e3o cr\u00f4nica podem levar a doen\u00e7as como, por exemplo, gengivite (inflama\u00e7\u00e3o das gengivas), artrite e gota (excesso de \u00e1cido \u00farico) e outras condi\u00e7\u00f5es patol\u00f3gicas.<\/p>\n<p>Nesse sentido, utilizar o \u00f3leo de gergelim na auto massagem ou olea\u00e7\u00e3o, <strong>previne e trata a inflama\u00e7\u00e3o da pele<\/strong>, al\u00e9m de hidratar.<\/p>\n<p>E tamb\u00e9m \u00e9 excelente para remover toxinas da boca, bem como <strong>fortalecer e tratar as gengivas, al\u00e9m de melhorar o h\u00e1lito.<\/strong><\/p>\n<p>O <strong>bochecho com \u00f3leo de gergelim<\/strong> (Gandusha\/Oil pulling) \u00e9 uma pr\u00e1tica muito comum na medicina Ayurveda.<\/p>\n<p>Contribui para uma melhor <strong>sa\u00fade digestiva e fortalecimento dos dentes.\u00a0<\/strong><\/p>\n<p><strong>Obs.:<\/strong> O bochecho \u00e9 feito com 1 colher de ch\u00e1 de \u00f3leo de gergelim por aproximadamente 5 a 10 minutos e depois cospe o \u00f3leo.<\/p>\n<h3>\u00a0 \u00a0 \u00a0 \u00a04. O \u00f3leo de gergelim \u00e9 hidratante e rejuvenescedor<\/h3>\n<p>O uso do \u00f3leo de gergelim para hidratar e nutrir a pele e os cabelos \u00e9 milenar. \u00c9 um \u00f3leo vegetal mundialmente conhecido por suas <strong>propriedades hidratantes, nutritivas e regeneradoras.<\/strong><\/p>\n<p>\u00c9 rico em \u00e1cidos graxos essenciais, como o \u00e1cido linoleico e o \u00e1cido oleico. Compostos que hidratam profundamente a pele, trazendo <strong>maciez, t\u00f4nus e um toque aveludado.<\/strong><\/p>\n<p>Por isso, \u00e9 considerado pela ci\u00eancia do Ayurveda um <strong>excelente rasayana (rejuvenescedor).\u00a0<\/strong><\/p>\n<p>Ent\u00e3o pode usar o \u00f3leo de gergelim org\u00e2nico como um <strong>hidratante natural para todos tipos de pele, em especial peles secas e sens\u00edveis.<\/strong><\/p>\n<p>E tamb\u00e9m para o fortalecimento dos cabelos, para o combate da caspa e <strong>preven\u00e7\u00e3o do envelhecimento precoce dos fios.<\/strong><\/p>\n<p>Uma pr\u00e1tica muito comum nas terapias ayurv\u00e9dicas \u00e9 o Shirodhara, que consiste em aplicar um fluxo de \u00f3leo cont\u00ednuo na regi\u00e3o da testa e cabelos. Al\u00e9m de fortalecer e trazer vi\u00e7o e brilho para os cabelos, tamb\u00e9m \u00e9 <strong>extremamente relaxante.<\/strong><\/p>\n<p>Por isso que a gente usa o \u00f3leo de gergelim org\u00e2nico para hidratar a pele e os cabelos com regularidade, <strong>embeleza e nutre profundamente!<\/strong><\/p>\n<h3>\u00a0 \u00a0 \u00a0 \u00a05. O \u00f3leo de gergelim oferece prote\u00e7\u00e3o dos raios UV<\/h3>\n<p>Estar com a hidrata\u00e7\u00e3o da pele e corpo em dia \u00e9 o primeiro passo para proteger dos <strong>efeitos danosos da radia\u00e7\u00e3o solar.<\/strong><\/p>\n<p>E quando a gente vai ficar exposto, o ideal \u00e9 aproveitar o Sol e evitar queimar a pele. Sabia que <strong>a vitamina D \u00e9 lipossol\u00favel?<\/strong><\/p>\n<p>Ent\u00e3o quando a gente passa o \u00f3leo de gergelim antes de tomar Sol, facilita a <strong>absor\u00e7\u00e3o da vitamina D no organismo!<\/strong><\/p>\n<p>E algumas pesquisas mostram que o \u00f3leo de gergelim tem FPS natural, <strong>capaz de resistir a cerca de 30% dos raios UV.<\/strong><\/p>\n<p>Ou seja, melhora a metaboliza\u00e7\u00e3o do horm\u00f4nio D e <strong>protege da radia\u00e7\u00e3o UV naturalmente.<\/strong><\/p>\n<p>Mas o uso do protetor solar \u00e9 imprescind\u00edvel quando vai ficar mais tempo de exposi\u00e7\u00e3o, temos <strong>protetor f\u00edsico inspirado na tradi\u00e7\u00e3o do Ayurveda.<\/strong><\/p>\n<p><a href=\"https:\/\/caule.com.br\/produto-protetor-solar-natural-fps-33-rosto-e-corpo-caule-100g-cau73\" target=\"_blank\" rel=\"noopener\"><img decoding=\"async\" class=\"size-large wp-image-10212 aligncenter\" src=\"https:\/\/blog.caule.com.br\/blog-2\/wp-content\/uploads\/2025\/07\/solar-zinco-arte-1024x1024.jpg\" alt=\"\" width=\"800\" height=\"800\" srcset=\"https:\/\/blog.caule.com.br\/blog-2\/wp-content\/uploads\/2025\/07\/solar-zinco-arte-1024x1024.jpg 1024w, https:\/\/blog.caule.com.br\/blog-2\/wp-content\/uploads\/2025\/07\/solar-zinco-arte-300x300.jpg 300w, https:\/\/blog.caule.com.br\/blog-2\/wp-content\/uploads\/2025\/07\/solar-zinco-arte-150x150.jpg 150w, https:\/\/blog.caule.com.br\/blog-2\/wp-content\/uploads\/2025\/07\/solar-zinco-arte-768x768.jpg 768w, https:\/\/blog.caule.com.br\/blog-2\/wp-content\/uploads\/2025\/07\/solar-zinco-arte.jpg 1080w\" sizes=\"(max-width: 800px) 100vw, 800px\" \/><\/a><\/p>\n<h3>\u00a0 \u00a0 \u00a0 \u00a06. Tratar e curar feridas e queimaduras com \u00f3leo de gergelim org\u00e2nico<\/h3>\n<p>J\u00e1 falei acima que o \u00f3leo de s\u00e9samo ou gergelim \u00e9 uma b\u00e1lsamo para pu\u00e9rperas devido seu <strong>alto poder antioxidante e cicatrizante.<\/strong><\/p>\n<p>Excelente para tratar feridas e queimaduras, auxilia no processo de <strong>cicatriza\u00e7\u00e3o e regenera\u00e7\u00e3o da pele.\u00a0<\/strong><\/p>\n<p>Pode ser utilizado inclusive, na regi\u00e3o \u00edntima <strong>no p\u00f3s-parto para acelerar o processo de cura.<\/strong><\/p>\n<p>Pessoas idosas tendem a se machucar com mais frequ\u00eancia, e o machucados tem uma cicatriza\u00e7\u00e3o mais lenta&#8230;<\/p>\n<p>Ao aplicar o \u00f3leo de gergelim na \u00e1rea afetada, <strong>propicia uma cicatriza\u00e7\u00e3o muito mais r\u00e1pida e menos dolorida.<\/strong><\/p>\n<p>O \u00d3leo de Gergelim Ayurveda da Caule <strong>\u00e9 pra gente ter sempre<\/strong>, pela versatilidade, seja em casa ou em viagens, pra toda fam\u00edlia.<\/p>\n<p>Enfim, s\u00e3o in\u00fameros benef\u00edcios do \u00f3leo de gergelim org\u00e2nico para a sa\u00fade e a beleza, <strong>bora aproveitar?<\/strong><\/p>\n<h4>Conhe\u00e7a nossa linha completa de <a href=\"https:\/\/caule.com.br\/categoria-raspador-de-lingua\/categoria-oleos-vegetais\" target=\"_blank\" rel=\"noopener\">\u00d3LEOS VEGETAIS AYURVEDA<\/a>:<\/h4>\n<p>Selecionamos <strong>os melhores \u00f3leos vegetais para o cuidado com a sa\u00fade e a beleza<\/strong> seguindo os princ\u00edpios do Ayurveda.<\/p>\n<figure id=\"attachment_10265\" aria-describedby=\"caption-attachment-10265\" style=\"width: 800px\" class=\"wp-caption aligncenter\"><a href=\"https:\/\/caule.com.br\/categoria-raspador-de-lingua\/categoria-oleos-vegetais\" target=\"_blank\" rel=\"noopener\"><img decoding=\"async\" class=\"wp-image-10265 size-large\" src=\"https:\/\/blog.caule.com.br\/blog-2\/wp-content\/uploads\/2025\/07\/oleos-vegetais-caule-50ml-1024x1024.jpg\" alt=\"\" width=\"800\" height=\"800\" srcset=\"https:\/\/blog.caule.com.br\/blog-2\/wp-content\/uploads\/2025\/07\/oleos-vegetais-caule-50ml-1024x1024.jpg 1024w, https:\/\/blog.caule.com.br\/blog-2\/wp-content\/uploads\/2025\/07\/oleos-vegetais-caule-50ml-300x300.jpg 300w, https:\/\/blog.caule.com.br\/blog-2\/wp-content\/uploads\/2025\/07\/oleos-vegetais-caule-50ml-150x150.jpg 150w, https:\/\/blog.caule.com.br\/blog-2\/wp-content\/uploads\/2025\/07\/oleos-vegetais-caule-50ml-768x768.jpg 768w, https:\/\/blog.caule.com.br\/blog-2\/wp-content\/uploads\/2025\/07\/oleos-vegetais-caule-50ml.jpg 1080w\" sizes=\"(max-width: 800px) 100vw, 800px\" \/><\/a><figcaption id=\"caption-attachment-10265\" class=\"wp-caption-text\">\u00d3LEOS VEGETAIS AYURVEDA CAULE<\/figcaption><\/figure>\n<p>Nosso \u00d3leo de Rosa Mosqueta <strong>\u00e9 proveniente da Rosa Rubiginosa,<\/strong> que \u00e9 o mais indicado para o <strong>clareamento de manchas escuras<\/strong> na pele.<\/p>\n<p>Tem a <strong>textura fina e r\u00e1pida absor\u00e7\u00e3o<\/strong>, excelente para ser aplicado puro na pele ou <strong>adicionar ao s\u00e9rum facial ou creme corporal.<\/strong><\/p>\n<p><a href=\"https:\/\/caule.com.br\/produto-oleo-de-rosa-mosqueta-rosa-rubiginosa-caule-30ml-cau92\" target=\"_blank\" rel=\"noopener\"><img decoding=\"async\" class=\"size-large wp-image-10266 aligncenter\" src=\"https:\/\/blog.caule.com.br\/blog-2\/wp-content\/uploads\/2025\/07\/Oleo-de-Rosa-Mosqueta-Rosa-Rubiginosa-Caule-30ml-arte-1024x1024.jpg\" alt=\"\" width=\"800\" height=\"800\" srcset=\"https:\/\/blog.caule.com.br\/blog-2\/wp-content\/uploads\/2025\/07\/Oleo-de-Rosa-Mosqueta-Rosa-Rubiginosa-Caule-30ml-arte-1024x1024.jpg 1024w, https:\/\/blog.caule.com.br\/blog-2\/wp-content\/uploads\/2025\/07\/Oleo-de-Rosa-Mosqueta-Rosa-Rubiginosa-Caule-30ml-arte-300x300.jpg 300w, https:\/\/blog.caule.com.br\/blog-2\/wp-content\/uploads\/2025\/07\/Oleo-de-Rosa-Mosqueta-Rosa-Rubiginosa-Caule-30ml-arte-150x150.jpg 150w, https:\/\/blog.caule.com.br\/blog-2\/wp-content\/uploads\/2025\/07\/Oleo-de-Rosa-Mosqueta-Rosa-Rubiginosa-Caule-30ml-arte-768x768.jpg 768w, https:\/\/blog.caule.com.br\/blog-2\/wp-content\/uploads\/2025\/07\/Oleo-de-Rosa-Mosqueta-Rosa-Rubiginosa-Caule-30ml-arte.jpg 1080w\" sizes=\"(max-width: 800px) 100vw, 800px\" \/><\/a><\/p>\n<h4>Receita para clarear manchas escuras na pele<\/h4>\n<p>Al\u00e9m disso, pode criar um <strong>s\u00e9rum poderos\u00edssimo anti age e clareador de manchas<\/strong>\u00a0misturando:<\/p>\n<ul>\n<li>10ml de \u00d3leo de Rosa Mosqueta | Rosa Rubiginosa | Caule<\/li>\n<li>20ml de \u00d3leo de Semente de Uva Extra Virgem Ayurveda Caule<\/li>\n<li>20 ml de \u00d3leo de Gergelim Ayurveda Org\u00e2nico Caule<\/li>\n<li>20 gotas de \u00d3leo Essencial Sangue de Drag\u00e3o | 100% Puro<\/li>\n<li>5 gotas de \u00d3leo Essencial Palmarosa Org\u00e2nico<\/li>\n<\/ul>\n<p>Coloque todos os \u00f3leos em um frasco de vidro \u00e2mbar, feche com a tampa e misture balan\u00e7ando.<\/p>\n<p><strong>Obs.:<\/strong> \u00c9 necess\u00e1rio chacoalhar antes de cada aplica\u00e7\u00e3o pois o \u00f3leo de sangue de drag\u00e3o n\u00e3o se mistura aos outros \u00f3leos.<\/p>\n","protected":false},"excerpt":{"rendered":"<p>Os benef\u00edcios do \u00d3leo de Gergelim s\u00e3o muitos, desde o cuidado com a pele at\u00e9 o fortalecimento dos ossos. Aqui<\/p>\n","protected":false},"author":2,"featured_media":10242,"comment_status":"open","ping_status":"open","sticky":false,"template":"","format":"standard","meta":{"colormag_page_container_layout":"default_layout","colormag_page_sidebar_layout":"default_layout","_jetpack_memberships_contains_paid_content":false,"footnotes":""},"categories":[1544,30,31,47,37,65],"tags":[1912,1914,1915,1916,1913],"class_list":["post-10226","post","type-post","status-publish","format-standard","has-post-thumbnail","hentry","category-ayurveda","category-consumo-consciente","category-cosmeticos-naturais","category-cosmeticos-organicos","category-estilo-de-vida-ecologico","category-saude-e-beleza-integral","tag-beneficios-do-oleo-de-gergelim","tag-oleo-de-gergelim-para-cabelo","tag-oleo-de-gergelim-para-pele","tag-oleo-de-gergelim-pra-que-serve","tag-oleo-de-gergelim-prensado-a-frio"],"yoast_head":"<!-- This site is optimized with the Yoast SEO plugin v27.5 - https:\/\/yoast.com\/product\/yoast-seo-wordpress\/ -->\n<title>Benef\u00edcios do \u00d3leo de Gergelim Org\u00e2nico para a Sa\u00fade e Beleza - Blog<\/title>\n<meta name=\"description\" content=\"Os benef\u00edcios do \u00d3leo de Gergelim Org\u00e2nico s\u00e3o in\u00fameros, desde o cuidado com a pele at\u00e9 o fortalecimento dos ossos. Vem ver!\" \/>\n<meta name=\"robots\" content=\"index, follow, max-snippet:-1, max-image-preview:large, max-video-preview:-1\" \/>\n<link rel=\"canonical\" href=\"https:\/\/blog.caule.com.br\/blog-2\/2025\/beneficios-do-oleo-de-gergelim-organico-para-a-saude-e-beleza\/\" \/>\n<meta property=\"og:locale\" content=\"pt_BR\" \/>\n<meta property=\"og:type\" content=\"article\" \/>\n<meta property=\"og:title\" content=\"Benef\u00edcios do \u00d3leo de Gergelim Org\u00e2nico para a Sa\u00fade e Beleza - Blog\" \/>\n<meta property=\"og:description\" content=\"Os benef\u00edcios do \u00d3leo de Gergelim Org\u00e2nico s\u00e3o in\u00fameros, desde o cuidado com a pele at\u00e9 o fortalecimento dos ossos. Vem ver!\" \/>\n<meta property=\"og:url\" content=\"https:\/\/blog.caule.com.br\/blog-2\/2025\/beneficios-do-oleo-de-gergelim-organico-para-a-saude-e-beleza\/\" \/>\n<meta property=\"og:site_name\" content=\"Blog\" \/>\n<meta property=\"article:publisher\" content=\"https:\/\/www.facebook.com\/CauleDistribuidora\" \/>\n<meta property=\"article:published_time\" content=\"2025-07-11T20:20:44+00:00\" \/>\n<meta property=\"article:modified_time\" content=\"2025-09-02T19:40:53+00:00\" \/>\n<meta property=\"og:image\" content=\"https:\/\/blog.caule.com.br\/blog-2\/wp-content\/uploads\/2025\/07\/beneficios-do-oleo-de-gergelim.jpg\" \/>\n\t<meta property=\"og:image:width\" content=\"1280\" \/>\n\t<meta property=\"og:image:height\" content=\"720\" \/>\n\t<meta property=\"og:image:type\" content=\"image\/jpeg\" \/>\n<meta name=\"author\" content=\"Janine Schmitz\" \/>\n<meta name=\"twitter:card\" content=\"summary_large_image\" \/>\n<meta name=\"twitter:label1\" content=\"Escrito por\" \/>\n\t<meta name=\"twitter:data1\" content=\"Janine Schmitz\" \/>\n\t<meta name=\"twitter:label2\" content=\"Est. tempo de leitura\" \/>\n\t<meta name=\"twitter:data2\" content=\"10 minutos\" \/>\n<script type=\"application\/ld+json\" class=\"yoast-schema-graph\">{\"@context\":\"https:\\\/\\\/schema.org\",\"@graph\":[{\"@type\":\"Article\",\"@id\":\"https:\\\/\\\/blog.caule.com.br\\\/blog-2\\\/2025\\\/beneficios-do-oleo-de-gergelim-organico-para-a-saude-e-beleza\\\/#article\",\"isPartOf\":{\"@id\":\"https:\\\/\\\/blog.caule.com.br\\\/blog-2\\\/2025\\\/beneficios-do-oleo-de-gergelim-organico-para-a-saude-e-beleza\\\/\"},\"author\":{\"name\":\"Janine Schmitz\",\"@id\":\"https:\\\/\\\/blog.caule.com.br\\\/blog-2\\\/#\\\/schema\\\/person\\\/8da0d35def75a41f0bfc5549c0bef059\"},\"headline\":\"Benef\u00edcios do \u00d3leo de Gergelim Org\u00e2nico para a Sa\u00fade e Beleza\",\"datePublished\":\"2025-07-11T20:20:44+00:00\",\"dateModified\":\"2025-09-02T19:40:53+00:00\",\"mainEntityOfPage\":{\"@id\":\"https:\\\/\\\/blog.caule.com.br\\\/blog-2\\\/2025\\\/beneficios-do-oleo-de-gergelim-organico-para-a-saude-e-beleza\\\/\"},\"wordCount\":1597,\"commentCount\":0,\"publisher\":{\"@id\":\"https:\\\/\\\/blog.caule.com.br\\\/blog-2\\\/#organization\"},\"image\":{\"@id\":\"https:\\\/\\\/blog.caule.com.br\\\/blog-2\\\/2025\\\/beneficios-do-oleo-de-gergelim-organico-para-a-saude-e-beleza\\\/#primaryimage\"},\"thumbnailUrl\":\"https:\\\/\\\/blog.caule.com.br\\\/blog-2\\\/wp-content\\\/uploads\\\/2025\\\/07\\\/beneficios-do-oleo-de-gergelim.jpg\",\"keywords\":[\"Benef\u00edcios do \u00d3leo de Gergelim\",\"\u00f3leo de gergelim para cabelo\",\"oleo de gergelim para pele\",\"oleo de gergelim pra que serve\",\"\u00f3leo de gergelim prensado a frio\"],\"articleSection\":[\"Ayurveda\",\"Consumo Consciente\",\"Cosm\u00e9ticos Naturais\",\"Cosm\u00e9ticos Org\u00e2nicos\",\"Estilo de Vida Ecol\u00f3gico\",\"Sa\u00fade e Beleza Integral\"],\"inLanguage\":\"pt-BR\",\"potentialAction\":[{\"@type\":\"CommentAction\",\"name\":\"Comment\",\"target\":[\"https:\\\/\\\/blog.caule.com.br\\\/blog-2\\\/2025\\\/beneficios-do-oleo-de-gergelim-organico-para-a-saude-e-beleza\\\/#respond\"]}]},{\"@type\":\"WebPage\",\"@id\":\"https:\\\/\\\/blog.caule.com.br\\\/blog-2\\\/2025\\\/beneficios-do-oleo-de-gergelim-organico-para-a-saude-e-beleza\\\/\",\"url\":\"https:\\\/\\\/blog.caule.com.br\\\/blog-2\\\/2025\\\/beneficios-do-oleo-de-gergelim-organico-para-a-saude-e-beleza\\\/\",\"name\":\"Benef\u00edcios do \u00d3leo de Gergelim Org\u00e2nico para a Sa\u00fade e Beleza - Blog\",\"isPartOf\":{\"@id\":\"https:\\\/\\\/blog.caule.com.br\\\/blog-2\\\/#website\"},\"primaryImageOfPage\":{\"@id\":\"https:\\\/\\\/blog.caule.com.br\\\/blog-2\\\/2025\\\/beneficios-do-oleo-de-gergelim-organico-para-a-saude-e-beleza\\\/#primaryimage\"},\"image\":{\"@id\":\"https:\\\/\\\/blog.caule.com.br\\\/blog-2\\\/2025\\\/beneficios-do-oleo-de-gergelim-organico-para-a-saude-e-beleza\\\/#primaryimage\"},\"thumbnailUrl\":\"https:\\\/\\\/blog.caule.com.br\\\/blog-2\\\/wp-content\\\/uploads\\\/2025\\\/07\\\/beneficios-do-oleo-de-gergelim.jpg\",\"datePublished\":\"2025-07-11T20:20:44+00:00\",\"dateModified\":\"2025-09-02T19:40:53+00:00\",\"description\":\"Os benef\u00edcios do \u00d3leo de Gergelim Org\u00e2nico s\u00e3o in\u00fameros, desde o cuidado com a pele at\u00e9 o fortalecimento dos ossos. Vem ver!\",\"breadcrumb\":{\"@id\":\"https:\\\/\\\/blog.caule.com.br\\\/blog-2\\\/2025\\\/beneficios-do-oleo-de-gergelim-organico-para-a-saude-e-beleza\\\/#breadcrumb\"},\"inLanguage\":\"pt-BR\",\"potentialAction\":[{\"@type\":\"ReadAction\",\"target\":[\"https:\\\/\\\/blog.caule.com.br\\\/blog-2\\\/2025\\\/beneficios-do-oleo-de-gergelim-organico-para-a-saude-e-beleza\\\/\"]}]},{\"@type\":\"ImageObject\",\"inLanguage\":\"pt-BR\",\"@id\":\"https:\\\/\\\/blog.caule.com.br\\\/blog-2\\\/2025\\\/beneficios-do-oleo-de-gergelim-organico-para-a-saude-e-beleza\\\/#primaryimage\",\"url\":\"https:\\\/\\\/blog.caule.com.br\\\/blog-2\\\/wp-content\\\/uploads\\\/2025\\\/07\\\/beneficios-do-oleo-de-gergelim.jpg\",\"contentUrl\":\"https:\\\/\\\/blog.caule.com.br\\\/blog-2\\\/wp-content\\\/uploads\\\/2025\\\/07\\\/beneficios-do-oleo-de-gergelim.jpg\",\"width\":1280,\"height\":720},{\"@type\":\"BreadcrumbList\",\"@id\":\"https:\\\/\\\/blog.caule.com.br\\\/blog-2\\\/2025\\\/beneficios-do-oleo-de-gergelim-organico-para-a-saude-e-beleza\\\/#breadcrumb\",\"itemListElement\":[{\"@type\":\"ListItem\",\"position\":1,\"name\":\"Home\",\"item\":\"https:\\\/\\\/blog.caule.com.br\\\/blog-2\\\/\"},{\"@type\":\"ListItem\",\"position\":2,\"name\":\"Benef\u00edcios do \u00d3leo de Gergelim Org\u00e2nico para a Sa\u00fade e Beleza\"}]},{\"@type\":\"WebSite\",\"@id\":\"https:\\\/\\\/blog.caule.com.br\\\/blog-2\\\/#website\",\"url\":\"https:\\\/\\\/blog.caule.com.br\\\/blog-2\\\/\",\"name\":\"Blog\",\"description\":\"Caule eco.l\u00f3gicos\",\"publisher\":{\"@id\":\"https:\\\/\\\/blog.caule.com.br\\\/blog-2\\\/#organization\"},\"potentialAction\":[{\"@type\":\"SearchAction\",\"target\":{\"@type\":\"EntryPoint\",\"urlTemplate\":\"https:\\\/\\\/blog.caule.com.br\\\/blog-2\\\/?s={search_term_string}\"},\"query-input\":{\"@type\":\"PropertyValueSpecification\",\"valueRequired\":true,\"valueName\":\"search_term_string\"}}],\"inLanguage\":\"pt-BR\"},{\"@type\":\"Organization\",\"@id\":\"https:\\\/\\\/blog.caule.com.br\\\/blog-2\\\/#organization\",\"name\":\"Caule eco.l\u00f3gicos\",\"url\":\"https:\\\/\\\/blog.caule.com.br\\\/blog-2\\\/\",\"logo\":{\"@type\":\"ImageObject\",\"inLanguage\":\"pt-BR\",\"@id\":\"https:\\\/\\\/blog.caule.com.br\\\/blog-2\\\/#\\\/schema\\\/logo\\\/image\\\/\",\"url\":\"https:\\\/\\\/blog.caule.com.br\\\/blog-2\\\/wp-content\\\/uploads\\\/2015\\\/07\\\/caule_horizontal_w90.png\",\"contentUrl\":\"https:\\\/\\\/blog.caule.com.br\\\/blog-2\\\/wp-content\\\/uploads\\\/2015\\\/07\\\/caule_horizontal_w90.png\",\"width\":213,\"height\":90,\"caption\":\"Caule eco.l\u00f3gicos\"},\"image\":{\"@id\":\"https:\\\/\\\/blog.caule.com.br\\\/blog-2\\\/#\\\/schema\\\/logo\\\/image\\\/\"},\"sameAs\":[\"https:\\\/\\\/www.facebook.com\\\/CauleDistribuidora\",\"https:\\\/\\\/www.instagram.com\\\/caule.eco.logicos\\\/\",\"https:\\\/\\\/br.pinterest.com\\\/cauleecologicos\\\/\",\"https:\\\/\\\/www.youtube.com\\\/cauleecologicos\"]},{\"@type\":\"Person\",\"@id\":\"https:\\\/\\\/blog.caule.com.br\\\/blog-2\\\/#\\\/schema\\\/person\\\/8da0d35def75a41f0bfc5549c0bef059\",\"name\":\"Janine Schmitz\",\"image\":{\"@type\":\"ImageObject\",\"inLanguage\":\"pt-BR\",\"@id\":\"https:\\\/\\\/secure.gravatar.com\\\/avatar\\\/b9c54b94c1bbbe36daed6c9b6c5db43cef19697831bab8a68d461c78586cfe7c?s=96&d=mm&r=g\",\"url\":\"https:\\\/\\\/secure.gravatar.com\\\/avatar\\\/b9c54b94c1bbbe36daed6c9b6c5db43cef19697831bab8a68d461c78586cfe7c?s=96&d=mm&r=g\",\"contentUrl\":\"https:\\\/\\\/secure.gravatar.com\\\/avatar\\\/b9c54b94c1bbbe36daed6c9b6c5db43cef19697831bab8a68d461c78586cfe7c?s=96&d=mm&r=g\",\"caption\":\"Janine Schmitz\"},\"url\":\"https:\\\/\\\/blog.caule.com.br\\\/blog-2\\\/author\\\/janineschmitz\\\/\"}]}<\/script>\n<!-- \/ Yoast SEO plugin. -->","yoast_head_json":{"title":"Benef\u00edcios do \u00d3leo de Gergelim Org\u00e2nico para a Sa\u00fade e Beleza - Blog","description":"Os benef\u00edcios do \u00d3leo de Gergelim Org\u00e2nico s\u00e3o in\u00fameros, desde o cuidado com a pele at\u00e9 o fortalecimento dos ossos. Vem ver!","robots":{"index":"index","follow":"follow","max-snippet":"max-snippet:-1","max-image-preview":"max-image-preview:large","max-video-preview":"max-video-preview:-1"},"canonical":"https:\/\/blog.caule.com.br\/blog-2\/2025\/beneficios-do-oleo-de-gergelim-organico-para-a-saude-e-beleza\/","og_locale":"pt_BR","og_type":"article","og_title":"Benef\u00edcios do \u00d3leo de Gergelim Org\u00e2nico para a Sa\u00fade e Beleza - Blog","og_description":"Os benef\u00edcios do \u00d3leo de Gergelim Org\u00e2nico s\u00e3o in\u00fameros, desde o cuidado com a pele at\u00e9 o fortalecimento dos ossos. Vem ver!","og_url":"https:\/\/blog.caule.com.br\/blog-2\/2025\/beneficios-do-oleo-de-gergelim-organico-para-a-saude-e-beleza\/","og_site_name":"Blog","article_publisher":"https:\/\/www.facebook.com\/CauleDistribuidora","article_published_time":"2025-07-11T20:20:44+00:00","article_modified_time":"2025-09-02T19:40:53+00:00","og_image":[{"width":1280,"height":720,"url":"https:\/\/blog.caule.com.br\/blog-2\/wp-content\/uploads\/2025\/07\/beneficios-do-oleo-de-gergelim.jpg","type":"image\/jpeg"}],"author":"Janine Schmitz","twitter_card":"summary_large_image","twitter_misc":{"Escrito por":"Janine Schmitz","Est. tempo de leitura":"10 minutos"},"schema":{"@context":"https:\/\/schema.org","@graph":[{"@type":"Article","@id":"https:\/\/blog.caule.com.br\/blog-2\/2025\/beneficios-do-oleo-de-gergelim-organico-para-a-saude-e-beleza\/#article","isPartOf":{"@id":"https:\/\/blog.caule.com.br\/blog-2\/2025\/beneficios-do-oleo-de-gergelim-organico-para-a-saude-e-beleza\/"},"author":{"name":"Janine Schmitz","@id":"https:\/\/blog.caule.com.br\/blog-2\/#\/schema\/person\/8da0d35def75a41f0bfc5549c0bef059"},"headline":"Benef\u00edcios do \u00d3leo de Gergelim Org\u00e2nico para a Sa\u00fade e Beleza","datePublished":"2025-07-11T20:20:44+00:00","dateModified":"2025-09-02T19:40:53+00:00","mainEntityOfPage":{"@id":"https:\/\/blog.caule.com.br\/blog-2\/2025\/beneficios-do-oleo-de-gergelim-organico-para-a-saude-e-beleza\/"},"wordCount":1597,"commentCount":0,"publisher":{"@id":"https:\/\/blog.caule.com.br\/blog-2\/#organization"},"image":{"@id":"https:\/\/blog.caule.com.br\/blog-2\/2025\/beneficios-do-oleo-de-gergelim-organico-para-a-saude-e-beleza\/#primaryimage"},"thumbnailUrl":"https:\/\/blog.caule.com.br\/blog-2\/wp-content\/uploads\/2025\/07\/beneficios-do-oleo-de-gergelim.jpg","keywords":["Benef\u00edcios do \u00d3leo de Gergelim","\u00f3leo de gergelim para cabelo","oleo de gergelim para pele","oleo de gergelim pra que serve","\u00f3leo de gergelim prensado a frio"],"articleSection":["Ayurveda","Consumo Consciente","Cosm\u00e9ticos Naturais","Cosm\u00e9ticos Org\u00e2nicos","Estilo de Vida Ecol\u00f3gico","Sa\u00fade e Beleza Integral"],"inLanguage":"pt-BR","potentialAction":[{"@type":"CommentAction","name":"Comment","target":["https:\/\/blog.caule.com.br\/blog-2\/2025\/beneficios-do-oleo-de-gergelim-organico-para-a-saude-e-beleza\/#respond"]}]},{"@type":"WebPage","@id":"https:\/\/blog.caule.com.br\/blog-2\/2025\/beneficios-do-oleo-de-gergelim-organico-para-a-saude-e-beleza\/","url":"https:\/\/blog.caule.com.br\/blog-2\/2025\/beneficios-do-oleo-de-gergelim-organico-para-a-saude-e-beleza\/","name":"Benef\u00edcios do \u00d3leo de Gergelim Org\u00e2nico para a Sa\u00fade e Beleza - Blog","isPartOf":{"@id":"https:\/\/blog.caule.com.br\/blog-2\/#website"},"primaryImageOfPage":{"@id":"https:\/\/blog.caule.com.br\/blog-2\/2025\/beneficios-do-oleo-de-gergelim-organico-para-a-saude-e-beleza\/#primaryimage"},"image":{"@id":"https:\/\/blog.caule.com.br\/blog-2\/2025\/beneficios-do-oleo-de-gergelim-organico-para-a-saude-e-beleza\/#primaryimage"},"thumbnailUrl":"https:\/\/blog.caule.com.br\/blog-2\/wp-content\/uploads\/2025\/07\/beneficios-do-oleo-de-gergelim.jpg","datePublished":"2025-07-11T20:20:44+00:00","dateModified":"2025-09-02T19:40:53+00:00","description":"Os benef\u00edcios do \u00d3leo de Gergelim Org\u00e2nico s\u00e3o in\u00fameros, desde o cuidado com a pele at\u00e9 o fortalecimento dos ossos. Vem ver!","breadcrumb":{"@id":"https:\/\/blog.caule.com.br\/blog-2\/2025\/beneficios-do-oleo-de-gergelim-organico-para-a-saude-e-beleza\/#breadcrumb"},"inLanguage":"pt-BR","potentialAction":[{"@type":"ReadAction","target":["https:\/\/blog.caule.com.br\/blog-2\/2025\/beneficios-do-oleo-de-gergelim-organico-para-a-saude-e-beleza\/"]}]},{"@type":"ImageObject","inLanguage":"pt-BR","@id":"https:\/\/blog.caule.com.br\/blog-2\/2025\/beneficios-do-oleo-de-gergelim-organico-para-a-saude-e-beleza\/#primaryimage","url":"https:\/\/blog.caule.com.br\/blog-2\/wp-content\/uploads\/2025\/07\/beneficios-do-oleo-de-gergelim.jpg","contentUrl":"https:\/\/blog.caule.com.br\/blog-2\/wp-content\/uploads\/2025\/07\/beneficios-do-oleo-de-gergelim.jpg","width":1280,"height":720},{"@type":"BreadcrumbList","@id":"https:\/\/blog.caule.com.br\/blog-2\/2025\/beneficios-do-oleo-de-gergelim-organico-para-a-saude-e-beleza\/#breadcrumb","itemListElement":[{"@type":"ListItem","position":1,"name":"Home","item":"https:\/\/blog.caule.com.br\/blog-2\/"},{"@type":"ListItem","position":2,"name":"Benef\u00edcios do \u00d3leo de Gergelim Org\u00e2nico para a Sa\u00fade e Beleza"}]},{"@type":"WebSite","@id":"https:\/\/blog.caule.com.br\/blog-2\/#website","url":"https:\/\/blog.caule.com.br\/blog-2\/","name":"Blog","description":"Caule eco.l\u00f3gicos","publisher":{"@id":"https:\/\/blog.caule.com.br\/blog-2\/#organization"},"potentialAction":[{"@type":"SearchAction","target":{"@type":"EntryPoint","urlTemplate":"https:\/\/blog.caule.com.br\/blog-2\/?s={search_term_string}"},"query-input":{"@type":"PropertyValueSpecification","valueRequired":true,"valueName":"search_term_string"}}],"inLanguage":"pt-BR"},{"@type":"Organization","@id":"https:\/\/blog.caule.com.br\/blog-2\/#organization","name":"Caule eco.l\u00f3gicos","url":"https:\/\/blog.caule.com.br\/blog-2\/","logo":{"@type":"ImageObject","inLanguage":"pt-BR","@id":"https:\/\/blog.caule.com.br\/blog-2\/#\/schema\/logo\/image\/","url":"https:\/\/blog.caule.com.br\/blog-2\/wp-content\/uploads\/2015\/07\/caule_horizontal_w90.png","contentUrl":"https:\/\/blog.caule.com.br\/blog-2\/wp-content\/uploads\/2015\/07\/caule_horizontal_w90.png","width":213,"height":90,"caption":"Caule eco.l\u00f3gicos"},"image":{"@id":"https:\/\/blog.caule.com.br\/blog-2\/#\/schema\/logo\/image\/"},"sameAs":["https:\/\/www.facebook.com\/CauleDistribuidora","https:\/\/www.instagram.com\/caule.eco.logicos\/","https:\/\/br.pinterest.com\/cauleecologicos\/","https:\/\/www.youtube.com\/cauleecologicos"]},{"@type":"Person","@id":"https:\/\/blog.caule.com.br\/blog-2\/#\/schema\/person\/8da0d35def75a41f0bfc5549c0bef059","name":"Janine Schmitz","image":{"@type":"ImageObject","inLanguage":"pt-BR","@id":"https:\/\/secure.gravatar.com\/avatar\/b9c54b94c1bbbe36daed6c9b6c5db43cef19697831bab8a68d461c78586cfe7c?s=96&d=mm&r=g","url":"https:\/\/secure.gravatar.com\/avatar\/b9c54b94c1bbbe36daed6c9b6c5db43cef19697831bab8a68d461c78586cfe7c?s=96&d=mm&r=g","contentUrl":"https:\/\/secure.gravatar.com\/avatar\/b9c54b94c1bbbe36daed6c9b6c5db43cef19697831bab8a68d461c78586cfe7c?s=96&d=mm&r=g","caption":"Janine Schmitz"},"url":"https:\/\/blog.caule.com.br\/blog-2\/author\/janineschmitz\/"}]}},"jetpack_featured_media_url":"https:\/\/blog.caule.com.br\/blog-2\/wp-content\/uploads\/2025\/07\/beneficios-do-oleo-de-gergelim.jpg","jetpack_sharing_enabled":true,"_links":{"self":[{"href":"https:\/\/blog.caule.com.br\/blog-2\/wp-json\/wp\/v2\/posts\/10226","targetHints":{"allow":["GET"]}}],"collection":[{"href":"https:\/\/blog.caule.com.br\/blog-2\/wp-json\/wp\/v2\/posts"}],"about":[{"href":"https:\/\/blog.caule.com.br\/blog-2\/wp-json\/wp\/v2\/types\/post"}],"author":[{"embeddable":true,"href":"https:\/\/blog.caule.com.br\/blog-2\/wp-json\/wp\/v2\/users\/2"}],"replies":[{"embeddable":true,"href":"https:\/\/blog.caule.com.br\/blog-2\/wp-json\/wp\/v2\/comments?post=10226"}],"version-history":[{"count":18,"href":"https:\/\/blog.caule.com.br\/blog-2\/wp-json\/wp\/v2\/posts\/10226\/revisions"}],"predecessor-version":[{"id":10268,"href":"https:\/\/blog.caule.com.br\/blog-2\/wp-json\/wp\/v2\/posts\/10226\/revisions\/10268"}],"wp:featuredmedia":[{"embeddable":true,"href":"https:\/\/blog.caule.com.br\/blog-2\/wp-json\/wp\/v2\/media\/10242"}],"wp:attachment":[{"href":"https:\/\/blog.caule.com.br\/blog-2\/wp-json\/wp\/v2\/media?parent=10226"}],"wp:term":[{"taxonomy":"category","embeddable":true,"href":"https:\/\/blog.caule.com.br\/blog-2\/wp-json\/wp\/v2\/categories?post=10226"},{"taxonomy":"post_tag","embeddable":true,"href":"https:\/\/blog.caule.com.br\/blog-2\/wp-json\/wp\/v2\/tags?post=10226"}],"curies":[{"name":"wp","href":"https:\/\/api.w.org\/{rel}","templated":true}]}}