{"id":10189,"date":"2025-07-03T19:38:44","date_gmt":"2025-07-03T19:38:44","guid":{"rendered":"https:\/\/blog.caule.com.br\/blog-2\/?p=10189"},"modified":"2025-07-03T20:44:50","modified_gmt":"2025-07-03T20:44:50","slug":"protetor-fisico-vs-quimico-qual-e-o-melhor-para-sua-pele","status":"publish","type":"post","link":"https:\/\/blog.caule.com.br\/blog-2\/2025\/protetor-fisico-vs-quimico-qual-e-o-melhor-para-sua-pele\/","title":{"rendered":"Protetor F\u00edsico vs. Qu\u00edmico: Qual \u00e9 o Melhor para Sua Pele?"},"content":{"rendered":"<p><span style=\"font-weight: 400;\">Quando se trata de cuidar da pele, uma das d\u00favidas mais comuns \u00e9 sobre a escolha entre protetor f\u00edsico e qu\u00edmico. <\/span><\/p>\n<p><span style=\"font-weight: 400;\">Ambos oferecem prote\u00e7\u00e3o essencial contra os danos dos raios UV, mas suas composi\u00e7\u00f5es e formas de atua\u00e7\u00e3o s\u00e3o distintas. <\/span><\/p>\n<p><span style=\"font-weight: 400;\">Sabia que o protetor solar f\u00edsico cria uma barreira na superf\u00edcie da pele, refletindo a luz solar? <\/span><\/p>\n<p><span style=\"font-weight: 400;\">J\u00e1 o protetor qu\u00edmico absorve os raios e os transforma em calor, que \u00e9 ent\u00e3o liberado pela pele. <\/span><\/p>\n<p><span style=\"font-weight: 400;\">Neste post, vamos explorar as vantagens e desvantagens de cada tipo, ajudando a encontrar a melhor op\u00e7\u00e3o para necessidades espec\u00edficas. <\/span><\/p>\n<p><span style=\"font-weight: 400;\">Ao final, ter\u00e1 clareza sobre qual protetor \u00e9 mais adequado para manter sua pele saud\u00e1vel e radiante.<\/span><\/p>\n<p><span style=\"font-weight: 400;\">Podendo assim aproveitar os dias ensolarados com confian\u00e7a! <\/span><\/p>\n<p><span style=\"font-weight: 400;\">Prepare-se para descobrir qual \u00e9 a escolha ideal para voc\u00ea!<img decoding=\"async\" class=\"size-large wp-image-10192 aligncenter\" src=\"https:\/\/blog.caule.com.br\/blog-2\/wp-content\/uploads\/2025\/06\/protetor-fisico-vs-quimico-1024x576.jpg\" alt=\"\" width=\"800\" height=\"450\" srcset=\"https:\/\/blog.caule.com.br\/blog-2\/wp-content\/uploads\/2025\/06\/protetor-fisico-vs-quimico-1024x576.jpg 1024w, https:\/\/blog.caule.com.br\/blog-2\/wp-content\/uploads\/2025\/06\/protetor-fisico-vs-quimico-300x169.jpg 300w, https:\/\/blog.caule.com.br\/blog-2\/wp-content\/uploads\/2025\/06\/protetor-fisico-vs-quimico-768x432.jpg 768w, https:\/\/blog.caule.com.br\/blog-2\/wp-content\/uploads\/2025\/06\/protetor-fisico-vs-quimico.jpg 1280w\" sizes=\"(max-width: 800px) 100vw, 800px\" \/><\/span><\/p>\n<h2><span style=\"font-weight: 400;\">Introdu\u00e7\u00e3o aos Protetores Solares<\/span><\/h2>\n<p><span style=\"font-weight: 400;\">Quando o assunto \u00e9 prote\u00e7\u00e3o solar, a escolha do protetor adequado \u00e9 crucial para manter a sa\u00fade da pele. <\/span><\/p>\n<p><span style=\"font-weight: 400;\">A exposi\u00e7\u00e3o aos raios ultravioletas (UV) pode causar diversos danos, desde queimaduras solares at\u00e9 o envelhecimento precoce e o desenvolvimento de c\u00e2ncer de pele. <\/span><\/p>\n<p><span style=\"font-weight: 400;\">Em um pa\u00eds tropical como o Brasil, onde o sol \u00e9 uma presen\u00e7a constante, entender as op\u00e7\u00f5es dispon\u00edveis para prote\u00e7\u00e3o solar \u00e9 essencial.<\/span><\/p>\n<p><span style=\"font-weight: 400;\">Os protetores solares s\u00e3o divididos em duas categorias principais: f\u00edsicos e qu\u00edmicos. <\/span><\/p>\n<p><span style=\"font-weight: 400;\">Cada um possui caracter\u00edsticas espec\u00edficas que influenciam a forma como protegem a pele dos danos causados pelos raios UV. <\/span><\/p>\n<p><span style=\"font-weight: 400;\">Enquanto os protetores f\u00edsicos atuam criando uma barreira sobre a pele, os qu\u00edmicos funcionam de maneira diferente, absorvendo a radia\u00e7\u00e3o solar.<\/span><\/p>\n<p><span style=\"font-weight: 400;\">Agora, vamos explorar em detalhes o que s\u00e3o protetores f\u00edsicos e qu\u00edmicos, suas diferen\u00e7as, vantagens e como escolher o mais adequado para seu tipo de pele. <\/span><\/p>\n<p><span style=\"font-weight: 400;\">Al\u00e9m disso, desmistificaremos algumas cren\u00e7as comuns sobre protetores solares e daremos dicas adicionais para uma prote\u00e7\u00e3o solar eficaz.\u00a0<\/span><\/p>\n<h2><span style=\"font-weight: 400;\">O que s\u00e3o Protetores F\u00edsicos?<\/span><\/h2>\n<p><span style=\"font-weight: 400;\">Os protetores solares f\u00edsicos, tamb\u00e9m conhecidos como minerais, s\u00e3o naturais e cont\u00eam ingredientes ativos como \u00f3xido de zinco e di\u00f3xido de tit\u00e2nio. <\/span><\/p>\n<p><span style=\"font-weight: 400;\">Esses minerais formam uma barreira f\u00edsica na superf\u00edcie da pele que reflete os raios UV, impedindo-os de penetrar e causar danos. <\/span><\/p>\n<p><span style=\"font-weight: 400;\">Por n\u00e3o penetrar na pele, s\u00e3o considerados uma op\u00e7\u00e3o mais segura por ser uma mol\u00e9cula est\u00e1vel que n\u00e3o sofre altera\u00e7\u00e3o qu\u00edmica.<\/span><\/p>\n<p><span style=\"font-weight: 400;\">\u00c9 o melhor para pessoas que buscam maior seguran\u00e7a em termos de toxicidade nos cosm\u00e9ticos, pois tem a formula\u00e7\u00e3o natural.<\/span><\/p>\n<p>Bem como, \u00e9 o mais sustent\u00e1vel pois n\u00e3o agride a barreira de corais e n\u00e3o polui a \u00e1gua.<\/p>\n<p><span style=\"font-weight: 400;\">Tamb\u00e9m \u00e9 o mais recomendado para pessoas com pele sens\u00edvel ou condi\u00e7\u00f5es dermatol\u00f3gicas espec\u00edficas.<\/span><\/p>\n<p><span style=\"font-weight: 400;\">Uma das principais caracter\u00edsticas dos protetores f\u00edsicos \u00e9 a sua capacidade de oferecer prote\u00e7\u00e3o imediata ap\u00f3s a aplica\u00e7\u00e3o. <\/span><\/p>\n<p>Ideal para proteger as crian\u00e7as imediatamente pois n\u00e3o demanda espera ap\u00f3s a aplica\u00e7\u00e3o.<\/p>\n<p><img decoding=\"async\" class=\"size-large wp-image-10184 aligncenter\" src=\"https:\/\/blog.caule.com.br\/blog-2\/wp-content\/uploads\/2021\/02\/nicolas-na-praia-768x1024.jpg\" alt=\"\" width=\"768\" height=\"1024\" srcset=\"https:\/\/blog.caule.com.br\/blog-2\/wp-content\/uploads\/2021\/02\/nicolas-na-praia-768x1024.jpg 768w, https:\/\/blog.caule.com.br\/blog-2\/wp-content\/uploads\/2021\/02\/nicolas-na-praia-225x300.jpg 225w, https:\/\/blog.caule.com.br\/blog-2\/wp-content\/uploads\/2021\/02\/nicolas-na-praia-1152x1536.jpg 1152w, https:\/\/blog.caule.com.br\/blog-2\/wp-content\/uploads\/2021\/02\/nicolas-na-praia.jpg 1536w\" sizes=\"(max-width: 768px) 100vw, 768px\" \/><\/p>\n<p><span style=\"font-weight: 400;\">Diferente dos protetores qu\u00edmicos, que precisam de tempo para serem absorvidos e come\u00e7arem a agir.<\/span><\/p>\n<p><span style=\"font-weight: 400;\">Ou seja, os filtros f\u00edsicos come\u00e7am a proteger a pele assim que s\u00e3o aplicados. <\/span><\/p>\n<p><span style=\"font-weight: 400;\">Isso \u00e9 particularmente vantajoso para quem est\u00e1 sempre em movimento e precisa de prote\u00e7\u00e3o r\u00e1pida e eficaz.<\/span><\/p>\n<p><span style=\"font-weight: 400;\">Al\u00e9m disso, os protetores f\u00edsicos tendem a ser mais est\u00e1veis sob a luz solar. <\/span><\/p>\n<p><span style=\"font-weight: 400;\">Isso significa que eles mant\u00eam sua efic\u00e1cia por mais tempo quando expostos ao sol, sem se degradar rapidamente. <\/span><\/p>\n<p><span style=\"font-weight: 400;\">Essa estabilidade os torna ideais para atividades ao ar livre prolongadas, como surf, caminhadas, passeios na praia ou esportes ao ar livre.<\/span><\/p>\n<p><strong>Aqui o nosso protetor f\u00edsico formulado com base na sabedoria da medicina ayurveda:<\/strong><\/p>\n<figure id=\"attachment_10177\" aria-describedby=\"caption-attachment-10177\" style=\"width: 800px\" class=\"wp-caption aligncenter\"><a href=\"https:\/\/caule.com.br\/produto-protetor-solar-natural-fps-33-rosto-e-corpo-caule-100g-cau73\" target=\"_blank\" rel=\"noopener\"><img decoding=\"async\" class=\"wp-image-10177 size-large\" src=\"https:\/\/blog.caule.com.br\/blog-2\/wp-content\/uploads\/2021\/02\/protetor-solar-natural-fps-33-rosto-e-corpo-caule-100g-e1749746976589-1024x590.jpeg\" alt=\"\" width=\"800\" height=\"461\" srcset=\"https:\/\/blog.caule.com.br\/blog-2\/wp-content\/uploads\/2021\/02\/protetor-solar-natural-fps-33-rosto-e-corpo-caule-100g-e1749746976589-1024x590.jpeg 1024w, https:\/\/blog.caule.com.br\/blog-2\/wp-content\/uploads\/2021\/02\/protetor-solar-natural-fps-33-rosto-e-corpo-caule-100g-e1749746976589-300x173.jpeg 300w, https:\/\/blog.caule.com.br\/blog-2\/wp-content\/uploads\/2021\/02\/protetor-solar-natural-fps-33-rosto-e-corpo-caule-100g-e1749746976589-768x443.jpeg 768w, https:\/\/blog.caule.com.br\/blog-2\/wp-content\/uploads\/2021\/02\/protetor-solar-natural-fps-33-rosto-e-corpo-caule-100g-e1749746976589.jpeg 1136w\" sizes=\"(max-width: 800px) 100vw, 800px\" \/><\/a><figcaption id=\"caption-attachment-10177\" class=\"wp-caption-text\">Protetor F\u00edsico Natural FPS 33 ROSTO e CORPO Caule 100g<\/figcaption><\/figure>\n<h2><span style=\"font-weight: 400;\">O que s\u00e3o Protetores Qu\u00edmicos?<\/span><\/h2>\n<p><span style=\"font-weight: 400;\">Os protetores solares qu\u00edmicos, por outro lado, utilizam compostos como avobenzona, oxybenzone, octinoxato, octocrileno, entre outros. <\/span><\/p>\n<p><span style=\"font-weight: 400;\">Esses ingredientes absorvem os raios UV e os transformam em calor, que \u00e9 ent\u00e3o liberado pela pele. <\/span><\/p>\n<p><span style=\"font-weight: 400;\">Ou seja, transformam as mol\u00e9culas quimicamente para proteger as c\u00e9lulas da pele dos danos causados pela radia\u00e7\u00e3o ultravioleta.<\/span><\/p>\n<p><strong>S\u00f3 que esses compostos est\u00e3o relacionados a diversos riscos \u00e0 sa\u00fade, veja aqui:<\/strong><\/p>\n<p><img decoding=\"async\" class=\"alignnone wp-image-10200 size-medium\" src=\"https:\/\/blog.caule.com.br\/blog-2\/wp-content\/uploads\/2025\/06\/8-240x300.jpg\" alt=\"\" width=\"240\" height=\"300\" srcset=\"https:\/\/blog.caule.com.br\/blog-2\/wp-content\/uploads\/2025\/06\/8-240x300.jpg 240w, https:\/\/blog.caule.com.br\/blog-2\/wp-content\/uploads\/2025\/06\/8-819x1024.jpg 819w, https:\/\/blog.caule.com.br\/blog-2\/wp-content\/uploads\/2025\/06\/8-768x960.jpg 768w, https:\/\/blog.caule.com.br\/blog-2\/wp-content\/uploads\/2025\/06\/8.jpg 1080w\" sizes=\"(max-width: 240px) 100vw, 240px\" \/> <img decoding=\"async\" class=\"alignnone wp-image-10199 size-medium\" src=\"https:\/\/blog.caule.com.br\/blog-2\/wp-content\/uploads\/2025\/06\/7-240x300.jpg\" alt=\"\" width=\"240\" height=\"300\" srcset=\"https:\/\/blog.caule.com.br\/blog-2\/wp-content\/uploads\/2025\/06\/7-240x300.jpg 240w, https:\/\/blog.caule.com.br\/blog-2\/wp-content\/uploads\/2025\/06\/7-819x1024.jpg 819w, https:\/\/blog.caule.com.br\/blog-2\/wp-content\/uploads\/2025\/06\/7-768x960.jpg 768w, https:\/\/blog.caule.com.br\/blog-2\/wp-content\/uploads\/2025\/06\/7.jpg 1080w\" sizes=\"(max-width: 240px) 100vw, 240px\" \/> <img decoding=\"async\" class=\"alignnone wp-image-10197 size-medium\" src=\"https:\/\/blog.caule.com.br\/blog-2\/wp-content\/uploads\/2025\/06\/6-240x300.jpg\" alt=\"\" width=\"240\" height=\"300\" srcset=\"https:\/\/blog.caule.com.br\/blog-2\/wp-content\/uploads\/2025\/06\/6-240x300.jpg 240w, https:\/\/blog.caule.com.br\/blog-2\/wp-content\/uploads\/2025\/06\/6-819x1024.jpg 819w, https:\/\/blog.caule.com.br\/blog-2\/wp-content\/uploads\/2025\/06\/6-768x960.jpg 768w, https:\/\/blog.caule.com.br\/blog-2\/wp-content\/uploads\/2025\/06\/6.jpg 1080w\" sizes=\"(max-width: 240px) 100vw, 240px\" \/>\u00a0<img decoding=\"async\" class=\"alignnone wp-image-10198 size-medium\" src=\"https:\/\/blog.caule.com.br\/blog-2\/wp-content\/uploads\/2025\/06\/5-240x300.jpg\" alt=\"\" width=\"240\" height=\"300\" srcset=\"https:\/\/blog.caule.com.br\/blog-2\/wp-content\/uploads\/2025\/06\/5-240x300.jpg 240w, https:\/\/blog.caule.com.br\/blog-2\/wp-content\/uploads\/2025\/06\/5-819x1024.jpg 819w, https:\/\/blog.caule.com.br\/blog-2\/wp-content\/uploads\/2025\/06\/5-768x960.jpg 768w, https:\/\/blog.caule.com.br\/blog-2\/wp-content\/uploads\/2025\/06\/5.jpg 1080w\" sizes=\"(max-width: 240px) 100vw, 240px\" \/><\/p>\n<p><span style=\"font-weight: 400;\">Diferente dos protetores f\u00edsicos, os qu\u00edmicos precisam de cerca de 20 a 30 minutos ap\u00f3s a aplica\u00e7\u00e3o para come\u00e7ar a oferecer prote\u00e7\u00e3o. <\/span><\/p>\n<p><span style=\"font-weight: 400;\">Isso ocorre porque os compostos ativos necessitam de tempo para serem absorvidos pela camada superficial da pele.<\/span><\/p>\n<p><span style=\"font-weight: 400;\"> Portanto, \u00e9 necess\u00e1rio aplicar o protetor qu\u00edmico com anteced\u00eancia para garantir a prote\u00e7\u00e3o.<\/span><\/p>\n<p><span style=\"font-weight: 400;\">A desvantagem dos protetores qu\u00edmicos \u00e9 justamente a sua formula\u00e7\u00e3o, com v\u00e1rios ingredientes qu\u00edmicos sint\u00e9ticos prejudiciais a sa\u00fade. <\/span><\/p>\n<p><span style=\"font-weight: 400;\">Eles s\u00e3o frequentemente utilizados para trazer mais estabilidade \u00e0s formula\u00e7\u00f5es, mesmo que ofere\u00e7am riscos&#8230;<\/span><\/p>\n<p><span style=\"font-weight: 400;\">Ou seja, &#8220;protege da radia\u00e7\u00e3o UV&#8221; mas intoxica quem usa, polui as \u00e1guas e afeta diretamente as barreiras de corais.<\/span><\/p>\n<p><span style=\"font-weight: 400;\"> Agora que sabe disso tudo o que vai fazer? <\/span><\/p>\n<p><span style=\"font-weight: 400;\">S\u00e9rio, se ainda tem protetor qu\u00edmico em casa, d\u00e1 uma conferida no verso do frasco, l\u00e1 nas letrinhas mi\u00fadas e veja se encontra esses compostos na lista de ingredientes!<\/span><\/p>\n<p>Ainda ter\u00e1 coragem de usar? Passar em quem ama?!<\/p>\n<figure id=\"attachment_10201\" aria-describedby=\"caption-attachment-10201\" style=\"width: 708px\" class=\"wp-caption aligncenter\"><img decoding=\"async\" class=\"wp-image-10201 size-full\" src=\"https:\/\/blog.caule.com.br\/blog-2\/wp-content\/uploads\/2025\/06\/corais-mortos.png\" alt=\"\" width=\"708\" height=\"471\" srcset=\"https:\/\/blog.caule.com.br\/blog-2\/wp-content\/uploads\/2025\/06\/corais-mortos.png 708w, https:\/\/blog.caule.com.br\/blog-2\/wp-content\/uploads\/2025\/06\/corais-mortos-300x200.png 300w\" sizes=\"(max-width: 708px) 100vw, 708px\" \/><figcaption id=\"caption-attachment-10201\" class=\"wp-caption-text\">Branqueamento da barreira de corais<\/figcaption><\/figure>\n<h2><span style=\"font-weight: 400;\">Vantagens dos Protetores F\u00edsicos<\/span><\/h2>\n<p><span style=\"font-weight: 400;\">Uma das principais vantagens dos protetores f\u00edsicos \u00e9 a sua adequa\u00e7\u00e3o para todos os tipos de pele.<\/span><\/p>\n<p><span style=\"font-weight: 400;\">Bem como para pessoas com tend\u00eancia a alergia e especialmente aquelas com peles mais sens\u00edveis. <\/span><\/p>\n<p><span style=\"font-weight: 400;\">Como esses protetores n\u00e3o penetram na pele, o risco de irrita\u00e7\u00e3o \u00e9 significativamente menor. <\/span><\/p>\n<p><span style=\"font-weight: 400;\">Isso os torna uma excelente escolha para pessoas com condi\u00e7\u00f5es dermatol\u00f3gicas como ros\u00e1cea, eczema ou acne.<\/span><\/p>\n<p><span style=\"font-weight: 400;\">Outra vantagem \u00e9 a prote\u00e7\u00e3o imediata que oferecem. <\/span><\/p>\n<p><span style=\"font-weight: 400;\">Para quem precisa de uma solu\u00e7\u00e3o r\u00e1pida e eficaz, os protetores f\u00edsicos s\u00e3o ideais, pois come\u00e7am a proteger a pele assim que aplicados. <\/span><\/p>\n<p><span style=\"font-weight: 400;\">Isso \u00e9 particularmente \u00fatil para situa\u00e7\u00f5es em que a exposi\u00e7\u00e3o ao sol n\u00e3o pode ser planejada com anteced\u00eancia, como atividades ao ar livre de \u00faltima hora.<\/span><\/p>\n<p><span style=\"font-weight: 400;\">Adicionalmente, os protetores f\u00edsicos s\u00e3o geralmente mais est\u00e1veis sob a luz solar, proporcionando uma prote\u00e7\u00e3o duradoura. <\/span><\/p>\n<p><span style=\"font-weight: 400;\">Eles n\u00e3o se degradam t\u00e3o rapidamente quanto alguns protetores qu\u00edmicos, o que significa menos necessidade de reaplica\u00e7\u00e3o frequente. <\/span><\/p>\n<p><span style=\"font-weight: 400;\">Isso \u00e9 especialmente vantajoso para quem passa longos per\u00edodos ao ar livre e n\u00e3o quer se preocupar com a reaplica\u00e7\u00e3o constante.<\/span><\/p>\n<p><img decoding=\"async\" class=\"size-large wp-image-10212 aligncenter\" src=\"https:\/\/blog.caule.com.br\/blog-2\/wp-content\/uploads\/2025\/07\/solar-zinco-arte-1024x1024.jpg\" alt=\"\" width=\"800\" height=\"800\" srcset=\"https:\/\/blog.caule.com.br\/blog-2\/wp-content\/uploads\/2025\/07\/solar-zinco-arte-1024x1024.jpg 1024w, https:\/\/blog.caule.com.br\/blog-2\/wp-content\/uploads\/2025\/07\/solar-zinco-arte-300x300.jpg 300w, https:\/\/blog.caule.com.br\/blog-2\/wp-content\/uploads\/2025\/07\/solar-zinco-arte-150x150.jpg 150w, https:\/\/blog.caule.com.br\/blog-2\/wp-content\/uploads\/2025\/07\/solar-zinco-arte-768x768.jpg 768w, https:\/\/blog.caule.com.br\/blog-2\/wp-content\/uploads\/2025\/07\/solar-zinco-arte.jpg 1080w\" sizes=\"(max-width: 800px) 100vw, 800px\" \/><\/p>\n<h3><span style=\"font-weight: 400;\">Como escolher o protetor solar ideal para seu tipo de pele<\/span><\/h3>\n<p><span style=\"font-weight: 400;\">Escolher o protetor solar ideal depende de v\u00e1rios fatores, incluindo seu tipo de pele, estilo de vida e prefer\u00eancias pessoais. <\/span><\/p>\n<p><span style=\"font-weight: 400;\">Para quem tem pele sens\u00edvel ou propensa a irrita\u00e7\u00f5es, os protetores f\u00edsicos s\u00e3o geralmente a melhor op\u00e7\u00e3o, devido ao menor risco de rea\u00e7\u00f5es adversas. <\/span><\/p>\n<p><span style=\"font-weight: 400;\">J\u00e1 que a f\u00f3rmula \u00e9 limpa, ou seja, livre de ingredientes sint\u00e9ticos t\u00f3xicos.<\/span><\/p>\n<p><span style=\"font-weight: 400;\">Al\u00e9m disso, \u00e9 importante considerar o n\u00edvel de exposi\u00e7\u00e3o solar ao qual voc\u00ea estar\u00e1 sujeito. <\/span><\/p>\n<p>O melhor \u00e9 aproveitar o Sol um pouco antes de aplicar o protetor solar pra dar tempo de metabolizar o horm\u00f4nio ou vitamina D.<\/p>\n<h3><span style=\"font-weight: 400;\">Mitos e verdades sobre protetores solares<\/span><\/h3>\n<p><span style=\"font-weight: 400;\">Existem mitos em torno do uso de protetores solares, e \u00e9 importante desmistific\u00e1-los para garantir uma prote\u00e7\u00e3o adequada.\u00a0<\/span><\/p>\n<p><span style=\"font-weight: 400;\">H\u00e1 uma cren\u00e7a de que protetores solares com fator de prote\u00e7\u00e3o (FPS) muito alto s\u00e3o necess\u00e1rios. <\/span><\/p>\n<p><span style=\"font-weight: 400;\">Na verdade, enquanto um FPS 30 bloqueia cerca de 97% dos raios UVB, um FPS 50 bloqueia cerca de 98%.<\/span><\/p>\n<p><img decoding=\"async\" class=\"alignnone size-full wp-image-10207\" src=\"https:\/\/blog.caule.com.br\/blog-2\/wp-content\/uploads\/2025\/07\/absorcao-protetor.jpeg\" alt=\"\" width=\"768\" height=\"470\" srcset=\"https:\/\/blog.caule.com.br\/blog-2\/wp-content\/uploads\/2025\/07\/absorcao-protetor.jpeg 768w, https:\/\/blog.caule.com.br\/blog-2\/wp-content\/uploads\/2025\/07\/absorcao-protetor-300x184.jpeg 300w\" sizes=\"(max-width: 768px) 100vw, 768px\" \/><\/p>\n<p><span style=\"font-weight: 400;\">Ou seja, para pessoas com pele muito sens\u00edvel ou hist\u00f3rico de c\u00e2ncer de pele, o ideal \u00e9 reaplicar o protetor com maior frequ\u00eancia.<\/span><\/p>\n<p><span style=\"font-weight: 400;\">Ap\u00f3s 2hs de exposi\u00e7\u00e3o, banho de mar ou piscina, ou quando tiver sudorese mais intensa para garantir uma margem extra de seguran\u00e7a.<\/span><\/p>\n<h3><span style=\"font-weight: 400;\">Cuidados adicionais para prote\u00e7\u00e3o solar<\/span><\/h3>\n<p><span style=\"font-weight: 400;\">Manter a pele hidratada \u00e9 outra etapa crucial na prote\u00e7\u00e3o solar.\u00a0<\/span><span style=\"font-weight: 400;\">A exposi\u00e7\u00e3o ao sol pode ressecar a pele, tornando-a mais vulner\u00e1vel a danos. <\/span><\/p>\n<p><span style=\"font-weight: 400;\">Usar \u00f3leos vegetais \u00e9 uma maneira eficiente de nutrir e hidratar a pele. A gente indica usar o \u00f3leo de gergelim antes da exposi\u00e7\u00e3o solar.<\/span><\/p>\n<p>Pra pele ficar protegida e fortalecida antes da exposi\u00e7\u00e3o, depois que a pele absorver o \u00f3leo pode caprichar no protetor solar.<\/p>\n<p><span style=\"font-weight: 400;\">Usar hidratantes que contenham ingredientes calmantes, como aloe vera e camomila, pode ajudar a manter a pele saud\u00e1vel.<\/span><\/p>\n<p><span style=\"font-weight: 400;\">Aqui na loja Caule temos algumas op\u00e7\u00f5es de <a href=\"https:\/\/caule.com.br\/categoria-higiene-e-beleza\/categoria-corpo\/categoria-hidratante-corporal-natural\" target=\"_blank\" rel=\"noopener\">hidratantes naturais<\/a> pra escolher qual prefere e reparar qualquer dano causado pelo sol.<\/span><\/p>\n<p>E como p\u00f3s sol pode usar o \u00f3leo de coco que tem a\u00e7\u00e3o refrescante e traz um toque acetinado na pele.<\/p>\n<p>Pode parecer exagerado, \u00f3leo antes de depois da exposi\u00e7\u00e3o solar, s\u00f3 que isso trar\u00e1 uma nutri\u00e7\u00e3o e fortalecimento profundos para a pele.<\/p>\n<p>E pra quem acabou passando um pouco o tempo de exposi\u00e7\u00e3o e sentiu a pele ficar ardida, pode usar o gel de aloe vera para acalmar a pele.<\/p>\n<h3><span style=\"font-weight: 400;\">Qual protetor solar escolher?<\/span><\/h3>\n<p>Enfim, qual protetor escolher? \u00c9 imprescind\u00edvel optar por protetores solares naturais, que tem a f\u00f3rmula livre de ingredientes t\u00f3xicos.<\/p>\n<p>Por isso desenvolvemos o <a href=\"https:\/\/caule.com.br\/produto-protetor-solar-natural-fps-33-rosto-e-corpo-caule-100g-cau73\" target=\"_blank\" rel=\"noopener\">protetor f\u00edsico<\/a>, que al\u00e9m de ser um hidratante com a\u00e7\u00e3o calmante e regeneradora, protege dos raios danosos.<\/p>\n<p><img decoding=\"async\" class=\"size-large wp-image-10174 aligncenter\" src=\"https:\/\/blog.caule.com.br\/blog-2\/wp-content\/uploads\/2021\/02\/protetor-solar-arte-1024x1024.jpg\" alt=\"\" width=\"800\" height=\"800\" srcset=\"https:\/\/blog.caule.com.br\/blog-2\/wp-content\/uploads\/2021\/02\/protetor-solar-arte-1024x1024.jpg 1024w, https:\/\/blog.caule.com.br\/blog-2\/wp-content\/uploads\/2021\/02\/protetor-solar-arte-300x300.jpg 300w, https:\/\/blog.caule.com.br\/blog-2\/wp-content\/uploads\/2021\/02\/protetor-solar-arte-150x150.jpg 150w, https:\/\/blog.caule.com.br\/blog-2\/wp-content\/uploads\/2021\/02\/protetor-solar-arte-768x768.jpg 768w, https:\/\/blog.caule.com.br\/blog-2\/wp-content\/uploads\/2021\/02\/protetor-solar-arte.jpg 1080w\" sizes=\"(max-width: 800px) 100vw, 800px\" \/><\/p>\n<p>N\u00e3o d\u00e1 mais pra ficar passando na pele protetores qu\u00edmicos, repletos de ingredientes t\u00f3xicos&#8230;<\/p>\n<p>Que intoxicam nosso corpo e poluem as \u00e1guas, contribuindo pro branqueamento dos recifes de corais&#8230;<\/p>\n<p>\u00c9 nossa responsabilidade zelar pelas \u00e1guas e vidas silvestres agora!<\/p>\n<p><span style=\"font-weight: 400;\">Lembre-se de que, al\u00e9m do protetor solar, outras medidas como o uso de roupas de prote\u00e7\u00e3o e manter a pele hidratada s\u00e3o essenciais para uma prote\u00e7\u00e3o completa. <\/span><\/p>\n<p><span style=\"font-weight: 400;\">Ao integrar essas pr\u00e1ticas em sua rotina di\u00e1ria, voc\u00ea pode desfrutar do sol de maneira segura e manter sua pele saud\u00e1vel e radiante.<\/span><\/p>\n<p>Quer revender nosso protetor f\u00edsico a\u00ed na tua loja ou cidade? Revenda Caule em <a href=\"https:\/\/caule.com.br\/revendas\" target=\"_blank\" rel=\"noopener\">revenda.caule.com.br<\/a><\/p>\n<p>&nbsp;<\/p>\n","protected":false},"excerpt":{"rendered":"<p>Quando se trata de cuidar da pele, uma das d\u00favidas mais comuns \u00e9 sobre a escolha entre protetor f\u00edsico e<\/p>\n","protected":false},"author":2,"featured_media":10192,"comment_status":"open","ping_status":"open","sticky":false,"template":"","format":"standard","meta":{"colormag_page_container_layout":"default_layout","colormag_page_sidebar_layout":"default_layout","_jetpack_memberships_contains_paid_content":false,"footnotes":""},"categories":[1544,30,31,50,37,76,65],"tags":[1908,1904,1909,1910,1911,78,1905,1906,1907],"class_list":["post-10189","post","type-post","status-publish","format-standard","has-post-thumbnail","hentry","category-ayurveda","category-consumo-consciente","category-cosmeticos-naturais","category-cosmeticos-veganos-2","category-estilo-de-vida-ecologico","category-males-dos-cosmeticos-convencionais","category-saude-e-beleza-integral","tag-protecao-solar-ayurveda","tag-protecao-solar-natural","tag-protetor-fisico","tag-protetor-fisico-natural","tag-protetor-fisico-vegano","tag-protetor-solar-fisico","tag-protetor-solar-natural-fisico","tag-protetor-solar-vegano-fisico","tag-protetor-solar-vegano-natural"],"yoast_head":"<!-- This site is optimized with the Yoast SEO plugin v27.5 - https:\/\/yoast.com\/product\/yoast-seo-wordpress\/ -->\n<title>Protetor F\u00edsico vs. Qu\u00edmico: Qual \u00e9 o Melhor para Sua Pele? - Blog<\/title>\n<meta name=\"description\" content=\"Uma d\u00favida comum \u00e9 sobre a escolha entre protetor f\u00edsico e qu\u00edmico. Suas composi\u00e7\u00f5es e formas de atua\u00e7\u00e3o s\u00e3o distintas, entenda agora!\" \/>\n<meta name=\"robots\" content=\"index, follow, max-snippet:-1, max-image-preview:large, max-video-preview:-1\" \/>\n<link rel=\"canonical\" href=\"https:\/\/blog.caule.com.br\/blog-2\/2025\/protetor-fisico-vs-quimico-qual-e-o-melhor-para-sua-pele\/\" \/>\n<meta property=\"og:locale\" content=\"pt_BR\" \/>\n<meta property=\"og:type\" content=\"article\" \/>\n<meta property=\"og:title\" content=\"Protetor F\u00edsico vs. Qu\u00edmico: Qual \u00e9 o Melhor para Sua Pele? - Blog\" \/>\n<meta property=\"og:description\" content=\"Uma d\u00favida comum \u00e9 sobre a escolha entre protetor f\u00edsico e qu\u00edmico. Suas composi\u00e7\u00f5es e formas de atua\u00e7\u00e3o s\u00e3o distintas, entenda agora!\" \/>\n<meta property=\"og:url\" content=\"https:\/\/blog.caule.com.br\/blog-2\/2025\/protetor-fisico-vs-quimico-qual-e-o-melhor-para-sua-pele\/\" \/>\n<meta property=\"og:site_name\" content=\"Blog\" \/>\n<meta property=\"article:publisher\" content=\"https:\/\/www.facebook.com\/CauleDistribuidora\" \/>\n<meta property=\"article:published_time\" content=\"2025-07-03T19:38:44+00:00\" \/>\n<meta property=\"article:modified_time\" content=\"2025-07-03T20:44:50+00:00\" \/>\n<meta property=\"og:image\" content=\"https:\/\/blog.caule.com.br\/blog-2\/wp-content\/uploads\/2025\/06\/protetor-fisico-vs-quimico.jpg\" \/>\n\t<meta property=\"og:image:width\" content=\"1280\" \/>\n\t<meta property=\"og:image:height\" content=\"720\" \/>\n\t<meta property=\"og:image:type\" content=\"image\/jpeg\" \/>\n<meta name=\"author\" content=\"Janine Schmitz\" \/>\n<meta name=\"twitter:card\" content=\"summary_large_image\" \/>\n<meta name=\"twitter:label1\" content=\"Escrito por\" \/>\n\t<meta name=\"twitter:data1\" content=\"Janine Schmitz\" \/>\n\t<meta name=\"twitter:label2\" content=\"Est. tempo de leitura\" \/>\n\t<meta name=\"twitter:data2\" content=\"11 minutos\" \/>\n<script type=\"application\/ld+json\" class=\"yoast-schema-graph\">{\"@context\":\"https:\\\/\\\/schema.org\",\"@graph\":[{\"@type\":\"Article\",\"@id\":\"https:\\\/\\\/blog.caule.com.br\\\/blog-2\\\/2025\\\/protetor-fisico-vs-quimico-qual-e-o-melhor-para-sua-pele\\\/#article\",\"isPartOf\":{\"@id\":\"https:\\\/\\\/blog.caule.com.br\\\/blog-2\\\/2025\\\/protetor-fisico-vs-quimico-qual-e-o-melhor-para-sua-pele\\\/\"},\"author\":{\"name\":\"Janine Schmitz\",\"@id\":\"https:\\\/\\\/blog.caule.com.br\\\/blog-2\\\/#\\\/schema\\\/person\\\/8da0d35def75a41f0bfc5549c0bef059\"},\"headline\":\"Protetor F\u00edsico vs. Qu\u00edmico: Qual \u00e9 o Melhor para Sua Pele?\",\"datePublished\":\"2025-07-03T19:38:44+00:00\",\"dateModified\":\"2025-07-03T20:44:50+00:00\",\"mainEntityOfPage\":{\"@id\":\"https:\\\/\\\/blog.caule.com.br\\\/blog-2\\\/2025\\\/protetor-fisico-vs-quimico-qual-e-o-melhor-para-sua-pele\\\/\"},\"wordCount\":1724,\"commentCount\":0,\"publisher\":{\"@id\":\"https:\\\/\\\/blog.caule.com.br\\\/blog-2\\\/#organization\"},\"image\":{\"@id\":\"https:\\\/\\\/blog.caule.com.br\\\/blog-2\\\/2025\\\/protetor-fisico-vs-quimico-qual-e-o-melhor-para-sua-pele\\\/#primaryimage\"},\"thumbnailUrl\":\"https:\\\/\\\/blog.caule.com.br\\\/blog-2\\\/wp-content\\\/uploads\\\/2025\\\/06\\\/protetor-fisico-vs-quimico.jpg\",\"keywords\":[\"prote\u00e7\u00e3o solar ayurveda\",\"prote\u00e7\u00e3o solar natural\",\"protetor fisico\",\"protetor f\u00edsico natural\",\"protetor f\u00edsico vegano\",\"protetor solar f\u00edsico\",\"protetor solar natural f\u00edsico\",\"protetor solar vegano f\u00edsico\",\"protetor solar vegano natural\"],\"articleSection\":[\"Ayurveda\",\"Consumo Consciente\",\"Cosm\u00e9ticos Naturais\",\"Cosm\u00e9ticos Veganos\",\"Estilo de Vida Ecol\u00f3gico\",\"Males dos Cosm\u00e9ticos Convencionais\",\"Sa\u00fade e Beleza Integral\"],\"inLanguage\":\"pt-BR\",\"potentialAction\":[{\"@type\":\"CommentAction\",\"name\":\"Comment\",\"target\":[\"https:\\\/\\\/blog.caule.com.br\\\/blog-2\\\/2025\\\/protetor-fisico-vs-quimico-qual-e-o-melhor-para-sua-pele\\\/#respond\"]}]},{\"@type\":\"WebPage\",\"@id\":\"https:\\\/\\\/blog.caule.com.br\\\/blog-2\\\/2025\\\/protetor-fisico-vs-quimico-qual-e-o-melhor-para-sua-pele\\\/\",\"url\":\"https:\\\/\\\/blog.caule.com.br\\\/blog-2\\\/2025\\\/protetor-fisico-vs-quimico-qual-e-o-melhor-para-sua-pele\\\/\",\"name\":\"Protetor F\u00edsico vs. Qu\u00edmico: Qual \u00e9 o Melhor para Sua Pele? - Blog\",\"isPartOf\":{\"@id\":\"https:\\\/\\\/blog.caule.com.br\\\/blog-2\\\/#website\"},\"primaryImageOfPage\":{\"@id\":\"https:\\\/\\\/blog.caule.com.br\\\/blog-2\\\/2025\\\/protetor-fisico-vs-quimico-qual-e-o-melhor-para-sua-pele\\\/#primaryimage\"},\"image\":{\"@id\":\"https:\\\/\\\/blog.caule.com.br\\\/blog-2\\\/2025\\\/protetor-fisico-vs-quimico-qual-e-o-melhor-para-sua-pele\\\/#primaryimage\"},\"thumbnailUrl\":\"https:\\\/\\\/blog.caule.com.br\\\/blog-2\\\/wp-content\\\/uploads\\\/2025\\\/06\\\/protetor-fisico-vs-quimico.jpg\",\"datePublished\":\"2025-07-03T19:38:44+00:00\",\"dateModified\":\"2025-07-03T20:44:50+00:00\",\"description\":\"Uma d\u00favida comum \u00e9 sobre a escolha entre protetor f\u00edsico e qu\u00edmico. Suas composi\u00e7\u00f5es e formas de atua\u00e7\u00e3o s\u00e3o distintas, entenda agora!\",\"breadcrumb\":{\"@id\":\"https:\\\/\\\/blog.caule.com.br\\\/blog-2\\\/2025\\\/protetor-fisico-vs-quimico-qual-e-o-melhor-para-sua-pele\\\/#breadcrumb\"},\"inLanguage\":\"pt-BR\",\"potentialAction\":[{\"@type\":\"ReadAction\",\"target\":[\"https:\\\/\\\/blog.caule.com.br\\\/blog-2\\\/2025\\\/protetor-fisico-vs-quimico-qual-e-o-melhor-para-sua-pele\\\/\"]}]},{\"@type\":\"ImageObject\",\"inLanguage\":\"pt-BR\",\"@id\":\"https:\\\/\\\/blog.caule.com.br\\\/blog-2\\\/2025\\\/protetor-fisico-vs-quimico-qual-e-o-melhor-para-sua-pele\\\/#primaryimage\",\"url\":\"https:\\\/\\\/blog.caule.com.br\\\/blog-2\\\/wp-content\\\/uploads\\\/2025\\\/06\\\/protetor-fisico-vs-quimico.jpg\",\"contentUrl\":\"https:\\\/\\\/blog.caule.com.br\\\/blog-2\\\/wp-content\\\/uploads\\\/2025\\\/06\\\/protetor-fisico-vs-quimico.jpg\",\"width\":1280,\"height\":720,\"caption\":\"Protetor F\u00edsico vs. Qu\u00edmico\"},{\"@type\":\"BreadcrumbList\",\"@id\":\"https:\\\/\\\/blog.caule.com.br\\\/blog-2\\\/2025\\\/protetor-fisico-vs-quimico-qual-e-o-melhor-para-sua-pele\\\/#breadcrumb\",\"itemListElement\":[{\"@type\":\"ListItem\",\"position\":1,\"name\":\"Home\",\"item\":\"https:\\\/\\\/blog.caule.com.br\\\/blog-2\\\/\"},{\"@type\":\"ListItem\",\"position\":2,\"name\":\"Protetor F\u00edsico vs. Qu\u00edmico: Qual \u00e9 o Melhor para Sua Pele?\"}]},{\"@type\":\"WebSite\",\"@id\":\"https:\\\/\\\/blog.caule.com.br\\\/blog-2\\\/#website\",\"url\":\"https:\\\/\\\/blog.caule.com.br\\\/blog-2\\\/\",\"name\":\"Blog\",\"description\":\"Caule eco.l\u00f3gicos\",\"publisher\":{\"@id\":\"https:\\\/\\\/blog.caule.com.br\\\/blog-2\\\/#organization\"},\"potentialAction\":[{\"@type\":\"SearchAction\",\"target\":{\"@type\":\"EntryPoint\",\"urlTemplate\":\"https:\\\/\\\/blog.caule.com.br\\\/blog-2\\\/?s={search_term_string}\"},\"query-input\":{\"@type\":\"PropertyValueSpecification\",\"valueRequired\":true,\"valueName\":\"search_term_string\"}}],\"inLanguage\":\"pt-BR\"},{\"@type\":\"Organization\",\"@id\":\"https:\\\/\\\/blog.caule.com.br\\\/blog-2\\\/#organization\",\"name\":\"Caule eco.l\u00f3gicos\",\"url\":\"https:\\\/\\\/blog.caule.com.br\\\/blog-2\\\/\",\"logo\":{\"@type\":\"ImageObject\",\"inLanguage\":\"pt-BR\",\"@id\":\"https:\\\/\\\/blog.caule.com.br\\\/blog-2\\\/#\\\/schema\\\/logo\\\/image\\\/\",\"url\":\"https:\\\/\\\/blog.caule.com.br\\\/blog-2\\\/wp-content\\\/uploads\\\/2015\\\/07\\\/caule_horizontal_w90.png\",\"contentUrl\":\"https:\\\/\\\/blog.caule.com.br\\\/blog-2\\\/wp-content\\\/uploads\\\/2015\\\/07\\\/caule_horizontal_w90.png\",\"width\":213,\"height\":90,\"caption\":\"Caule eco.l\u00f3gicos\"},\"image\":{\"@id\":\"https:\\\/\\\/blog.caule.com.br\\\/blog-2\\\/#\\\/schema\\\/logo\\\/image\\\/\"},\"sameAs\":[\"https:\\\/\\\/www.facebook.com\\\/CauleDistribuidora\",\"https:\\\/\\\/www.instagram.com\\\/caule.eco.logicos\\\/\",\"https:\\\/\\\/br.pinterest.com\\\/cauleecologicos\\\/\",\"https:\\\/\\\/www.youtube.com\\\/cauleecologicos\"]},{\"@type\":\"Person\",\"@id\":\"https:\\\/\\\/blog.caule.com.br\\\/blog-2\\\/#\\\/schema\\\/person\\\/8da0d35def75a41f0bfc5549c0bef059\",\"name\":\"Janine Schmitz\",\"image\":{\"@type\":\"ImageObject\",\"inLanguage\":\"pt-BR\",\"@id\":\"https:\\\/\\\/secure.gravatar.com\\\/avatar\\\/b9c54b94c1bbbe36daed6c9b6c5db43cef19697831bab8a68d461c78586cfe7c?s=96&d=mm&r=g\",\"url\":\"https:\\\/\\\/secure.gravatar.com\\\/avatar\\\/b9c54b94c1bbbe36daed6c9b6c5db43cef19697831bab8a68d461c78586cfe7c?s=96&d=mm&r=g\",\"contentUrl\":\"https:\\\/\\\/secure.gravatar.com\\\/avatar\\\/b9c54b94c1bbbe36daed6c9b6c5db43cef19697831bab8a68d461c78586cfe7c?s=96&d=mm&r=g\",\"caption\":\"Janine Schmitz\"},\"url\":\"https:\\\/\\\/blog.caule.com.br\\\/blog-2\\\/author\\\/janineschmitz\\\/\"}]}<\/script>\n<!-- \/ Yoast SEO plugin. -->","yoast_head_json":{"title":"Protetor F\u00edsico vs. Qu\u00edmico: Qual \u00e9 o Melhor para Sua Pele? - Blog","description":"Uma d\u00favida comum \u00e9 sobre a escolha entre protetor f\u00edsico e qu\u00edmico. Suas composi\u00e7\u00f5es e formas de atua\u00e7\u00e3o s\u00e3o distintas, entenda agora!","robots":{"index":"index","follow":"follow","max-snippet":"max-snippet:-1","max-image-preview":"max-image-preview:large","max-video-preview":"max-video-preview:-1"},"canonical":"https:\/\/blog.caule.com.br\/blog-2\/2025\/protetor-fisico-vs-quimico-qual-e-o-melhor-para-sua-pele\/","og_locale":"pt_BR","og_type":"article","og_title":"Protetor F\u00edsico vs. Qu\u00edmico: Qual \u00e9 o Melhor para Sua Pele? - Blog","og_description":"Uma d\u00favida comum \u00e9 sobre a escolha entre protetor f\u00edsico e qu\u00edmico. Suas composi\u00e7\u00f5es e formas de atua\u00e7\u00e3o s\u00e3o distintas, entenda agora!","og_url":"https:\/\/blog.caule.com.br\/blog-2\/2025\/protetor-fisico-vs-quimico-qual-e-o-melhor-para-sua-pele\/","og_site_name":"Blog","article_publisher":"https:\/\/www.facebook.com\/CauleDistribuidora","article_published_time":"2025-07-03T19:38:44+00:00","article_modified_time":"2025-07-03T20:44:50+00:00","og_image":[{"width":1280,"height":720,"url":"https:\/\/blog.caule.com.br\/blog-2\/wp-content\/uploads\/2025\/06\/protetor-fisico-vs-quimico.jpg","type":"image\/jpeg"}],"author":"Janine Schmitz","twitter_card":"summary_large_image","twitter_misc":{"Escrito por":"Janine Schmitz","Est. tempo de leitura":"11 minutos"},"schema":{"@context":"https:\/\/schema.org","@graph":[{"@type":"Article","@id":"https:\/\/blog.caule.com.br\/blog-2\/2025\/protetor-fisico-vs-quimico-qual-e-o-melhor-para-sua-pele\/#article","isPartOf":{"@id":"https:\/\/blog.caule.com.br\/blog-2\/2025\/protetor-fisico-vs-quimico-qual-e-o-melhor-para-sua-pele\/"},"author":{"name":"Janine Schmitz","@id":"https:\/\/blog.caule.com.br\/blog-2\/#\/schema\/person\/8da0d35def75a41f0bfc5549c0bef059"},"headline":"Protetor F\u00edsico vs. Qu\u00edmico: Qual \u00e9 o Melhor para Sua Pele?","datePublished":"2025-07-03T19:38:44+00:00","dateModified":"2025-07-03T20:44:50+00:00","mainEntityOfPage":{"@id":"https:\/\/blog.caule.com.br\/blog-2\/2025\/protetor-fisico-vs-quimico-qual-e-o-melhor-para-sua-pele\/"},"wordCount":1724,"commentCount":0,"publisher":{"@id":"https:\/\/blog.caule.com.br\/blog-2\/#organization"},"image":{"@id":"https:\/\/blog.caule.com.br\/blog-2\/2025\/protetor-fisico-vs-quimico-qual-e-o-melhor-para-sua-pele\/#primaryimage"},"thumbnailUrl":"https:\/\/blog.caule.com.br\/blog-2\/wp-content\/uploads\/2025\/06\/protetor-fisico-vs-quimico.jpg","keywords":["prote\u00e7\u00e3o solar ayurveda","prote\u00e7\u00e3o solar natural","protetor fisico","protetor f\u00edsico natural","protetor f\u00edsico vegano","protetor solar f\u00edsico","protetor solar natural f\u00edsico","protetor solar vegano f\u00edsico","protetor solar vegano natural"],"articleSection":["Ayurveda","Consumo Consciente","Cosm\u00e9ticos Naturais","Cosm\u00e9ticos Veganos","Estilo de Vida Ecol\u00f3gico","Males dos Cosm\u00e9ticos Convencionais","Sa\u00fade e Beleza Integral"],"inLanguage":"pt-BR","potentialAction":[{"@type":"CommentAction","name":"Comment","target":["https:\/\/blog.caule.com.br\/blog-2\/2025\/protetor-fisico-vs-quimico-qual-e-o-melhor-para-sua-pele\/#respond"]}]},{"@type":"WebPage","@id":"https:\/\/blog.caule.com.br\/blog-2\/2025\/protetor-fisico-vs-quimico-qual-e-o-melhor-para-sua-pele\/","url":"https:\/\/blog.caule.com.br\/blog-2\/2025\/protetor-fisico-vs-quimico-qual-e-o-melhor-para-sua-pele\/","name":"Protetor F\u00edsico vs. Qu\u00edmico: Qual \u00e9 o Melhor para Sua Pele? - Blog","isPartOf":{"@id":"https:\/\/blog.caule.com.br\/blog-2\/#website"},"primaryImageOfPage":{"@id":"https:\/\/blog.caule.com.br\/blog-2\/2025\/protetor-fisico-vs-quimico-qual-e-o-melhor-para-sua-pele\/#primaryimage"},"image":{"@id":"https:\/\/blog.caule.com.br\/blog-2\/2025\/protetor-fisico-vs-quimico-qual-e-o-melhor-para-sua-pele\/#primaryimage"},"thumbnailUrl":"https:\/\/blog.caule.com.br\/blog-2\/wp-content\/uploads\/2025\/06\/protetor-fisico-vs-quimico.jpg","datePublished":"2025-07-03T19:38:44+00:00","dateModified":"2025-07-03T20:44:50+00:00","description":"Uma d\u00favida comum \u00e9 sobre a escolha entre protetor f\u00edsico e qu\u00edmico. Suas composi\u00e7\u00f5es e formas de atua\u00e7\u00e3o s\u00e3o distintas, entenda agora!","breadcrumb":{"@id":"https:\/\/blog.caule.com.br\/blog-2\/2025\/protetor-fisico-vs-quimico-qual-e-o-melhor-para-sua-pele\/#breadcrumb"},"inLanguage":"pt-BR","potentialAction":[{"@type":"ReadAction","target":["https:\/\/blog.caule.com.br\/blog-2\/2025\/protetor-fisico-vs-quimico-qual-e-o-melhor-para-sua-pele\/"]}]},{"@type":"ImageObject","inLanguage":"pt-BR","@id":"https:\/\/blog.caule.com.br\/blog-2\/2025\/protetor-fisico-vs-quimico-qual-e-o-melhor-para-sua-pele\/#primaryimage","url":"https:\/\/blog.caule.com.br\/blog-2\/wp-content\/uploads\/2025\/06\/protetor-fisico-vs-quimico.jpg","contentUrl":"https:\/\/blog.caule.com.br\/blog-2\/wp-content\/uploads\/2025\/06\/protetor-fisico-vs-quimico.jpg","width":1280,"height":720,"caption":"Protetor F\u00edsico vs. Qu\u00edmico"},{"@type":"BreadcrumbList","@id":"https:\/\/blog.caule.com.br\/blog-2\/2025\/protetor-fisico-vs-quimico-qual-e-o-melhor-para-sua-pele\/#breadcrumb","itemListElement":[{"@type":"ListItem","position":1,"name":"Home","item":"https:\/\/blog.caule.com.br\/blog-2\/"},{"@type":"ListItem","position":2,"name":"Protetor F\u00edsico vs. Qu\u00edmico: Qual \u00e9 o Melhor para Sua Pele?"}]},{"@type":"WebSite","@id":"https:\/\/blog.caule.com.br\/blog-2\/#website","url":"https:\/\/blog.caule.com.br\/blog-2\/","name":"Blog","description":"Caule eco.l\u00f3gicos","publisher":{"@id":"https:\/\/blog.caule.com.br\/blog-2\/#organization"},"potentialAction":[{"@type":"SearchAction","target":{"@type":"EntryPoint","urlTemplate":"https:\/\/blog.caule.com.br\/blog-2\/?s={search_term_string}"},"query-input":{"@type":"PropertyValueSpecification","valueRequired":true,"valueName":"search_term_string"}}],"inLanguage":"pt-BR"},{"@type":"Organization","@id":"https:\/\/blog.caule.com.br\/blog-2\/#organization","name":"Caule eco.l\u00f3gicos","url":"https:\/\/blog.caule.com.br\/blog-2\/","logo":{"@type":"ImageObject","inLanguage":"pt-BR","@id":"https:\/\/blog.caule.com.br\/blog-2\/#\/schema\/logo\/image\/","url":"https:\/\/blog.caule.com.br\/blog-2\/wp-content\/uploads\/2015\/07\/caule_horizontal_w90.png","contentUrl":"https:\/\/blog.caule.com.br\/blog-2\/wp-content\/uploads\/2015\/07\/caule_horizontal_w90.png","width":213,"height":90,"caption":"Caule eco.l\u00f3gicos"},"image":{"@id":"https:\/\/blog.caule.com.br\/blog-2\/#\/schema\/logo\/image\/"},"sameAs":["https:\/\/www.facebook.com\/CauleDistribuidora","https:\/\/www.instagram.com\/caule.eco.logicos\/","https:\/\/br.pinterest.com\/cauleecologicos\/","https:\/\/www.youtube.com\/cauleecologicos"]},{"@type":"Person","@id":"https:\/\/blog.caule.com.br\/blog-2\/#\/schema\/person\/8da0d35def75a41f0bfc5549c0bef059","name":"Janine Schmitz","image":{"@type":"ImageObject","inLanguage":"pt-BR","@id":"https:\/\/secure.gravatar.com\/avatar\/b9c54b94c1bbbe36daed6c9b6c5db43cef19697831bab8a68d461c78586cfe7c?s=96&d=mm&r=g","url":"https:\/\/secure.gravatar.com\/avatar\/b9c54b94c1bbbe36daed6c9b6c5db43cef19697831bab8a68d461c78586cfe7c?s=96&d=mm&r=g","contentUrl":"https:\/\/secure.gravatar.com\/avatar\/b9c54b94c1bbbe36daed6c9b6c5db43cef19697831bab8a68d461c78586cfe7c?s=96&d=mm&r=g","caption":"Janine Schmitz"},"url":"https:\/\/blog.caule.com.br\/blog-2\/author\/janineschmitz\/"}]}},"jetpack_featured_media_url":"https:\/\/blog.caule.com.br\/blog-2\/wp-content\/uploads\/2025\/06\/protetor-fisico-vs-quimico.jpg","jetpack_sharing_enabled":true,"_links":{"self":[{"href":"https:\/\/blog.caule.com.br\/blog-2\/wp-json\/wp\/v2\/posts\/10189","targetHints":{"allow":["GET"]}}],"collection":[{"href":"https:\/\/blog.caule.com.br\/blog-2\/wp-json\/wp\/v2\/posts"}],"about":[{"href":"https:\/\/blog.caule.com.br\/blog-2\/wp-json\/wp\/v2\/types\/post"}],"author":[{"embeddable":true,"href":"https:\/\/blog.caule.com.br\/blog-2\/wp-json\/wp\/v2\/users\/2"}],"replies":[{"embeddable":true,"href":"https:\/\/blog.caule.com.br\/blog-2\/wp-json\/wp\/v2\/comments?post=10189"}],"version-history":[{"count":14,"href":"https:\/\/blog.caule.com.br\/blog-2\/wp-json\/wp\/v2\/posts\/10189\/revisions"}],"predecessor-version":[{"id":10211,"href":"https:\/\/blog.caule.com.br\/blog-2\/wp-json\/wp\/v2\/posts\/10189\/revisions\/10211"}],"wp:featuredmedia":[{"embeddable":true,"href":"https:\/\/blog.caule.com.br\/blog-2\/wp-json\/wp\/v2\/media\/10192"}],"wp:attachment":[{"href":"https:\/\/blog.caule.com.br\/blog-2\/wp-json\/wp\/v2\/media?parent=10189"}],"wp:term":[{"taxonomy":"category","embeddable":true,"href":"https:\/\/blog.caule.com.br\/blog-2\/wp-json\/wp\/v2\/categories?post=10189"},{"taxonomy":"post_tag","embeddable":true,"href":"https:\/\/blog.caule.com.br\/blog-2\/wp-json\/wp\/v2\/tags?post=10189"}],"curies":[{"name":"wp","href":"https:\/\/api.w.org\/{rel}","templated":true}]}}